{"id":7210,"date":"2017-09-06T23:52:07","date_gmt":"2017-09-06T21:52:07","guid":{"rendered":"https:\/\/marekkuchcinski.pl\/?p=7210"},"modified":"2017-09-09T13:03:07","modified_gmt":"2017-09-09T11:03:07","slug":"premier-beata-szydlo-czlowiekiem-roku-2016","status":"publish","type":"post","link":"https:\/\/marekkuchcinski.pl\/hu\/wydarzenia\/premier-beata-szydlo-czlowiekiem-roku-2016\/","title":{"rendered":"Beata Szyd\u0142o minisztereln\u00f6k Az \u00e9v embere 2016-ban"},"content":{"rendered":"<p>A Krynicai Gazdas\u00e1gi F\u00f3rumon az \u00c9v embere d\u00edjat Beata Szyd\u0142o minisztereln\u00f6knek adt\u00e1k \u00e1t.<\/p>\n<p>- Ez a b\u00e1tors\u00e1g\u00e9rt j\u00e1r\u00f3 d\u00edj\" - mondta Marek Kuchci\u0144ski, a szejm eln\u00f6ke. - Wac\u0142aw Havel, Victor Orban vagy Jaros\u0142aw Kaczy\u0144ski tudt\u00e1k, hogy orsz\u00e1guknak v\u00e1ltoz\u00e1sokra van sz\u00fcks\u00e9ge, \u00e9s tudt\u00e1k, hogyan kell azokat v\u00e9grehajtani. Ez a b\u00e1tors\u00e1g \u00e9s a k\u00f6vetkezm\u00e9nyek jutalma, mert a korm\u00e1ny \u00e1ltal most v\u00e9grehajtott program f\u0151 kereteit 2014 elej\u00e9n alkott\u00e1k meg, 2015-ben csiszolt\u00e1k \u00e9s k\u00f6vetkezetesen v\u00e9grehajtott\u00e1k a mai napig... - \u00e9rvelt Kuchci\u0144ski.<\/p>\n<p>- \u00c9n csup\u00e1n a csapatkapit\u00e1nya vagyok annak a csapatnak, amelyik Lengyelorsz\u00e1got fogja megv\u00e1ltoztatni. Val\u00f3j\u00e1ban ez a d\u00edj mindenkinek sz\u00f3l: a koll\u00e9g\u00e1imnak, akik itt \u00fclnek a teremben, akik nap mint nap nagyon kem\u00e9nyen dolgoznak a korm\u00e1nyban, akik ezeket a projekteket \u00e9s programokat bevezetik\" - mondta Beata Szyd\u0142o minisztereln\u00f6k a d\u00edj \u00e1tv\u00e9telekor.<\/p>\n<p><em>Fot\u00f3: P. Kula, M. Olejnik<\/em><\/p>\n<p><a href=\"https:\/\/marekkuchcinski.pl\/wp-content\/uploads\/2017\/09\/KU190022.jpg\"><img fetchpriority=\"high\" decoding=\"async\" class=\"alignnone size-full wp-image-7211\" src=\"https:\/\/marekkuchcinski.pl\/wp-content\/uploads\/2017\/09\/KU190022.jpg\" alt=\"KU190022\" width=\"1800\" height=\"1200\" srcset=\"https:\/\/marekkuchcinski.pl\/wp-content\/uploads\/2017\/09\/KU190022.jpg 1800w, https:\/\/marekkuchcinski.pl\/wp-content\/uploads\/2017\/09\/KU190022-300x200.jpg 300w, https:\/\/marekkuchcinski.pl\/wp-content\/uploads\/2017\/09\/KU190022-768x512.jpg 768w, https:\/\/marekkuchcinski.pl\/wp-content\/uploads\/2017\/09\/KU190022-1024x683.jpg 1024w\" sizes=\"(max-width: 1800px) 100vw, 1800px\" \/><\/a> <a href=\"https:\/\/marekkuchcinski.pl\/wp-content\/uploads\/2017\/09\/KU190082.jpg\"><img decoding=\"async\" class=\"alignnone size-full wp-image-7212\" src=\"https:\/\/marekkuchcinski.pl\/wp-content\/uploads\/2017\/09\/KU190082.jpg\" alt=\"KU190082\" width=\"1800\" height=\"1200\" srcset=\"https:\/\/marekkuchcinski.pl\/wp-content\/uploads\/2017\/09\/KU190082.jpg 1800w, https:\/\/marekkuchcinski.pl\/wp-content\/uploads\/2017\/09\/KU190082-300x200.jpg 300w, https:\/\/marekkuchcinski.pl\/wp-content\/uploads\/2017\/09\/KU190082-768x512.jpg 768w, https:\/\/marekkuchcinski.pl\/wp-content\/uploads\/2017\/09\/KU190082-1024x683.jpg 1024w\" sizes=\"(max-width: 1800px) 100vw, 1800px\" \/><\/a> <a href=\"https:\/\/marekkuchcinski.pl\/wp-content\/uploads\/2017\/09\/KU190037-1.jpg\"><img decoding=\"async\" class=\"alignnone size-full wp-image-7213\" src=\"https:\/\/marekkuchcinski.pl\/wp-content\/uploads\/2017\/09\/KU190037-1.jpg\" alt=\"KU190037 (1)\" width=\"1800\" height=\"1200\" srcset=\"https:\/\/marekkuchcinski.pl\/wp-content\/uploads\/2017\/09\/KU190037-1.jpg 1800w, https:\/\/marekkuchcinski.pl\/wp-content\/uploads\/2017\/09\/KU190037-1-300x200.jpg 300w, https:\/\/marekkuchcinski.pl\/wp-content\/uploads\/2017\/09\/KU190037-1-768x512.jpg 768w, https:\/\/marekkuchcinski.pl\/wp-content\/uploads\/2017\/09\/KU190037-1-1024x683.jpg 1024w\" sizes=\"(max-width: 1800px) 100vw, 1800px\" \/><\/a> <a href=\"https:\/\/marekkuchcinski.pl\/wp-content\/uploads\/2017\/09\/KU190206.jpg\"><img loading=\"lazy\" decoding=\"async\" class=\"alignnone size-full wp-image-7214\" src=\"https:\/\/marekkuchcinski.pl\/wp-content\/uploads\/2017\/09\/KU190206.jpg\" alt=\"KU190206\" width=\"1800\" height=\"1200\" srcset=\"https:\/\/marekkuchcinski.pl\/wp-content\/uploads\/2017\/09\/KU190206.jpg 1800w, https:\/\/marekkuchcinski.pl\/wp-content\/uploads\/2017\/09\/KU190206-300x200.jpg 300w, https:\/\/marekkuchcinski.pl\/wp-content\/uploads\/2017\/09\/KU190206-768x512.jpg 768w, https:\/\/marekkuchcinski.pl\/wp-content\/uploads\/2017\/09\/KU190206-1024x683.jpg 1024w\" sizes=\"(max-width: 1800px) 100vw, 1800px\" \/><\/a><a href=\"https:\/\/marekkuchcinski.pl\/wp-content\/uploads\/2017\/09\/21557287_1628829767173339_914751906_o.jpg\"><img loading=\"lazy\" decoding=\"async\" class=\"alignnone size-full wp-image-7215\" src=\"https:\/\/marekkuchcinski.pl\/wp-content\/uploads\/2017\/09\/21557287_1628829767173339_914751906_o.jpg\" alt=\"21557287_1628829767173339_914751906_o\" width=\"2048\" height=\"1152\" srcset=\"https:\/\/marekkuchcinski.pl\/wp-content\/uploads\/2017\/09\/21557287_1628829767173339_914751906_o.jpg 2048w, https:\/\/marekkuchcinski.pl\/wp-content\/uploads\/2017\/09\/21557287_1628829767173339_914751906_o-300x169.jpg 300w, https:\/\/marekkuchcinski.pl\/wp-content\/uploads\/2017\/09\/21557287_1628829767173339_914751906_o-768x432.jpg 768w, https:\/\/marekkuchcinski.pl\/wp-content\/uploads\/2017\/09\/21557287_1628829767173339_914751906_o-1024x576.jpg 1024w\" sizes=\"(max-width: 2048px) 100vw, 2048px\" \/><\/a><\/p>","protected":false},"excerpt":{"rendered":"<p>Nagrod\u0119 Cz\u0142owieka Roku Forum Ekonomicznego w Krynicy otrzyma\u0142a premier Beata Szyd\u0142o. \u2013 Jest to nagroda za odwag\u0119 \u2013 powiedzia\u0142 marsza\u0142ek Sejmu Marek Kuchci\u0144ski. \u2013 Wac\u0142aw Havel, Victor Orban czy Jaros\u0142aw Kaczy\u0144ski wiedzieli, \u017ce ich pa\u0144stwa potrzebuj\u0105 zmian i wiedzieli, jak je realizowa\u0107. Jest to nagroda za odwag\u0119 i konsekwencje, bo g\u0142\u00f3wne zr\u0119by programu, jaki rz\u0105d [&hellip;]<\/p>\n","protected":false},"author":6,"featured_media":7215,"comment_status":"open","ping_status":"open","sticky":false,"template":"","format":"standard","meta":{"ngg_post_thumbnail":0,"footnotes":""},"categories":[78,82,3],"tags":[],"class_list":["post-7210","post","type-post","status-publish","format-standard","has-post-thumbnail","hentry","category-europa-karpat","category-prawo-i-sprawiedliwosc","category-wydarzenia"],"_links":{"self":[{"href":"https:\/\/marekkuchcinski.pl\/hu\/wp-json\/wp\/v2\/posts\/7210","targetHints":{"allow":["GET"]}}],"collection":[{"href":"https:\/\/marekkuchcinski.pl\/hu\/wp-json\/wp\/v2\/posts"}],"about":[{"href":"https:\/\/marekkuchcinski.pl\/hu\/wp-json\/wp\/v2\/types\/post"}],"author":[{"embeddable":true,"href":"https:\/\/marekkuchcinski.pl\/hu\/wp-json\/wp\/v2\/users\/6"}],"replies":[{"embeddable":true,"href":"https:\/\/marekkuchcinski.pl\/hu\/wp-json\/wp\/v2\/comments?post=7210"}],"version-history":[{"count":2,"href":"https:\/\/marekkuchcinski.pl\/hu\/wp-json\/wp\/v2\/posts\/7210\/revisions"}],"predecessor-version":[{"id":7217,"href":"https:\/\/marekkuchcinski.pl\/hu\/wp-json\/wp\/v2\/posts\/7210\/revisions\/7217"}],"wp:featuredmedia":[{"embeddable":true,"href":"https:\/\/marekkuchcinski.pl\/hu\/wp-json\/wp\/v2\/media\/7215"}],"wp:attachment":[{"href":"https:\/\/marekkuchcinski.pl\/hu\/wp-json\/wp\/v2\/media?parent=7210"}],"wp:term":[{"taxonomy":"category","embeddable":true,"href":"https:\/\/marekkuchcinski.pl\/hu\/wp-json\/wp\/v2\/categories?post=7210"},{"taxonomy":"post_tag","embeddable":true,"href":"https:\/\/marekkuchcinski.pl\/hu\/wp-json\/wp\/v2\/tags?post=7210"}],"curies":[{"name":"wp","href":"https:\/\/api.w.org\/{rel}","templated":true}]}}