{"id":7197,"date":"2017-09-09T11:39:03","date_gmt":"2017-09-09T09:39:03","guid":{"rendered":"https:\/\/marekkuchcinski.pl\/?p=7197"},"modified":"2017-09-12T07:51:47","modified_gmt":"2017-09-12T05:51:47","slug":"marszalek-sejmu-o-kodzie-genetycznym-polski-wegier","status":"publish","type":"post","link":"https:\/\/marekkuchcinski.pl\/hu\/wydarzenia\/marszalek-sejmu-o-kodzie-genetycznym-polski-wegier\/","title":{"rendered":"A szejm eln\u00f6ke a lengyel \u00e9s a magyar kultur\u00e1lis t\u00f6rv\u00e9nyk\u00f6nyvr\u0151l"},"content":{"rendered":"<p><strong>A t\u00f6rt\u00e9nelem sz\u00e1mos p\u00e9ld\u00e1ja meggy\u0151z minket arr\u00f3l, hogy a lengyelek \u00e9s a magyarok k\u00f6z\u00f6s kultur\u00e1lis k\u00f3ddal rendelkeznek - mondta Marek Kuchci\u0144ski G. Csaba professzor el\u0151l\u00e9ptet\u00e9s\u00e9n. Kiss \"Visegr\u00e1di rokons\u00e1g\" a krinicai gazdas\u00e1gi f\u00f3rumon.<\/strong><\/p>\n<p>A szejm marsallja felid\u00e9zett olyan momentumokat, mint a II. vil\u00e1gh\u00e1bor\u00faban a l\u00e9gi\u00f3s brig\u00e1d magyar r\u00e9sz\u00e9nek megtagad\u00e1sa, hogy a n\u00e9meteknek esk\u00fct tegyen, a bolsevikokkal v\u00edvott h\u00e1bor\u00fa, amikor a magyarokt\u00f3l kaptunk seg\u00edts\u00e9get \u00e9s l\u0151szert, ami n\u00e9lk\u00fcl nem siker\u00fclt volna, a II. vil\u00e1gh\u00e1bor\u00fa, amikor \u0151seink, hogy folytass\u00e1k a megsz\u00e1ll\u00f3 elleni f\u00f6ldalatti harcot, Magyarorsz\u00e1gon kereszt\u00fcl menek\u00fcltek, vagy Henryk Antall \u00e9s J\u00f3zef S\u0142awik alakj\u00e1t. A magyar korm\u00e1ny k\u00e9pvisel\u0151je \u00e9s egy lengyel egy\u00fcttm\u0171k\u00f6d\u00e9se r\u00e9v\u00e9n t\u00f6bb t\u00edzezer \u00e1llampolg\u00e1r menek\u00fclt meg. A lengyel-magyar kapcsolatok dics\u00e9retes p\u00e9ld\u00e1it is hozta az 1956-os \u00e9v - a pozna\u0144i felkel\u00e9s, a magyar felkel\u00e9s, a v\u00e9rad\u00e1s...<\/p>\n<p><em>Fot\u00f3: Pawe\u0142 Kula<\/em><\/p>\n<p><a href=\"https:\/\/marekkuchcinski.pl\/wp-content\/uploads\/2017\/09\/KU203411.jpg\"><img fetchpriority=\"high\" decoding=\"async\" class=\"alignnone size-full wp-image-7198\" src=\"https:\/\/marekkuchcinski.pl\/wp-content\/uploads\/2017\/09\/KU203411.jpg\" alt=\"KU203411\" width=\"2736\" height=\"1824\" srcset=\"https:\/\/marekkuchcinski.pl\/wp-content\/uploads\/2017\/09\/KU203411.jpg 2048w, https:\/\/marekkuchcinski.pl\/wp-content\/uploads\/2017\/09\/KU203411-300x200.jpg 300w, https:\/\/marekkuchcinski.pl\/wp-content\/uploads\/2017\/09\/KU203411-768x512.jpg 768w, https:\/\/marekkuchcinski.pl\/wp-content\/uploads\/2017\/09\/KU203411-1024x683.jpg 1024w\" sizes=\"(max-width: 2736px) 100vw, 2736px\" \/><\/a> <a href=\"https:\/\/marekkuchcinski.pl\/wp-content\/uploads\/2017\/09\/KU203469.jpg\"><img decoding=\"async\" class=\"alignnone size-full wp-image-7200\" src=\"https:\/\/marekkuchcinski.pl\/wp-content\/uploads\/2017\/09\/KU203469.jpg\" alt=\"KU203469\" width=\"2736\" height=\"1824\" srcset=\"https:\/\/marekkuchcinski.pl\/wp-content\/uploads\/2017\/09\/KU203469.jpg 2048w, https:\/\/marekkuchcinski.pl\/wp-content\/uploads\/2017\/09\/KU203469-300x200.jpg 300w, https:\/\/marekkuchcinski.pl\/wp-content\/uploads\/2017\/09\/KU203469-768x512.jpg 768w, https:\/\/marekkuchcinski.pl\/wp-content\/uploads\/2017\/09\/KU203469-1024x683.jpg 1024w\" sizes=\"(max-width: 2736px) 100vw, 2736px\" \/><\/a><a href=\"https:\/\/marekkuchcinski.pl\/wp-content\/uploads\/2017\/09\/KU203446.jpg\"><img decoding=\"async\" class=\"alignnone size-full wp-image-7201\" src=\"https:\/\/marekkuchcinski.pl\/wp-content\/uploads\/2017\/09\/KU203446.jpg\" alt=\"KU203446\" width=\"2736\" height=\"1824\" srcset=\"https:\/\/marekkuchcinski.pl\/wp-content\/uploads\/2017\/09\/KU203446.jpg 2048w, https:\/\/marekkuchcinski.pl\/wp-content\/uploads\/2017\/09\/KU203446-300x200.jpg 300w, https:\/\/marekkuchcinski.pl\/wp-content\/uploads\/2017\/09\/KU203446-768x512.jpg 768w, https:\/\/marekkuchcinski.pl\/wp-content\/uploads\/2017\/09\/KU203446-1024x683.jpg 1024w\" sizes=\"(max-width: 2736px) 100vw, 2736px\" \/><\/a><\/p>","protected":false},"excerpt":{"rendered":"<p>Liczne przyk\u0142ady z historii przekonuj\u0105 nas o tym, \u017ce Polacy i W\u0119grzy maj\u0105 wsp\u00f3lny kod kulturowy \u2013 m\u00f3wi\u0142 Marek Kuchci\u0144ski podczas promocji ksi\u0105\u017cki\u00a0profesora Csaba G. Kissa \u201ePowinowactwa\u00a0wyszehradzkie&#8221; w ramach Forum Ekonomicznego w Krynicy. Marsza\u0142ek Sejmu przypomnia\u0142 takie momenty jak odmowa przysi\u0119gi Niemcom poprzez w\u0119giersk\u0105 cz\u0119\u015b\u0107 brygady legionowej podczas II wojny \u015bwiatowej, wojn\u0119 z bolszewikami, gdy [&hellip;]<\/p>\n","protected":false},"author":6,"featured_media":7200,"comment_status":"open","ping_status":"open","sticky":false,"template":"","format":"standard","meta":{"ngg_post_thumbnail":0,"footnotes":""},"categories":[78,50,3],"tags":[],"class_list":["post-7197","post","type-post","status-publish","format-standard","has-post-thumbnail","hentry","category-europa-karpat","category-wspolpraca-miedzynarodowa","category-wydarzenia"],"_links":{"self":[{"href":"https:\/\/marekkuchcinski.pl\/hu\/wp-json\/wp\/v2\/posts\/7197","targetHints":{"allow":["GET"]}}],"collection":[{"href":"https:\/\/marekkuchcinski.pl\/hu\/wp-json\/wp\/v2\/posts"}],"about":[{"href":"https:\/\/marekkuchcinski.pl\/hu\/wp-json\/wp\/v2\/types\/post"}],"author":[{"embeddable":true,"href":"https:\/\/marekkuchcinski.pl\/hu\/wp-json\/wp\/v2\/users\/6"}],"replies":[{"embeddable":true,"href":"https:\/\/marekkuchcinski.pl\/hu\/wp-json\/wp\/v2\/comments?post=7197"}],"version-history":[{"count":7,"href":"https:\/\/marekkuchcinski.pl\/hu\/wp-json\/wp\/v2\/posts\/7197\/revisions"}],"predecessor-version":[{"id":7247,"href":"https:\/\/marekkuchcinski.pl\/hu\/wp-json\/wp\/v2\/posts\/7197\/revisions\/7247"}],"wp:featuredmedia":[{"embeddable":true,"href":"https:\/\/marekkuchcinski.pl\/hu\/wp-json\/wp\/v2\/media\/7200"}],"wp:attachment":[{"href":"https:\/\/marekkuchcinski.pl\/hu\/wp-json\/wp\/v2\/media?parent=7197"}],"wp:term":[{"taxonomy":"category","embeddable":true,"href":"https:\/\/marekkuchcinski.pl\/hu\/wp-json\/wp\/v2\/categories?post=7197"},{"taxonomy":"post_tag","embeddable":true,"href":"https:\/\/marekkuchcinski.pl\/hu\/wp-json\/wp\/v2\/tags?post=7197"}],"curies":[{"name":"wp","href":"https:\/\/api.w.org\/{rel}","templated":true}]}}