{"id":7171,"date":"2017-09-04T21:18:49","date_gmt":"2017-09-04T19:18:49","guid":{"rendered":"https:\/\/marekkuchcinski.pl\/?p=7171"},"modified":"2017-09-04T21:35:41","modified_gmt":"2017-09-04T19:35:41","slug":"doroczna-narada-ambasadorow","status":"publish","type":"post","link":"https:\/\/marekkuchcinski.pl\/hu\/wydarzenia\/doroczna-narada-ambasadorow\/","title":{"rendered":"A nagyk\u00f6vetek \u00e9ves tal\u00e1lkoz\u00f3ja"},"content":{"rendered":"<p>Marek Kuchci\u0144ski szejmeln\u00f6k tal\u00e1lkozott a lengyel nagyk\u00f6vetekkel. A Szejm elm\u00falt tizenk\u00e9t h\u00f3nap nemzetk\u00f6zi tev\u00e9kenys\u00e9g\u00e9r\u0151l sz\u00f3l\u00f3 t\u00e1j\u00e9koztat\u00f3t ismertetve megjegyezte a parlamenti diplom\u00e1cia n\u00f6vekv\u0151 jelent\u0151s\u00e9g\u00e9t. A szejm eln\u00f6ke felsorolta a projekteket, amelyek els\u0151sorban a region\u00e1lis egy\u00fcttm\u0171k\u00f6d\u00e9ssel \u00e9s a t\u00e1gan \u00e9rtelmezett biztons\u00e1g ter\u00fclet\u00e9nek b\u0151v\u00edt\u00e9s\u00e9vel kapcsolatosak a r\u00e9gi\u00f3ban \u00e9s Eur\u00f3p\u00e1ban.<\/p>\n<p>- A Lengyel K\u00f6zt\u00e1rsas\u00e1g Szejmje akt\u00edvan r\u00e9szt vesz a lengyel \u00e1llam k\u00fclpolitik\u00e1ja f\u0151 c\u00e9lkit\u0171z\u00e9seinek megval\u00f3s\u00edt\u00e1s\u00e1ban, kihaszn\u00e1lva a parlamenti diplom\u00e1cia ny\u00fajtotta lehet\u0151s\u00e9geket. El\u0151nye abban rejlik, hogy a tev\u00e9kenys\u00e9geket az \u00e1llami \u00e9s korm\u00e1nyzati szintr\u0151l a parlamenti \u00e9s t\u00e1rsadalmi szintre helyezi \u00e1t, ami aktiviz\u00e1lja a r\u00e9gi\u00f3k, a polg\u00e1rok \u00e9s a k\u00f6z\u00f6ss\u00e9gek energi\u00e1j\u00e1t \u00e9s r\u00e9szv\u00e9tel\u00e9t - mondta.  - Ezeket a tendenci\u00e1kat j\u00f3l p\u00e9ld\u00e1zza a visegr\u00e1di csoporton bel\u00fcl Lengyelorsz\u00e1g, a Cseh K\u00f6zt\u00e1rsas\u00e1g, Szlov\u00e1kia \u00e9s Magyarorsz\u00e1g k\u00f6z\u00f6tti egy\u00fcttm\u0171k\u00f6d\u00e9s. A korm\u00e1nyzati szinten kialak\u00edtott egy\u00fcttm\u0171k\u00f6d\u00e9s a parlamenti dimenzi\u00f3ban is fejl\u0151dik, ami k\u00fcl\u00f6n\u00f6sen nyilv\u00e1nval\u00f3 volt a k\u00e9pvisel\u0151csoport lengyel eln\u00f6ks\u00e9g\u00e9nek elm\u00falt 12 h\u00f3napja alatt.<\/p>\n<p>A V4-ek lengyel eln\u00f6ks\u00e9ge gazdag volt tal\u00e1lkoz\u00f3kban - az egyik legfontosabb a visegr\u00e1di orsz\u00e1gok parlamenti eln\u00f6keinek m\u00e1rciusi vars\u00f3i cs\u00facstal\u00e1lkoz\u00f3ja volt -, valamint a visegr\u00e1di k\u00f6z\u00f6ss\u00e9gek sz\u00e1m\u00e1ra kultur\u00e1lis, oktat\u00e1si \u00e9s kognit\u00edv jelleg\u0171 kezdem\u00e9nyez\u00e9sekben, mint p\u00e9ld\u00e1ul a visegr\u00e1di orsz\u00e1gok els\u0151 nemzetk\u00f6zi fest\u00e9szeti ki\u00e1ll\u00edt\u00e1sa, a VISEGRAD4ART vagy a \"Visegr\u00e1dt\u00f3l Visegr\u00e1dig\" c\u00edm\u0171 ki\u00e1ll\u00edt\u00e1s.<\/p>\n<p>Eml\u00edt\u00e9st \u00e9rdemel m\u00e9g a przemy\u015bli Visegr\u00e1di t\u00e9ren fel\u00e1ll\u00edtott obeliszk leleplez\u00e9se, valamint az a t\u00e9ny, hogy a visegr\u00e1di parlamentek eln\u00f6keinek v\u00e9dn\u00f6ks\u00e9ge alatt fontos sportesem\u00e9nyekre ker\u00fclt sor.<\/p>\n<p>Az eln\u00f6ks\u00e9g \u00e1tad\u00e1s\u00e1ra Krakk\u00f3ban ker\u00fclt sor. A t\u00f6rt\u00e9nelmi \u00f6r\u00f6ks\u00e9g, a jelen \u00e9s a j\u00f6v\u0151 k\u00f6z\u00f6tti folytonoss\u00e1got a przemy\u015bli \u00f6nt\u00f6d\u00e9ben \u00f6nt\u00f6tt visegr\u00e1di harang szimboliz\u00e1lta.<\/p>\n<p>A szejm eln\u00f6ke hangs\u00falyozta a Lengyelorsz\u00e1got \u00e9s Magyarorsz\u00e1got \u00f6sszek\u00f6t\u0151 k\u00fcl\u00f6nleges kapcsolatokat, amelyek a lengyel-magyar bar\u00e1ts\u00e1gi \u00e9v v\u00e9g\u00e9vel sem gyeng\u00fcltek.  - Szeretn\u00e9m megeml\u00edteni, hogy a strat\u00e9giai partners\u00e9gi meg\u00e1llapod\u00e1sok megk\u00f6t\u00e9se az egy\u00fcttm\u0171k\u00f6d\u00e9s egy magasabb szint\u0171 form\u00e1ja, amelyet azon orsz\u00e1gok parlamentjeire alkalmaznak, amelyekkel k\u00fcl\u00f6nleges kapcsolatokkal rendelkez\u00fcnk. Tervezz\u00fck, hogy a Visegr\u00e1di Csoport t\u00f6bbi parlamentj\u00e9vel is al\u00e1\u00edrunk ilyen meg\u00e1llapod\u00e1sokat. Ezt az egy\u00fcttm\u0171k\u00f6d\u00e9si form\u00e1t szeretn\u00e9nk kiterjeszteni m\u00e1s parlamentekre is\" - mondta Kuchci\u0144ski. - Region\u00e1lis tev\u00e9kenys\u00e9g\u00fcnk messze t\u00falmutat a visegr\u00e1di csoporton.  A Szejm k\u00e9t parlamenti cs\u00facstal\u00e1lkoz\u00f3t kezdem\u00e9nyezett \u00e9s rendezett - tavaly augusztusban a k\u00f6z\u00e9p- \u00e9s kelet-eur\u00f3pai parlamentek eln\u00f6keinek tal\u00e1lkoz\u00f3ja volt \"Szolidarit\u00e1s \u00e9s szuverenit\u00e1s\" c\u00edmmel, amelyen 11, az Eur\u00f3pai Uni\u00f3val szomsz\u00e9dos, de annak nem tagja orsz\u00e1g parlamentj\u00e9nek eln\u00f6ke vett r\u00e9szt. A m\u00e1sodik konferenci\u00e1ra id\u00e9n m\u00e1jus 17-18-\u00e1n ker\u00fclt sor Vars\u00f3ban, ez\u00fattal is a r\u00e9gi\u00f3 uni\u00f3s tagorsz\u00e1gainak r\u00e9szv\u00e9tel\u00e9vel, \u00e9s 23 parlament k\u00e9pvisel\u0151i vettek r\u00e9szt rajta. A kezdem\u00e9nyez\u00e9s h\u00e1tter\u00e9ben az a meggy\u0151z\u0151d\u00e9s \u00e1llt, hogy az egy\u00fcttm\u0171k\u00f6d\u00e9st valamennyi eur\u00f3pai orsz\u00e1g k\u00f6z\u00f6tt meg kell vitatni, f\u00fcggetlen\u00fcl a kontinensen val\u00f3 f\u00f6ldrajzi elhelyezked\u00e9s\u00fckt\u0151l \u00e9s a nemzetk\u00f6zi strukt\u00far\u00e1kban val\u00f3 r\u00e9szv\u00e9tel\u00fck szintj\u00e9t\u0151l.  Ezek a tal\u00e1lkoz\u00f3k az \u00e1llamok k\u00f6z\u00f6tti kapcsolatok elm\u00e9ly\u00edt\u00e9s\u00e9nek \u00e9s a region\u00e1lis egy\u00fcttm\u0171k\u00f6d\u00e9s er\u0151s\u00edt\u00e9s\u00e9nek platformj\u00e1t jelentett\u00e9k \u00e9s jelentik a j\u00f6v\u0151ben is. A r\u00e9sztvev\u0151 orsz\u00e1gok k\u00f6z\u00f6tt egyet\u00e9rt\u00e9s van abban, hogy a r\u00e9gi\u00f3 ereje er\u0151s\u00edti az egyes orsz\u00e1gok poz\u00edci\u00f3j\u00e1t, \u00e9s a r\u00e9gi\u00f3 erej\u00e9t az infrastruktur\u00e1lis projektek is er\u0151s\u00edtik, mint p\u00e9ld\u00e1ul a \"Via Carpatia\" projekt. - mondta.<\/p>\n<p>A szejm eln\u00f6ke tov\u00e1bbi kezdem\u00e9nyez\u00e9sek k\u00f6z\u00fcl kiemelte az Ukrajn\u00e1nak ny\u00fajtott t\u00e1mogat\u00e1st, valamint az eln\u00f6knek \u00e9s a k\u00fcl\u00fcgyminiszt\u00e9riumnak a lengyel-k\u00ednai kapcsolatok \u00fajranyit\u00e1s\u00e1val kapcsolatban ny\u00fajtott t\u00e1mogat\u00e1st.<\/p>\n<p>Marek Kuchci\u0144ski hangs\u00falyozta a projektek fontoss\u00e1g\u00e1t a k\u00e9toldal\u00fa egy\u00fcttm\u0171k\u00f6d\u00e9sben. Eml\u00e9keztetett a Szejm \u00e9s a Bundestag eln\u00f6ks\u00e9g\u00e9nek przemy\u015bli tal\u00e1lkoz\u00f3j\u00e1ra \u00e9s a krakk\u00f3i 5. lengyel-spanyol parlamenti f\u00f3rumra.  - Ami a n\u00e9met Bundestaggal val\u00f3 kapcsolatokat illeti, nem korl\u00e1toz\u00f3dunk a legmagasabb szint\u0171 kapcsolatokra, hiszen m\u00e1jusban Lengyelorsz\u00e1gba l\u00e1togatott a n\u00e9met-lengyel parlamenti csoport k\u00fcld\u00f6tts\u00e9ge is\" - mutatott r\u00e1 a h\u00e1zeln\u00f6k. - \u00c9ppen a k\u00e9toldal\u00fa csoportok egy\u00fcttm\u0171k\u00f6d\u00e9s\u00e9t tekintj\u00fck a parlamentk\u00f6zi kapcsolatok legintegr\u00e1l\u00f3bb \u00e9s legmegismer\u0151bb form\u00e1j\u00e1nak. Jelenleg 70 k\u00e9toldal\u00fa parlamenti egy\u00fcttm\u0171k\u00f6d\u00e9si csoport m\u0171k\u00f6dik a Szejmben, \u00e9s ez a folyamat kor\u00e1ntsem teljes\" - tette hozz\u00e1.<\/p>\n<p>A h\u00e1zeln\u00f6k eml\u00e9keztetett az uni\u00f3s parlamenti eln\u00f6k\u00f6k inform\u00e1lis tal\u00e1lkoz\u00f3ira, amelyeken r\u00e9szt vett Pozsonyban, valamint a norv\u00e9giai, lettorsz\u00e1gi \u00e9s t\u00f6r\u00f6korsz\u00e1gi l\u00e1togat\u00e1sokra. Sz\u00e1mos parlament eln\u00f6k\u00e9t is vend\u00e9g\u00fcl l\u00e1ttam, t\u00f6bbek k\u00f6z\u00f6tt Sv\u00e9dorsz\u00e1g, Rom\u00e1nia, Litv\u00e1nia, Szlov\u00e1kia, N\u00e9metorsz\u00e1g \u00e9s Lettorsz\u00e1g parlamentjeinek eln\u00f6keit.  - K\u00fcl\u00f6n\u00f6sen szeretn\u00e9m hangs\u00falyozni a Knesszet eln\u00f6k\u00e9nek lengyelorsz\u00e1gi l\u00e1togat\u00e1s\u00e1nak jelent\u0151s\u00e9g\u00e9t, a megbesz\u00e9l\u00e9seink fontoss\u00e1g\u00e1t \u00e9s a n\u00e9gy h\u0151s lengyel lesz\u00e1rmazottj\u00e1nak a Nemzetek Igaza \u00c9rdem\u00e9rem \u00fcnnep\u00e9lyes posztumusz \u00e1tad\u00e1s\u00e1t\" - mondta Kuchci\u0144ski.<\/p>\n<p>Kuchci\u0144ski szerint az \u00e1lland\u00f3 parlamenti k\u00fcld\u00f6tts\u00e9gek nagyon akt\u00edvak, bele\u00e9rtve a Szejm \u00e9s a Szen\u00e1tus k\u00fcld\u00f6tts\u00e9geit a parlamenti k\u00f6zgy\u0171l\u00e9seken: NATO, EBESZ, Eur\u00f3pa Tan\u00e1cs. Folytatjuk a v\u00e1laszt\u00e1sok megfigyel\u00e9s\u00e9t, mint p\u00e9ld\u00e1ul a tavalyi gr\u00faziai v\u00e1laszt\u00e1sok.<\/p>\n<p><a href=\"https:\/\/marekkuchcinski.pl\/wp-content\/uploads\/2017\/09\/RZ__0238.jpg\"><img fetchpriority=\"high\" decoding=\"async\" class=\"alignnone size-full wp-image-7172\" src=\"https:\/\/marekkuchcinski.pl\/wp-content\/uploads\/2017\/09\/RZ__0238.jpg\" alt=\"RZ__0238\" width=\"3360\" height=\"2240\" srcset=\"https:\/\/marekkuchcinski.pl\/wp-content\/uploads\/2017\/09\/RZ__0238.jpg 2048w, https:\/\/marekkuchcinski.pl\/wp-content\/uploads\/2017\/09\/RZ__0238-300x200.jpg 300w, https:\/\/marekkuchcinski.pl\/wp-content\/uploads\/2017\/09\/RZ__0238-768x512.jpg 768w, https:\/\/marekkuchcinski.pl\/wp-content\/uploads\/2017\/09\/RZ__0238-1024x683.jpg 1024w\" sizes=\"(max-width: 3360px) 100vw, 3360px\" \/><\/a> <a href=\"https:\/\/marekkuchcinski.pl\/wp-content\/uploads\/2017\/09\/RZ__0126.jpg\"><img decoding=\"async\" class=\"alignnone size-full wp-image-7173\" src=\"https:\/\/marekkuchcinski.pl\/wp-content\/uploads\/2017\/09\/RZ__0126.jpg\" alt=\"RZ__0126\" width=\"3360\" height=\"2240\" srcset=\"https:\/\/marekkuchcinski.pl\/wp-content\/uploads\/2017\/09\/RZ__0126.jpg 2048w, https:\/\/marekkuchcinski.pl\/wp-content\/uploads\/2017\/09\/RZ__0126-300x200.jpg 300w, https:\/\/marekkuchcinski.pl\/wp-content\/uploads\/2017\/09\/RZ__0126-768x512.jpg 768w, https:\/\/marekkuchcinski.pl\/wp-content\/uploads\/2017\/09\/RZ__0126-1024x683.jpg 1024w\" sizes=\"(max-width: 3360px) 100vw, 3360px\" \/><\/a> <a href=\"https:\/\/marekkuchcinski.pl\/wp-content\/uploads\/2017\/09\/RZ__0106.jpg\"><img decoding=\"async\" class=\"alignnone size-full wp-image-7174\" src=\"https:\/\/marekkuchcinski.pl\/wp-content\/uploads\/2017\/09\/RZ__0106.jpg\" alt=\"RZ__0106\" width=\"2835\" height=\"1890\" srcset=\"https:\/\/marekkuchcinski.pl\/wp-content\/uploads\/2017\/09\/RZ__0106.jpg 2048w, https:\/\/marekkuchcinski.pl\/wp-content\/uploads\/2017\/09\/RZ__0106-300x200.jpg 300w, https:\/\/marekkuchcinski.pl\/wp-content\/uploads\/2017\/09\/RZ__0106-768x512.jpg 768w, https:\/\/marekkuchcinski.pl\/wp-content\/uploads\/2017\/09\/RZ__0106-1024x683.jpg 1024w\" sizes=\"(max-width: 2835px) 100vw, 2835px\" \/><\/a> <a href=\"https:\/\/marekkuchcinski.pl\/wp-content\/uploads\/2017\/09\/RZ__0059.jpg\"><img loading=\"lazy\" decoding=\"async\" class=\"alignnone size-full wp-image-7175\" src=\"https:\/\/marekkuchcinski.pl\/wp-content\/uploads\/2017\/09\/RZ__0059.jpg\" alt=\"RZ__0059\" width=\"2835\" height=\"1890\" srcset=\"https:\/\/marekkuchcinski.pl\/wp-content\/uploads\/2017\/09\/RZ__0059.jpg 2048w, https:\/\/marekkuchcinski.pl\/wp-content\/uploads\/2017\/09\/RZ__0059-300x200.jpg 300w, https:\/\/marekkuchcinski.pl\/wp-content\/uploads\/2017\/09\/RZ__0059-768x512.jpg 768w, https:\/\/marekkuchcinski.pl\/wp-content\/uploads\/2017\/09\/RZ__0059-1024x683.jpg 1024w\" sizes=\"(max-width: 2835px) 100vw, 2835px\" \/><\/a><\/p>","protected":false},"excerpt":{"rendered":"<p>Marsza\u0142ek Sejmu Marek Kuchci\u0144ski spotka\u0142 si\u0119 z ambasadorami RP. Przedstawiaj\u0105c informacj\u0119 nt. mi\u0119dzynarodowej dzia\u0142alno\u015bci Sejmu w ci\u0105gu ostatnich dwunastu miesi\u0119cy, zwraca\u0142 uwag\u0119 na coraz wi\u0119ksze znaczenie\u00a0dyplomacji parlamentarnej. Marsza\u0142ek Sejmu wymieni\u0142 projekty, g\u0142\u00f3wnie odnosz\u0105ce si\u0119 do wsp\u00f3\u0142pracy regionalnej i poszerzaj\u0105ce\u00a0 obszary szeroko rozumianego bezpiecze\u0144stwa w regionie i\u00a0Europie. \u2013 Sejm RP aktywnie uczestniczy w realizacji g\u0142\u00f3wnych cel\u00f3w [&hellip;]<\/p>\n","protected":false},"author":6,"featured_media":7180,"comment_status":"open","ping_status":"open","sticky":false,"template":"","format":"standard","meta":{"ngg_post_thumbnail":0,"footnotes":""},"categories":[81,50,3],"tags":[],"class_list":["post-7171","post","type-post","status-publish","format-standard","has-post-thumbnail","hentry","category-wiesci-z-sejmu","category-wspolpraca-miedzynarodowa","category-wydarzenia"],"_links":{"self":[{"href":"https:\/\/marekkuchcinski.pl\/hu\/wp-json\/wp\/v2\/posts\/7171","targetHints":{"allow":["GET"]}}],"collection":[{"href":"https:\/\/marekkuchcinski.pl\/hu\/wp-json\/wp\/v2\/posts"}],"about":[{"href":"https:\/\/marekkuchcinski.pl\/hu\/wp-json\/wp\/v2\/types\/post"}],"author":[{"embeddable":true,"href":"https:\/\/marekkuchcinski.pl\/hu\/wp-json\/wp\/v2\/users\/6"}],"replies":[{"embeddable":true,"href":"https:\/\/marekkuchcinski.pl\/hu\/wp-json\/wp\/v2\/comments?post=7171"}],"version-history":[{"count":3,"href":"https:\/\/marekkuchcinski.pl\/hu\/wp-json\/wp\/v2\/posts\/7171\/revisions"}],"predecessor-version":[{"id":7179,"href":"https:\/\/marekkuchcinski.pl\/hu\/wp-json\/wp\/v2\/posts\/7171\/revisions\/7179"}],"wp:featuredmedia":[{"embeddable":true,"href":"https:\/\/marekkuchcinski.pl\/hu\/wp-json\/wp\/v2\/media\/7180"}],"wp:attachment":[{"href":"https:\/\/marekkuchcinski.pl\/hu\/wp-json\/wp\/v2\/media?parent=7171"}],"wp:term":[{"taxonomy":"category","embeddable":true,"href":"https:\/\/marekkuchcinski.pl\/hu\/wp-json\/wp\/v2\/categories?post=7171"},{"taxonomy":"post_tag","embeddable":true,"href":"https:\/\/marekkuchcinski.pl\/hu\/wp-json\/wp\/v2\/tags?post=7171"}],"curies":[{"name":"wp","href":"https:\/\/api.w.org\/{rel}","templated":true}]}}