{"id":7119,"date":"2017-08-26T19:04:50","date_gmt":"2017-08-26T17:04:50","guid":{"rendered":"https:\/\/marekkuchcinski.pl\/?p=7119"},"modified":"2017-08-26T19:15:17","modified_gmt":"2017-08-26T17:15:17","slug":"obchody-300-lecia-koronacji-cudownego-obrazu-matki-bozej-czestochowskiej","status":"publish","type":"post","link":"https:\/\/marekkuchcinski.pl\/hu\/wydarzenia\/obchody-300-lecia-koronacji-cudownego-obrazu-matki-bozej-czestochowskiej\/","title":{"rendered":"A czestochowai Sz\u0171zanya csodat\u00e9v\u0151 k\u00e9p\u00e9nek megkoron\u00e1z\u00e1s\u00e1nak 300. \u00e9vfordul\u00f3j\u00e1t \u00fcnnepelj\u00fck"},"content":{"rendered":"<p><strong>Jasna G\u00f3r\u00e1ban a h\u00edvek ma \u00fcnnepelt\u00e9k a Sz\u0171zanya megkoron\u00e1z\u00e1s\u00e1nak 300. \u00e9vfordul\u00f3j\u00e1t. Cz\u0119stochow\u00e1ba \u00e9rkezett t\u00f6bbek k\u00f6z\u00f6tt az eln\u00f6k, a szejm eln\u00f6ke, a szen\u00e1tus eln\u00f6ke \u00e9s a minisztereln\u00f6k.<\/strong><\/p>\n<p>A lengyeleknek sz\u00f3l\u00f3 \u00fczenetet Ferenc Szentatya, a hom\u00edli\u00e1t Wojciech Polak lengyel pr\u00edm\u00e1s \u00e9rsek mondta. - A Jasna G\u00f3ra-i Sz\u0171zanya \u00e9s Krisztus szerepe a nemzet t\u00f6rt\u00e9nelm\u00e9nek d\u00f6nt\u0151 pillanataiban rendk\u00edv\u00fcl fontos\" - mondta Stanis\u0142aw G\u0105decki \u00e9rsek, a p\u00fcsp\u00f6ki kar eln\u00f6ke.<\/p>\n<p>A szejm \u00e1ltal 2016 december\u00e9ben elfogadott hat\u00e1rozat eml\u00e9keztet arra, hogy 2017. szeptember 8-\u00e1n lesz a Czestochowai Sz\u0171zanya ikonja Lengyelorsz\u00e1g kir\u00e1lyn\u0151j\u00e9v\u00e9 koron\u00e1z\u00e1s\u00e1nak 300. \u00e9vfordul\u00f3ja, amelyet XI. Kelemen p\u00e1pa koron\u00e1zott meg. Jasna G\u00f3ra csod\u00e1latos v\u00e9delme ut\u00e1n a sv\u00e9d \u00e1rv\u00edz idej\u00e9n - 1656. \u00e1prilis 1-j\u00e9n - J\u00e1nos K\u00e1zm\u00e9r kir\u00e1ly a lvovi sz\u00e9kesegyh\u00e1zban letett fogadalm\u00e1t k\u00f6vet\u0151en a Lengyel K\u00f6zt\u00e1rsas\u00e1got az \u00e1ltala Lengyelorsz\u00e1g kir\u00e1lyn\u0151j\u00e9v\u00e9 v\u00e1lasztott Istenanya gondjaira \u00e9s v\u00e9delm\u00e9re b\u00edzta.<\/p>\n<p>A kir\u00e1lyi fogadalom teljes\u00edt\u00e9s\u00e9re azonban 1717-ig kellett v\u00e1rni. A Szentsz\u00e9k d\u00f6nt\u00e9se alapj\u00e1n enged\u00e9lyezt\u00e9k, hogy a Madonn\u00e1t - mint els\u0151 R\u00f3m\u00e1n k\u00edv\u00fclit - p\u00e1pai diad\u00e9mmal koron\u00e1zz\u00e1k meg, \u00e9s a Lengyel Korona Kir\u00e1lyn\u0151je c\u00edmet haszn\u00e1lhassa.<\/p>\n<p>\"A koron\u00e1z\u00e1si szertart\u00e1s egyes\u00edtette az \u00f6sszes \u00e1llamot, \u00e9s a hit orsz\u00e1gos megnyilv\u00e1nul\u00e1sa volt. A M\u00e1ri\u00e1t Lengyelorsz\u00e1g kir\u00e1lyn\u0151jek\u00e9nt elismer\u0151 aktus a nemzeti felkel\u00e9sek, a szabads\u00e1g eszm\u00e9j\u00e9nek kialakul\u00e1sa \u00e9s a lelki \u00fajj\u00e1sz\u00fclet\u00e9s rem\u00e9ny\u00e9nek hivatkoz\u00e1si pontj\u00e1v\u00e1 v\u00e1lt\" - hangs\u00falyozta az \u00e1ll\u00e1sfoglal\u00e1s.<\/p>\n<p>A dokumentum szerint a Jasna G\u00f3ra-i Istenanya k\u00e9pe, amelyet t\u00f6bb mint 600 \u00e9ve tisztelnek, az egyik legfontosabb vall\u00e1si \u00e9s anyagi nemzeti kincs. Jasna G\u00f3ra, mint Lengyelorsz\u00e1g spiritu\u00e1lis f\u0151v\u00e1rosa, a kultusz \u00e9s a zar\u00e1ndoklat f\u0151 k\u00f6zpontja lengyel f\u00f6ld\u00f6n.<\/p>\n<p>Ez\u00e9rt a Lengyel K\u00f6zt\u00e1rsas\u00e1g Szejmje - \"meggy\u0151z\u0151dve a M\u00e1ria-kultusz k\u00fcl\u00f6nleges jelent\u0151s\u00e9g\u00e9r\u0151l haz\u00e1nk sz\u00e1m\u00e1ra, nemcsak vall\u00e1si, hanem t\u00e1rsadalmi, hazafias \u00e9s kultur\u00e1lis szempontb\u00f3l is\" - 2017-et a Czestochowai Sz\u0171zanya k\u00e9pm\u00e1sa megkoron\u00e1z\u00e1s\u00e1nak 300. \u00e9vfordul\u00f3ja \u00e9v\u00e9nek nyilv\u00e1n\u00edtja.<\/p>\n<p><em>Sz\u00f6veg: Lengyel P\u00fcsp\u00f6ki Konferencia KAI<\/em><\/p>\n<p><a href=\"https:\/\/marekkuchcinski.pl\/wp-content\/uploads\/2017\/08\/KU195477.jpg\"><img fetchpriority=\"high\" decoding=\"async\" class=\"alignnone size-full wp-image-7123\" src=\"https:\/\/marekkuchcinski.pl\/wp-content\/uploads\/2017\/08\/KU195477.jpg\" alt=\"KU195477\" width=\"800\" height=\"532\" srcset=\"https:\/\/marekkuchcinski.pl\/wp-content\/uploads\/2017\/08\/KU195477.jpg 800w, https:\/\/marekkuchcinski.pl\/wp-content\/uploads\/2017\/08\/KU195477-300x200.jpg 300w, https:\/\/marekkuchcinski.pl\/wp-content\/uploads\/2017\/08\/KU195477-768x511.jpg 768w\" sizes=\"(max-width: 800px) 100vw, 800px\" \/><\/a> <a href=\"https:\/\/marekkuchcinski.pl\/wp-content\/uploads\/2017\/08\/KU195575.jpg\"><img decoding=\"async\" class=\"alignnone size-full wp-image-7122\" src=\"https:\/\/marekkuchcinski.pl\/wp-content\/uploads\/2017\/08\/KU195575.jpg\" alt=\"KU195575\" width=\"800\" height=\"534\" srcset=\"https:\/\/marekkuchcinski.pl\/wp-content\/uploads\/2017\/08\/KU195575.jpg 800w, https:\/\/marekkuchcinski.pl\/wp-content\/uploads\/2017\/08\/KU195575-300x200.jpg 300w, https:\/\/marekkuchcinski.pl\/wp-content\/uploads\/2017\/08\/KU195575-768x513.jpg 768w\" sizes=\"(max-width: 800px) 100vw, 800px\" \/><\/a><a href=\"https:\/\/marekkuchcinski.pl\/wp-content\/uploads\/2017\/08\/KU195950.jpg\"><img decoding=\"async\" class=\"alignnone size-full wp-image-7124\" src=\"https:\/\/marekkuchcinski.pl\/wp-content\/uploads\/2017\/08\/KU195950.jpg\" alt=\"KU195950\" width=\"800\" height=\"534\" srcset=\"https:\/\/marekkuchcinski.pl\/wp-content\/uploads\/2017\/08\/KU195950.jpg 800w, https:\/\/marekkuchcinski.pl\/wp-content\/uploads\/2017\/08\/KU195950-300x200.jpg 300w, https:\/\/marekkuchcinski.pl\/wp-content\/uploads\/2017\/08\/KU195950-768x513.jpg 768w\" sizes=\"(max-width: 800px) 100vw, 800px\" \/><\/a> <a href=\"https:\/\/marekkuchcinski.pl\/wp-content\/uploads\/2017\/08\/KU196033-1.jpg\"><img loading=\"lazy\" decoding=\"async\" class=\"alignnone size-full wp-image-7125\" src=\"https:\/\/marekkuchcinski.pl\/wp-content\/uploads\/2017\/08\/KU196033-1.jpg\" alt=\"KU196033\" width=\"800\" height=\"534\" srcset=\"https:\/\/marekkuchcinski.pl\/wp-content\/uploads\/2017\/08\/KU196033-1.jpg 800w, https:\/\/marekkuchcinski.pl\/wp-content\/uploads\/2017\/08\/KU196033-1-300x200.jpg 300w, https:\/\/marekkuchcinski.pl\/wp-content\/uploads\/2017\/08\/KU196033-1-768x513.jpg 768w\" sizes=\"(max-width: 800px) 100vw, 800px\" \/><\/a> <a href=\"https:\/\/marekkuchcinski.pl\/wp-content\/uploads\/2017\/08\/KU196123.jpg\"><img loading=\"lazy\" decoding=\"async\" class=\"alignnone size-full wp-image-7126\" src=\"https:\/\/marekkuchcinski.pl\/wp-content\/uploads\/2017\/08\/KU196123.jpg\" alt=\"KU196123\" width=\"800\" height=\"534\" srcset=\"https:\/\/marekkuchcinski.pl\/wp-content\/uploads\/2017\/08\/KU196123.jpg 800w, https:\/\/marekkuchcinski.pl\/wp-content\/uploads\/2017\/08\/KU196123-300x200.jpg 300w, https:\/\/marekkuchcinski.pl\/wp-content\/uploads\/2017\/08\/KU196123-768x513.jpg 768w\" sizes=\"(max-width: 800px) 100vw, 800px\" \/><\/a> <a href=\"https:\/\/marekkuchcinski.pl\/wp-content\/uploads\/2017\/08\/KU196390.jpg\"><img loading=\"lazy\" decoding=\"async\" class=\"alignnone size-full wp-image-7127\" src=\"https:\/\/marekkuchcinski.pl\/wp-content\/uploads\/2017\/08\/KU196390.jpg\" alt=\"KU196390\" width=\"800\" height=\"534\" srcset=\"https:\/\/marekkuchcinski.pl\/wp-content\/uploads\/2017\/08\/KU196390.jpg 800w, https:\/\/marekkuchcinski.pl\/wp-content\/uploads\/2017\/08\/KU196390-300x200.jpg 300w, https:\/\/marekkuchcinski.pl\/wp-content\/uploads\/2017\/08\/KU196390-768x513.jpg 768w\" sizes=\"(max-width: 800px) 100vw, 800px\" \/><\/a> <a href=\"https:\/\/marekkuchcinski.pl\/wp-content\/uploads\/2017\/08\/KU196385-1.jpg\"><img loading=\"lazy\" decoding=\"async\" class=\"alignnone size-full wp-image-7128\" src=\"https:\/\/marekkuchcinski.pl\/wp-content\/uploads\/2017\/08\/KU196385-1.jpg\" alt=\"KU196385\" width=\"800\" height=\"534\" srcset=\"https:\/\/marekkuchcinski.pl\/wp-content\/uploads\/2017\/08\/KU196385-1.jpg 800w, https:\/\/marekkuchcinski.pl\/wp-content\/uploads\/2017\/08\/KU196385-1-300x200.jpg 300w, https:\/\/marekkuchcinski.pl\/wp-content\/uploads\/2017\/08\/KU196385-1-768x513.jpg 768w\" sizes=\"(max-width: 800px) 100vw, 800px\" \/><\/a> <a href=\"https:\/\/marekkuchcinski.pl\/wp-content\/uploads\/2017\/08\/KU195931.jpg\"><img loading=\"lazy\" decoding=\"async\" class=\"alignnone size-full wp-image-7129\" src=\"https:\/\/marekkuchcinski.pl\/wp-content\/uploads\/2017\/08\/KU195931.jpg\" alt=\"KU195931\" width=\"2736\" height=\"1824\" srcset=\"https:\/\/marekkuchcinski.pl\/wp-content\/uploads\/2017\/08\/KU195931.jpg 2048w, https:\/\/marekkuchcinski.pl\/wp-content\/uploads\/2017\/08\/KU195931-300x200.jpg 300w, https:\/\/marekkuchcinski.pl\/wp-content\/uploads\/2017\/08\/KU195931-768x512.jpg 768w, https:\/\/marekkuchcinski.pl\/wp-content\/uploads\/2017\/08\/KU195931-1024x683.jpg 1024w\" sizes=\"(max-width: 2736px) 100vw, 2736px\" \/><\/a><\/p>","protected":false},"excerpt":{"rendered":"<p>Na Jasnej G\u00f3rze wierni \u015bwi\u0119towali\u00a0dzi\u015b 300. rocznic\u0119\u00a0 koronacji Matki Bo\u017cej. Do Cz\u0119stochowy przybyli m.in. prezydent, marsza\u0142ek Sejmu, marsza\u0142ek Senatu i premier. Przes\u0142anie do Polak\u00f3w skierowa\u0142 Ojciec \u015awi\u0119ty Franciszek, homili\u0119 wyg\u0142osi\u0142 prymas Polski abp Wojciech Polak. \u2013 Rola Matki Bo\u017cej z Jasnej G\u00f3ry i rola Chrystusa w newralgicznych momentach dziej\u00f3w narodu jest niezwykle wa\u017cna \u2013 powiedzia\u0142 [&hellip;]<\/p>\n","protected":false},"author":6,"featured_media":7123,"comment_status":"open","ping_status":"open","sticky":false,"template":"","format":"standard","meta":{"ngg_post_thumbnail":0,"footnotes":""},"categories":[82,77,3],"tags":[],"class_list":["post-7119","post","type-post","status-publish","format-standard","has-post-thumbnail","hentry","category-prawo-i-sprawiedliwosc","category-wazne-daty","category-wydarzenia"],"_links":{"self":[{"href":"https:\/\/marekkuchcinski.pl\/hu\/wp-json\/wp\/v2\/posts\/7119","targetHints":{"allow":["GET"]}}],"collection":[{"href":"https:\/\/marekkuchcinski.pl\/hu\/wp-json\/wp\/v2\/posts"}],"about":[{"href":"https:\/\/marekkuchcinski.pl\/hu\/wp-json\/wp\/v2\/types\/post"}],"author":[{"embeddable":true,"href":"https:\/\/marekkuchcinski.pl\/hu\/wp-json\/wp\/v2\/users\/6"}],"replies":[{"embeddable":true,"href":"https:\/\/marekkuchcinski.pl\/hu\/wp-json\/wp\/v2\/comments?post=7119"}],"version-history":[{"count":4,"href":"https:\/\/marekkuchcinski.pl\/hu\/wp-json\/wp\/v2\/posts\/7119\/revisions"}],"predecessor-version":[{"id":7133,"href":"https:\/\/marekkuchcinski.pl\/hu\/wp-json\/wp\/v2\/posts\/7119\/revisions\/7133"}],"wp:featuredmedia":[{"embeddable":true,"href":"https:\/\/marekkuchcinski.pl\/hu\/wp-json\/wp\/v2\/media\/7123"}],"wp:attachment":[{"href":"https:\/\/marekkuchcinski.pl\/hu\/wp-json\/wp\/v2\/media?parent=7119"}],"wp:term":[{"taxonomy":"category","embeddable":true,"href":"https:\/\/marekkuchcinski.pl\/hu\/wp-json\/wp\/v2\/categories?post=7119"},{"taxonomy":"post_tag","embeddable":true,"href":"https:\/\/marekkuchcinski.pl\/hu\/wp-json\/wp\/v2\/tags?post=7119"}],"curies":[{"name":"wp","href":"https:\/\/api.w.org\/{rel}","templated":true}]}}