{"id":7105,"date":"2017-08-16T20:26:08","date_gmt":"2017-08-16T18:26:08","guid":{"rendered":"https:\/\/marekkuchcinski.pl\/?p=7105"},"modified":"2017-08-23T10:04:38","modified_gmt":"2017-08-23T08:04:38","slug":"swieto-wojska-polskiego-udzialem-najwyzszych-wladz-panstwowych","status":"publish","type":"post","link":"https:\/\/marekkuchcinski.pl\/hu\/wydarzenia\/swieto-wojska-polskiego-udzialem-najwyzszych-wladz-panstwowych\/","title":{"rendered":"A lengyel hadsereg napja a legmagasabb \u00e1llami szervek r\u00e9szv\u00e9tel\u00e9vel"},"content":{"rendered":"<p dir=\"ltr\">Marek Kuchci\u0144ski, a szejm eln\u00f6ke r\u00e9szt vett a lengyel hadsereg napj\u00e1nak k\u00f6zponti \u00fcnneps\u00e9g\u00e9n. R\u00e9szt vett t\u00f6bbek k\u00f6z\u00f6tt Andrzej Duda eln\u00f6k \u00e9s feles\u00e9ge, Stanis\u0142aw Karczewski szen\u00e1tusi marsall, Beata Szyd\u0142o minisztereln\u00f6k, valamint miniszterek \u00e9s parlamenti k\u00e9pvisel\u0151k is.<\/p>\n<p dir=\"ltr\"><em>Sz\u00e1munkra, lengyelek sz\u00e1m\u00e1ra 97 \u00e9ve augusztus 15-e a nagy lengyel gy\u0151zelem, a k\u00f6zt\u00e1rsas\u00e1g nagys\u00e1g\u00e1nak, a lengyel fegyver nagys\u00e1g\u00e1nak \u00e9s a mi nemzet\u00fcnk nagys\u00e1g\u00e1nak a napja, amelyre mindannyian m\u00e9rhetetlen\u00fcl b\u00fcszk\u00e9k vagyunk.<\/em>\u00a0- Andrzej Duda eln\u00f6k a r\u00e9sztvev\u0151kh\u00f6z sz\u00f3lt.\u00a0<em>Ekkor mindenki egy\u00fctt \u00e1llt, f\u00fcggetlen\u00fcl a politikai n\u00e9zetek \u00e9s a strat\u00e9giai helyzetre vonatkoz\u00f3 n\u00e9zetek \u00e9s saj\u00e1t amb\u00edci\u00f3ik k\u00f6z\u00f6tti k\u00fcl\u00f6nbs\u00e9gekt\u0151l.<\/em>\u00a0- tette hozz\u00e1 az \u00e1llamf\u0151.<\/p>\n<p dir=\"ltr\"><em>A lengyel hat\u00f3s\u00e1gok mindent megtesznek annak \u00e9rdek\u00e9ben, hogy a lengyel hadsereg mai ig\u00e9nyeit kiel\u00e9g\u00edts\u00e9k.<\/em>\u00a0- biztos\u00edtotta a katon\u00e1kat Andrzej Duda, a fegyveres er\u0151k vezet\u0151je.\u00a0<em>Meggy\u0151z\u0151d\u00e9sem, hogy Lengyelorsz\u00e1gban minden politikus - a ma hatalmon l\u00e9v\u0151k \u00e9s az ellenz\u00e9kiek egyar\u00e1nt - meg\u00e9rtik, hogy a legfontosabb dolog a k\u00f6zj\u00f3 - a Lengyel K\u00f6zt\u00e1rsas\u00e1g, amelynek a lengyel hadsereg is r\u00e9sze.<\/em>\u00a0- tette hozz\u00e1 az eln\u00f6k.<\/p>\n<p dir=\"ltr\">A Belvedere el\u0151tti \u00fcnneps\u00e9geket a sz\u00fcl\u0151f\u00f6ld\u00e9rt tartott szentmise el\u0151zte meg, amelyen r\u00e9szt vett Marek Kuchci\u0144ski, a szejm eln\u00f6ke is. A liturgi\u00e1n r\u00e9szt vett az eln\u00f6k \u00e9s feles\u00e9ge, a szen\u00e1tus marsallja \u00e9s a nemzetv\u00e9delmi miniszter is.<\/p>\n<p dir=\"ltr\">Koszor\u00fakat helyeztek el az Ismeretlen katona s\u00edrj\u00e1n\u00e1l \u00e9s a Pi\u0142sudski t\u00e9ren l\u00e9v\u0151 J\u00f3zef Pi\u0142sudski marsall eml\u00e9km\u0171v\u00e9n\u00e9l.<\/p>\n<p dir=\"ltr\">A lengyel hadsereg napj\u00e1t augusztus 15-\u00e9n \u00fcnneplik, hogy megeml\u00e9kezzenek az 1920-as h\u00e1bor\u00faban gy\u0151ztes vars\u00f3i csat\u00e1r\u00f3l. A Szejm 1992. j\u00falius 30-i t\u00f6rv\u00e9nye vezette be.<\/p>\n<p dir=\"ltr\"><a href=\"https:\/\/marekkuchcinski.pl\/wp-content\/uploads\/2017\/08\/KU194887.jpg\"><img fetchpriority=\"high\" decoding=\"async\" class=\"alignnone size-full wp-image-7106\" src=\"https:\/\/marekkuchcinski.pl\/wp-content\/uploads\/2017\/08\/KU194887.jpg\" alt=\"KU194887\" width=\"588\" height=\"392\" srcset=\"https:\/\/marekkuchcinski.pl\/wp-content\/uploads\/2017\/08\/KU194887.jpg 588w, https:\/\/marekkuchcinski.pl\/wp-content\/uploads\/2017\/08\/KU194887-300x200.jpg 300w\" sizes=\"(max-width: 588px) 100vw, 588px\" \/><\/a><a href=\"https:\/\/marekkuchcinski.pl\/wp-content\/uploads\/2017\/08\/KU195279.jpg\"><img decoding=\"async\" class=\"alignnone size-full wp-image-7107\" src=\"https:\/\/marekkuchcinski.pl\/wp-content\/uploads\/2017\/08\/KU195279.jpg\" alt=\"KU195279\" width=\"800\" height=\"534\" srcset=\"https:\/\/marekkuchcinski.pl\/wp-content\/uploads\/2017\/08\/KU195279.jpg 800w, https:\/\/marekkuchcinski.pl\/wp-content\/uploads\/2017\/08\/KU195279-300x200.jpg 300w, https:\/\/marekkuchcinski.pl\/wp-content\/uploads\/2017\/08\/KU195279-768x513.jpg 768w\" sizes=\"(max-width: 800px) 100vw, 800px\" \/><\/a> <a href=\"https:\/\/marekkuchcinski.pl\/wp-content\/uploads\/2017\/08\/KU194615.jpg\"><img decoding=\"async\" class=\"alignnone size-full wp-image-7108\" src=\"https:\/\/marekkuchcinski.pl\/wp-content\/uploads\/2017\/08\/KU194615.jpg\" alt=\"KU194615\" width=\"800\" height=\"534\" srcset=\"https:\/\/marekkuchcinski.pl\/wp-content\/uploads\/2017\/08\/KU194615.jpg 800w, https:\/\/marekkuchcinski.pl\/wp-content\/uploads\/2017\/08\/KU194615-300x200.jpg 300w, https:\/\/marekkuchcinski.pl\/wp-content\/uploads\/2017\/08\/KU194615-768x513.jpg 768w\" sizes=\"(max-width: 800px) 100vw, 800px\" \/><\/a> <a href=\"https:\/\/marekkuchcinski.pl\/wp-content\/uploads\/2017\/08\/KU194729.jpg\"><img loading=\"lazy\" decoding=\"async\" class=\"alignnone size-full wp-image-7109\" src=\"https:\/\/marekkuchcinski.pl\/wp-content\/uploads\/2017\/08\/KU194729.jpg\" alt=\"KU194729\" width=\"800\" height=\"535\" srcset=\"https:\/\/marekkuchcinski.pl\/wp-content\/uploads\/2017\/08\/KU194729.jpg 800w, https:\/\/marekkuchcinski.pl\/wp-content\/uploads\/2017\/08\/KU194729-300x201.jpg 300w, https:\/\/marekkuchcinski.pl\/wp-content\/uploads\/2017\/08\/KU194729-768x514.jpg 768w\" sizes=\"(max-width: 800px) 100vw, 800px\" \/><\/a> <a href=\"https:\/\/marekkuchcinski.pl\/wp-content\/uploads\/2017\/08\/KU194784.jpg\"><img loading=\"lazy\" decoding=\"async\" class=\"alignnone size-full wp-image-7110\" src=\"https:\/\/marekkuchcinski.pl\/wp-content\/uploads\/2017\/08\/KU194784.jpg\" alt=\"KU194784\" width=\"800\" height=\"534\" srcset=\"https:\/\/marekkuchcinski.pl\/wp-content\/uploads\/2017\/08\/KU194784.jpg 800w, https:\/\/marekkuchcinski.pl\/wp-content\/uploads\/2017\/08\/KU194784-300x200.jpg 300w, https:\/\/marekkuchcinski.pl\/wp-content\/uploads\/2017\/08\/KU194784-768x513.jpg 768w\" sizes=\"(max-width: 800px) 100vw, 800px\" \/><\/a><a href=\"https:\/\/marekkuchcinski.pl\/wp-content\/uploads\/2017\/08\/KU193167.jpg\"><img loading=\"lazy\" decoding=\"async\" class=\"alignnone size-full wp-image-7111\" src=\"https:\/\/marekkuchcinski.pl\/wp-content\/uploads\/2017\/08\/KU193167.jpg\" alt=\"KU193167\" width=\"2736\" height=\"1824\" srcset=\"https:\/\/marekkuchcinski.pl\/wp-content\/uploads\/2017\/08\/KU193167.jpg 2048w, https:\/\/marekkuchcinski.pl\/wp-content\/uploads\/2017\/08\/KU193167-300x200.jpg 300w, https:\/\/marekkuchcinski.pl\/wp-content\/uploads\/2017\/08\/KU193167-768x512.jpg 768w, https:\/\/marekkuchcinski.pl\/wp-content\/uploads\/2017\/08\/KU193167-1024x683.jpg 1024w\" sizes=\"(max-width: 2736px) 100vw, 2736px\" \/><\/a><a href=\"https:\/\/marekkuchcinski.pl\/wp-content\/uploads\/2017\/08\/20769939_1954998911382995_6526556696376610619_n.jpg\"><img loading=\"lazy\" decoding=\"async\" class=\"alignnone size-full wp-image-7112\" src=\"https:\/\/marekkuchcinski.pl\/wp-content\/uploads\/2017\/08\/20769939_1954998911382995_6526556696376610619_n.jpg\" alt=\"20769939_1954998911382995_6526556696376610619_n\" width=\"800\" height=\"534\" srcset=\"https:\/\/marekkuchcinski.pl\/wp-content\/uploads\/2017\/08\/20769939_1954998911382995_6526556696376610619_n.jpg 800w, https:\/\/marekkuchcinski.pl\/wp-content\/uploads\/2017\/08\/20769939_1954998911382995_6526556696376610619_n-300x200.jpg 300w, https:\/\/marekkuchcinski.pl\/wp-content\/uploads\/2017\/08\/20769939_1954998911382995_6526556696376610619_n-768x513.jpg 768w\" sizes=\"(max-width: 800px) 100vw, 800px\" \/><\/a> <a href=\"https:\/\/marekkuchcinski.pl\/wp-content\/uploads\/2017\/08\/20882663_1955161528033400_1606746084404491678_n.jpg\"><img loading=\"lazy\" decoding=\"async\" class=\"alignnone size-full wp-image-7113\" src=\"https:\/\/marekkuchcinski.pl\/wp-content\/uploads\/2017\/08\/20882663_1955161528033400_1606746084404491678_n.jpg\" alt=\"20882663_1955161528033400_1606746084404491678_n\" width=\"800\" height=\"534\" srcset=\"https:\/\/marekkuchcinski.pl\/wp-content\/uploads\/2017\/08\/20882663_1955161528033400_1606746084404491678_n.jpg 800w, https:\/\/marekkuchcinski.pl\/wp-content\/uploads\/2017\/08\/20882663_1955161528033400_1606746084404491678_n-300x200.jpg 300w, https:\/\/marekkuchcinski.pl\/wp-content\/uploads\/2017\/08\/20882663_1955161528033400_1606746084404491678_n-768x513.jpg 768w\" sizes=\"(max-width: 800px) 100vw, 800px\" \/><\/a><\/p>","protected":false},"excerpt":{"rendered":"<p>Marsza\u0142ek Sejmu Marek Kuchci\u0144ski wzi\u0105\u0142 udzia\u0142 w centralnych obchodach \u015awi\u0119ta Wojska Polskiego. Uczestniczyli w nich tak\u017ce m.in. prezydent Andrzej Duda wraz z ma\u0142\u017conk\u0105, marsza\u0142ek Senatu Stanis\u0142aw Karczewski, premier Beata Szyd\u0142o oraz ministrowie i parlamentarzy\u015bci. Dla nas Polak\u00f3w od 97 lat 15 sierpnia jest \u015bwi\u0119tem wielkiego polskiego zwyci\u0119stwa, wielko\u015bci Rzeczypospolitej, wielko\u015bci polskiego or\u0119\u017ca i wielko\u015bci nas [&hellip;]<\/p>\n","protected":false},"author":6,"featured_media":7106,"comment_status":"open","ping_status":"open","sticky":false,"template":"","format":"standard","meta":{"ngg_post_thumbnail":0,"footnotes":""},"categories":[77,3],"tags":[],"class_list":["post-7105","post","type-post","status-publish","format-standard","has-post-thumbnail","hentry","category-wazne-daty","category-wydarzenia"],"_links":{"self":[{"href":"https:\/\/marekkuchcinski.pl\/hu\/wp-json\/wp\/v2\/posts\/7105","targetHints":{"allow":["GET"]}}],"collection":[{"href":"https:\/\/marekkuchcinski.pl\/hu\/wp-json\/wp\/v2\/posts"}],"about":[{"href":"https:\/\/marekkuchcinski.pl\/hu\/wp-json\/wp\/v2\/types\/post"}],"author":[{"embeddable":true,"href":"https:\/\/marekkuchcinski.pl\/hu\/wp-json\/wp\/v2\/users\/6"}],"replies":[{"embeddable":true,"href":"https:\/\/marekkuchcinski.pl\/hu\/wp-json\/wp\/v2\/comments?post=7105"}],"version-history":[{"count":1,"href":"https:\/\/marekkuchcinski.pl\/hu\/wp-json\/wp\/v2\/posts\/7105\/revisions"}],"predecessor-version":[{"id":7115,"href":"https:\/\/marekkuchcinski.pl\/hu\/wp-json\/wp\/v2\/posts\/7105\/revisions\/7115"}],"wp:featuredmedia":[{"embeddable":true,"href":"https:\/\/marekkuchcinski.pl\/hu\/wp-json\/wp\/v2\/media\/7106"}],"wp:attachment":[{"href":"https:\/\/marekkuchcinski.pl\/hu\/wp-json\/wp\/v2\/media?parent=7105"}],"wp:term":[{"taxonomy":"category","embeddable":true,"href":"https:\/\/marekkuchcinski.pl\/hu\/wp-json\/wp\/v2\/categories?post=7105"},{"taxonomy":"post_tag","embeddable":true,"href":"https:\/\/marekkuchcinski.pl\/hu\/wp-json\/wp\/v2\/tags?post=7105"}],"curies":[{"name":"wp","href":"https:\/\/api.w.org\/{rel}","templated":true}]}}