{"id":7035,"date":"2017-08-05T22:30:31","date_gmt":"2017-08-05T20:30:31","guid":{"rendered":"https:\/\/marekkuchcinski.pl\/?p=7035"},"modified":"2017-08-06T07:54:08","modified_gmt":"2017-08-06T05:54:08","slug":"marszalek-sejmu-wiedniu-musimy-tlumaczyc-kolejnym-pokoleniom-europejczykow-ze-polskie-wojska-przeszlosci-wahaly-sie-ginac-wspolne-chrzescijanskie-wartosci","status":"publish","type":"post","link":"https:\/\/marekkuchcinski.pl\/hu\/wydarzenia\/marszalek-sejmu-wiedniu-musimy-tlumaczyc-kolejnym-pokoleniom-europejczykow-ze-polskie-wojska-przeszlosci-wahaly-sie-ginac-wspolne-chrzescijanskie-wartosci\/","title":{"rendered":"A b\u00e9csi Szejm eln\u00f6ke: El kell magyar\u00e1znunk a j\u00f6v\u0151 eur\u00f3pai nemzed\u00e9keinek, hogy a lengyel katon\u00e1k a m\u00faltban nem haboztak meghalni a k\u00f6z\u00f6s kereszt\u00e9ny \u00e9rt\u00e9kek\u00e9rt."},"content":{"rendered":"<p><strong>A husz\u00e1rok m\u00e9g mindig \u0151rk\u00f6dnek B\u00e9cs felett. Az eg\u00e9sz Eur\u00f3pa szabads\u00e1g\u00e1t megment\u0151 gy\u0151zelem napj\u00e1n lobog\u00f3 feh\u00e9r \u00e9s v\u00f6r\u00f6s z\u00e1szl\u00f3k m\u00e9g ma is inspir\u00e1lj\u00e1k a lengyelek egym\u00e1st k\u00f6vet\u0151 gener\u00e1ci\u00f3it.<\/strong><\/p>\n<p>Az eur\u00f3pai t\u00f6rt\u00e9nelem egyik legnagyobb katonai \u00e9s politikai sikere volt III. Sobieski J\u00e1nos b\u00e9csi diadala. Husz\u00e1raink akkoriban \u00e1ll\u00edtott\u00e1k meg a t\u00f6r\u00f6k inv\u00e1zi\u00f3 \u00e1radat\u00e1t. Lengyelorsz\u00e1g azonban m\u00e9g mindig k\u00fczd az\u00e9rt, hogy m\u00e9lt\u00f3s\u00e1ggal \u00e1polja ezt a szimb\u00f3lumot, \u00e9s hogy felid\u00e9zze a Kahlenbergben t\u00f6rt\u00e9nteket.<\/p>\n<p>1683. szeptember 12-\u00e9n egy egyes\u00edtett lengyel \u00e9s osztr\u00e1k-n\u00e9met hadsereg III. J\u00e1nos Sobieski lengyel kir\u00e1ly parancsnoks\u00e1ga alatt legy\u0151zte a B\u00e9cset ostroml\u00f3 t\u00f6r\u00f6k sereget, amelyet Kara Musztafa nagyvez\u00edr vezetett. A gy\u0151zelemben jelent\u0151s szerepet j\u00e1tszott a lengyel husz\u00e1roknak a Kahlenberg-hegyr\u0151l v\u00e9grehajtott t\u00e1mad\u00e1sa. A kereszt\u00e9ny Eur\u00f3pa, amely az iszl\u00e1m betolakod\u00f3k ellen v\u00e9dekezett, fell\u00e9legezhetett. \"Venimus, vidimus et Deus vicit\" (J\u00f6tt\u00fcnk, l\u00e1ttunk \u00e9s Isten gy\u0151z\u00f6tt) - \u00edrta a lengyel kir\u00e1ly XI. Innocentus p\u00e1p\u00e1nak, elk\u00fcldve a pr\u00f3f\u00e9ta elfogott z\u00e1szlaj\u00e1t.<\/p>\n<p>K\u00f6teless\u00e9g\u00fcnk, hogy folyamatosan eml\u00e9keztess\u00fck az embereket ezekre az esem\u00e9nyekre \u00e9s h\u0151seikre. J\u00e1nos P\u00e1l p\u00e1p\u00e1t k\u00f6vetve, aki tisztelgett Kahlenberg el\u0151tt, 2001-ben a lengyel parlament hat\u00e1rozatot fogadott el a Kahlenberg Nemzeti Alap\u00edtv\u00e1nyr\u00f3l, amelynek c\u00e9lja t\u00f6bbek k\u00f6z\u00f6tt a lengyel Szent J\u00f3zsef-templom fenntart\u00e1s\u00e1nak el\u0151seg\u00edt\u00e9se. A 17. sz\u00e1zadban \u00e9p\u00fclt, \u00e9s eredetileg a kamalduli rendhez tartozott. A templomot 1683-ban a tat\u00e1rok lerombolt\u00e1k. A b\u00e9csi csata el\u0151tt Marco d'Aviano szentmis\u00e9t celebr\u00e1lt a hegyen, amelyen III. J\u00e1nos kir\u00e1ly is r\u00e9szt vett. A csata ut\u00e1n a templomot \u00fajj\u00e1\u00e9p\u00edtett\u00e9k, de t\u00f6rt\u00e9nete bonyolult volt, \u00e9s a nap\u00f3leoni h\u00e1bor\u00fak idej\u00e9n ism\u00e9t elpusztult, hogy azt\u00e1n ism\u00e9t visszanyerje f\u00e9ny\u00e9t. 1906 \u00f3ta a Lengyel Felt\u00e1mad\u00e1si Rend gondozza.<\/p>\n<p>A Szejm hat\u00e1rozata meger\u0151s\u00edti, hogy Kahlenberg a lengyelek sz\u00e1m\u00e1ra a gy\u0151zelem, a rem\u00e9ny, a hit \u00e9s a szabads\u00e1gszeretet egyed\u00fcl\u00e1ll\u00f3 szimb\u00f3luma. Lengyelorsz\u00e1g hat\u00e1rain t\u00fal a hazaszeretet nemzeti szent\u00e9lye, amely egyes\u00edti a lengyeleket belf\u00f6ld\u00f6n \u00e9s k\u00fclf\u00f6ld\u00f6n egyar\u00e1nt. Ez\u00e9rt ezt a helyet k\u00fcl\u00f6n\u00f6s gonddal kell kezelni \u00e9s meg\u0151rizni a j\u00f6v\u0151 nemzed\u00e9kek sz\u00e1m\u00e1ra.<\/p>\n<p>2017. augusztus 5. Marek Kuchci\u0144ski, a Szejm eln\u00f6ke tal\u00e1lkozott Roman Krekora aty\u00e1val, a Szent J\u00f3zsef-templom rektor\u00e1val.<\/p>\n<p>- Ez egy csod\u00e1latos darab lengyel f\u00f6ld, a b\u00fcszke t\u00f6rt\u00e9nelem nyoma, a kereszt\u00e9nys\u00e9g szempontj\u00e1b\u00f3l is rendk\u00edv\u00fcl fontos hely\" - magyar\u00e1zta a rektor.<\/p>\n<p>- Kahlenbergnek eg\u00e9sz Eur\u00f3pa sz\u00e1m\u00e1ra is fontos szent\u00e9lynek kell lennie, amely sokat k\u00f6sz\u00f6nhet a lengyel fegyver vit\u00e9zs\u00e9g\u00e9nek. El kell magyar\u00e1znunk az eur\u00f3paiak k\u00f6vetkez\u0151 gener\u00e1ci\u00f3inak, hogy a m\u00faltban a lengyel katon\u00e1k nem haboztak meghalni a k\u00f6z\u00f6s kereszt\u00e9ny \u00e9rt\u00e9kek\u00e9rt\" - magyar\u00e1zza Kuchci\u0144ski marsall, \u00e9s egy\u00fattal kijelenti, hogy szem\u00e9lyesen t\u00e1mogatja a Kahlenberg Nemzeti Alap\u00edtv\u00e1ny n\u00e9pszer\u0171s\u00edt\u00e9s\u00e9t.<\/p>\n<p><a href=\"https:\/\/marekkuchcinski.pl\/wp-content\/uploads\/2017\/08\/Uchwa\u0142a-w-sprawie-Narodowej-Fundacji-na-rzecz-Kahlenbergu.pdf\">\u00c1ll\u00e1sfoglal\u00e1s a Kahlenberg Nemzeti Alap\u00edtv\u00e1nyr\u00f3l<\/a><\/p>\n<p><em>sz\u00f6veg: M. Olejnik<\/em><\/p>\n<p><a href=\"https:\/\/marekkuchcinski.pl\/wp-content\/uploads\/2017\/08\/M-par.-K.jpg\"><img fetchpriority=\"high\" decoding=\"async\" class=\"alignnone size-full wp-image-7036\" src=\"https:\/\/marekkuchcinski.pl\/wp-content\/uploads\/2017\/08\/M-par.-K.jpg\" alt=\"M par. K\" width=\"720\" height=\"960\" srcset=\"https:\/\/marekkuchcinski.pl\/wp-content\/uploads\/2017\/08\/M-par.-K.jpg 720w, https:\/\/marekkuchcinski.pl\/wp-content\/uploads\/2017\/08\/M-par.-K-225x300.jpg 225w\" sizes=\"(max-width: 720px) 100vw, 720px\" \/><\/a><\/p>\n<p><em>A Kahlenbergen a Szent J\u00f3zsef-templom el\u0151tt Marian Krekora rektorral<\/em><\/p>\n<p><a href=\"https:\/\/marekkuchcinski.pl\/wp-content\/uploads\/2017\/08\/IMG_3069.jpg\"><img decoding=\"async\" class=\"alignnone size-full wp-image-7044\" src=\"https:\/\/marekkuchcinski.pl\/wp-content\/uploads\/2017\/08\/IMG_3069.jpg\" alt=\"IMG_3069\" width=\"800\" height=\"600\" srcset=\"https:\/\/marekkuchcinski.pl\/wp-content\/uploads\/2017\/08\/IMG_3069.jpg 800w, https:\/\/marekkuchcinski.pl\/wp-content\/uploads\/2017\/08\/IMG_3069-300x225.jpg 300w, https:\/\/marekkuchcinski.pl\/wp-content\/uploads\/2017\/08\/IMG_3069-768x576.jpg 768w\" sizes=\"(max-width: 800px) 100vw, 800px\" \/><\/a><\/p>\n<p><em>A templom homlokzat\u00e1n, t\u00e1bl\u00e1k balr\u00f3l: Sobieski III J\u00e1nos, II J\u00e1nos P\u00e1l, J\u00f3zef Pi\u0142sudski.<\/em><\/p>\n<p>&nbsp;<\/p>","protected":false},"excerpt":{"rendered":"<p>Husaria wci\u0105\u017c czuwa nad Wiedniem.\u00a0Bia\u0142o-czerwone flagi powiewaj\u0105ce w dzie\u0144 triumfu, kt\u00f3ry uratowa\u0142 wolno\u015b\u0107 ca\u0142ej Europy, do dzi\u015b inspiruj\u0105 kolejne pokolenia Polak\u00f3w. Jednym z najwi\u0119kszych militarnych i politycznych sukces\u00f3w w historii Europy by\u0142 triumf Jana III Sobieskiego pod Wiedniem. W\u00f3wczas nasza husaria zatrzyma\u0142a zalew tureckiej nawa\u0142y. Polska wci\u0105\u017c walczy jednak, by ten symbol godnie piel\u0119gnowa\u0107 i [&hellip;]<\/p>\n","protected":false},"author":6,"featured_media":7043,"comment_status":"open","ping_status":"open","sticky":false,"template":"","format":"standard","meta":{"ngg_post_thumbnail":0,"footnotes":""},"categories":[81,50,3],"tags":[117,113,118,115,88,116,114],"class_list":["post-7035","post","type-post","status-publish","format-standard","has-post-thumbnail","hentry","category-wiesci-z-sejmu","category-wspolpraca-miedzynarodowa","category-wydarzenia","tag-bitwa-pod-wiedniem","tag-husaria","tag-jan-iii-sobieski","tag-kahlenberg","tag-marszalek-sejmu","tag-odsiecz-wiedenska","tag-plazynski"],"_links":{"self":[{"href":"https:\/\/marekkuchcinski.pl\/hu\/wp-json\/wp\/v2\/posts\/7035","targetHints":{"allow":["GET"]}}],"collection":[{"href":"https:\/\/marekkuchcinski.pl\/hu\/wp-json\/wp\/v2\/posts"}],"about":[{"href":"https:\/\/marekkuchcinski.pl\/hu\/wp-json\/wp\/v2\/types\/post"}],"author":[{"embeddable":true,"href":"https:\/\/marekkuchcinski.pl\/hu\/wp-json\/wp\/v2\/users\/6"}],"replies":[{"embeddable":true,"href":"https:\/\/marekkuchcinski.pl\/hu\/wp-json\/wp\/v2\/comments?post=7035"}],"version-history":[{"count":8,"href":"https:\/\/marekkuchcinski.pl\/hu\/wp-json\/wp\/v2\/posts\/7035\/revisions"}],"predecessor-version":[{"id":7049,"href":"https:\/\/marekkuchcinski.pl\/hu\/wp-json\/wp\/v2\/posts\/7035\/revisions\/7049"}],"wp:featuredmedia":[{"embeddable":true,"href":"https:\/\/marekkuchcinski.pl\/hu\/wp-json\/wp\/v2\/media\/7043"}],"wp:attachment":[{"href":"https:\/\/marekkuchcinski.pl\/hu\/wp-json\/wp\/v2\/media?parent=7035"}],"wp:term":[{"taxonomy":"category","embeddable":true,"href":"https:\/\/marekkuchcinski.pl\/hu\/wp-json\/wp\/v2\/categories?post=7035"},{"taxonomy":"post_tag","embeddable":true,"href":"https:\/\/marekkuchcinski.pl\/hu\/wp-json\/wp\/v2\/tags?post=7035"}],"curies":[{"name":"wp","href":"https:\/\/api.w.org\/{rel}","templated":true}]}}