{"id":7028,"date":"2017-08-01T21:27:07","date_gmt":"2017-08-01T19:27:07","guid":{"rendered":"https:\/\/marekkuchcinski.pl\/?p=7028"},"modified":"2017-08-01T21:38:31","modified_gmt":"2017-08-01T19:38:31","slug":"marszalek-sejmu-oddal-hold-polskim-lotnikom","status":"publish","type":"post","link":"https:\/\/marekkuchcinski.pl\/hu\/wydarzenia\/marszalek-sejmu-oddal-hold-polskim-lotnikom\/","title":{"rendered":"A szejm eln\u00f6ke tisztelgett a lengyel rep\u00fcl\u0151k el\u0151tt"},"content":{"rendered":"<p><strong>A vars\u00f3i felkel\u00e9s 73. \u00e9vfordul\u00f3j\u00e1n Marek Kuchci\u0144ski szejmeln\u00f6k a Budapest melletti solym\u00e1ri katonai temet\u0151ben tisztelgett a lengyel rep\u00fcl\u0151s\u00f6k el\u0151tt.<\/strong><\/p>\n<p>&nbsp;<\/p>\n<p>Az \u00e1llami \u00fcnneps\u00e9geken a levelet Marek Kuchci\u0144ski nev\u00e9ben Ryszard Terlecki, a szejm aleln\u00f6ke olvasta fel.<\/p>\n<p><strong><em>Marek Kuchci\u0144ski, a Szejm eln\u00f6k\u00e9nek levele a vars\u00f3i felkel\u00e9s 73. \u00e9vfordul\u00f3ja alkalm\u00e1b\u00f3l<\/em><\/strong><\/p>\n<p><strong><em>\u00a0<\/em><\/strong><\/p>\n<p><strong>Tisztelt Uraim!<\/strong><\/p>\n<p><strong>A vars\u00f3i felkel\u00e9s r\u00e9sztvev\u0151i, a felkel\u0151k csal\u00e1djai<\/strong><\/p>\n<p><strong>H\u00f6lgyeim \u00e9s uraim<\/strong><\/p>\n<p><strong>Vars\u00f3i lakosok<\/strong><\/p>\n<p><strong>\u00a0<\/strong><\/p>\n<p>A lengyel t\u00f6rt\u00e9nelemben az \u00e9vsz\u00e1zadok sor\u00e1n h\u00e1rom sz\u00f3 j\u00e1tszott kiv\u00e9teles szerepet: Isten, becs\u00fclet \u00e9s haza. \u0150seinket h\u0151sies tettekre \u00e9s a mindennapi \u00e9letben is motiv\u00e1lt\u00e1k. A vars\u00f3i felkel\u00e9st pontosan ilyen szempontb\u00f3l kell szeml\u00e9lni.<\/p>\n<p>A vars\u00f3iak 73 \u00e9vvel ezel\u0151tt harcoltak f\u00fcggetlens\u00e9g\u00fck\u00e9rt, hit\u00fck\u00e9rt \u00e9s m\u00e9lt\u00f3s\u00e1guk\u00e9rt. A vars\u00f3i felkel\u00e9s egyr\u00e9szt N\u00e9metorsz\u00e1g ellen ir\u00e1nyult, mert a n\u00e9met n\u00e1cizmus a nyugati \u00e9rt\u00e9kek tagad\u00e1sa, a barbarizmus \u00e9s a pog\u00e1nys\u00e1g \u00faj megtestes\u00fcl\u00e9se volt, m\u00e1sr\u00e9szt pedig a kommunizmust kellett volna meg\u00e1ll\u00edtani, amely a szabads\u00e1g, az egyh\u00e1z \u00e9s a vall\u00e1s ellens\u00e9gess\u00e9g\u00e9n alapult. A vars\u00f3i felkel\u00e9s, mint m\u00faltunk sz\u00e1mos m\u00e1s esem\u00e9nye, mint p\u00e9ld\u00e1ul Jasna G\u00f3ra v\u00e9delme vagy a b\u00e9csi \u00e9s vars\u00f3i csat\u00e1k, hozz\u00e1j\u00e1rult ahhoz, hogy a lengyels\u00e9g tart\u00f3san a katolikus hitre \u00e9s az isteni gondvisel\u00e9sbe vetett bizalomra \u00e9p\u00fclj\u00f6n. \u00cdgy l\u00e9tez\u00fcnk Eur\u00f3p\u00e1ban, \u00edgy \u00e9rtj\u00fck meg a vil\u00e1got \u00e9s a politik\u00e1t.<\/p>\n<p>A felkel\u00e9snek konkr\u00e9t politikai \u00e9s katonai dimenzi\u00f3ja is volt. Ez nem csak egy vesztes harc volt. Kit\u00f6r\u00e9se a Visztula menti szovjet offenz\u00edva sz\u00e1nd\u00e9kos le\u00e1ll\u00edt\u00e1s\u00e1t okozta. Joszif Szt\u00e1lin geopolitikai sz\u00e1m\u00edt\u00e1sai eg\u00e9sz N\u00e9metorsz\u00e1g elfoglal\u00e1s\u00e1r\u00f3l irre\u00e1liss\u00e1 v\u00e1ltak. Mik\u00f6zben a V\u00f6r\u00f6s Hadsereg a Visztul\u00e1n\u00e1l \u00e1llt, \u00e9s v\u00e1rta a felkel\u00e9s lever\u00e9s\u00e9t, a sz\u00f6vets\u00e9ges hadseregek felszabad\u00edtott\u00e1k Franciaorsz\u00e1got, \u00e9s k\u00f6zeledtek a Rajna fel\u00e9. Nyugat-Eur\u00f3pa a szabad vil\u00e1g r\u00e9sz\u00e9v\u00e9 v\u00e1lt, a szabads\u00e1g \u00e9s a demokr\u00e1cia el\u0151\u0151rs\u00e9v\u00e9, amelyet az amerikai jelenl\u00e9t v\u00e9dett. A modern Eur\u00f3pa is n\u00e9p\u00fcnk nagyszer\u0171 er\u0151fesz\u00edt\u00e9seinek eredm\u00e9nyek\u00e9nt j\u00f6tt l\u00e9tre. Erre eml\u00e9kezn\u00fcnk kell, \u00e9s hirdetn\u00fcnk kell a vil\u00e1gnak.<\/p>\n<p>Haz\u00e1nk \u00e9s a lengyelek egym\u00e1st k\u00f6vet\u0151 nemzed\u00e9kei sz\u00e1m\u00e1ra Lengyelorsz\u00e1gban \u00e9s k\u00fclf\u00f6ld\u00f6n a felkel\u00e9s a t\u00f6rt\u00e9nelmi eml\u00e9kezet jele, a hazaszeretet \u00e9s a szabads\u00e1gszeretet mintak\u00e9pe. Nem lett volna felkel\u00e9s, ha nincsenek a janu\u00e1ri felkel\u0151k, Pi\u0142sudski l\u00e9gi\u00f3sai \u00e9s az 1920-as h\u00e1bor\u00fa katon\u00e1i. Az \u0151 er\u0151fesz\u00edt\u00e9seikb\u0151l sz\u00fcletett meg a m\u00e1sodik k\u00f6zt\u00e1rsas\u00e1g, amelynek 100. \u00e9vfordul\u00f3j\u00e1t j\u00f6v\u0151re \u00fcnnepelj\u00fck. A vars\u00f3i felkel\u00e9s volt az utols\u00f3 dr\u00e1m\u00e1ja.<\/p>\n<p>A vars\u00f3i felkel\u00e9s 73. \u00e9vfordul\u00f3j\u00e1n tisztelegj\u00fcnk a harcokban elesett, a n\u00e9metek \u00e9s a kommunist\u00e1k \u00e1ltal meggyilkolt, otthon vagy sz\u00e1m\u0171zet\u00e9sben elhunyt r\u00e9sztvev\u0151k el\u0151tt.<\/p>\n<p>A J\u00f3isten jutalmazza meg b\u00e1tors\u00e1gukat \u00e9s \u00e1ldozatv\u00e1llal\u00e1sukat.<\/p>\n<p>Vars\u00f3, 2017. augusztus 1.<\/p>\n<p><a href=\"https:\/\/marekkuchcinski.pl\/wp-content\/uploads\/2017\/08\/mcpw.jpg\"><img fetchpriority=\"high\" decoding=\"async\" class=\"alignnone size-full wp-image-7029\" src=\"https:\/\/marekkuchcinski.pl\/wp-content\/uploads\/2017\/08\/mcpw.jpg\" alt=\"mcpw\" width=\"800\" height=\"588\" srcset=\"https:\/\/marekkuchcinski.pl\/wp-content\/uploads\/2017\/08\/mcpw.jpg 800w, https:\/\/marekkuchcinski.pl\/wp-content\/uploads\/2017\/08\/mcpw-300x221.jpg 300w, https:\/\/marekkuchcinski.pl\/wp-content\/uploads\/2017\/08\/mcpw-768x564.jpg 768w\" sizes=\"(max-width: 800px) 100vw, 800px\" \/><\/a><a href=\"https:\/\/marekkuchcinski.pl\/wp-content\/uploads\/2017\/08\/20170801_145416.jpg\"><img decoding=\"async\" class=\"alignnone wp-image-7030\" src=\"https:\/\/marekkuchcinski.pl\/wp-content\/uploads\/2017\/08\/20170801_145416.jpg\" alt=\"20170801_145416\" width=\"663\" height=\"1197\" srcset=\"https:\/\/marekkuchcinski.pl\/wp-content\/uploads\/2017\/08\/20170801_145416.jpg 443w, https:\/\/marekkuchcinski.pl\/wp-content\/uploads\/2017\/08\/20170801_145416-166x300.jpg 166w\" sizes=\"(max-width: 663px) 100vw, 663px\" \/><\/a> <a href=\"https:\/\/marekkuchcinski.pl\/wp-content\/uploads\/2017\/08\/20170801_145343.jpg\"><img decoding=\"async\" class=\"alignnone size-full wp-image-7031\" src=\"https:\/\/marekkuchcinski.pl\/wp-content\/uploads\/2017\/08\/20170801_145343.jpg\" alt=\"20170801_145343\" width=\"800\" height=\"708\" srcset=\"https:\/\/marekkuchcinski.pl\/wp-content\/uploads\/2017\/08\/20170801_145343.jpg 800w, https:\/\/marekkuchcinski.pl\/wp-content\/uploads\/2017\/08\/20170801_145343-300x266.jpg 300w, https:\/\/marekkuchcinski.pl\/wp-content\/uploads\/2017\/08\/20170801_145343-768x680.jpg 768w\" sizes=\"(max-width: 800px) 100vw, 800px\" \/><\/a> <a href=\"https:\/\/marekkuchcinski.pl\/wp-content\/uploads\/2017\/08\/20170801_145249.jpg\"><img loading=\"lazy\" decoding=\"async\" class=\"alignnone size-full wp-image-7032\" src=\"https:\/\/marekkuchcinski.pl\/wp-content\/uploads\/2017\/08\/20170801_145249.jpg\" alt=\"20170801_145249\" width=\"800\" height=\"534\" srcset=\"https:\/\/marekkuchcinski.pl\/wp-content\/uploads\/2017\/08\/20170801_145249.jpg 800w, https:\/\/marekkuchcinski.pl\/wp-content\/uploads\/2017\/08\/20170801_145249-300x200.jpg 300w, https:\/\/marekkuchcinski.pl\/wp-content\/uploads\/2017\/08\/20170801_145249-768x513.jpg 768w\" sizes=\"(max-width: 800px) 100vw, 800px\" \/><\/a><\/p>","protected":false},"excerpt":{"rendered":"<p>W 73. rocznic\u0119 Powstania Warszawskiego marsza\u0142ek Sejmu Marek Kuchci\u0144ski odda\u0142 ho\u0142d polskim lotnikom na cmentarzu wojskowym w Solym\u00e1r ko\u0142o Budapesztu. &nbsp; Podczas pa\u0144stwowych uroczysto\u015bci w imieniu Marka Kuchci\u0144skiego list odczyta\u0142 wicemarsza\u0142ek Sejmu Ryszard Terlecki. List Marsza\u0142ka Sejmu Marka Kuchci\u0144skiego z okazji 73 rocznicy powstania warszawskiego \u00a0 Szanowni Pa\u0144stwo Uczestnicy Powstania Warszawskiego, Rodziny Powsta\u0144c\u00f3w Panie i [&hellip;]<\/p>\n","protected":false},"author":6,"featured_media":7034,"comment_status":"open","ping_status":"open","sticky":false,"template":"","format":"standard","meta":{"ngg_post_thumbnail":0,"footnotes":""},"categories":[77,50,3],"tags":[],"class_list":["post-7028","post","type-post","status-publish","format-standard","has-post-thumbnail","hentry","category-wazne-daty","category-wspolpraca-miedzynarodowa","category-wydarzenia"],"_links":{"self":[{"href":"https:\/\/marekkuchcinski.pl\/hu\/wp-json\/wp\/v2\/posts\/7028","targetHints":{"allow":["GET"]}}],"collection":[{"href":"https:\/\/marekkuchcinski.pl\/hu\/wp-json\/wp\/v2\/posts"}],"about":[{"href":"https:\/\/marekkuchcinski.pl\/hu\/wp-json\/wp\/v2\/types\/post"}],"author":[{"embeddable":true,"href":"https:\/\/marekkuchcinski.pl\/hu\/wp-json\/wp\/v2\/users\/6"}],"replies":[{"embeddable":true,"href":"https:\/\/marekkuchcinski.pl\/hu\/wp-json\/wp\/v2\/comments?post=7028"}],"version-history":[{"count":1,"href":"https:\/\/marekkuchcinski.pl\/hu\/wp-json\/wp\/v2\/posts\/7028\/revisions"}],"predecessor-version":[{"id":7033,"href":"https:\/\/marekkuchcinski.pl\/hu\/wp-json\/wp\/v2\/posts\/7028\/revisions\/7033"}],"wp:featuredmedia":[{"embeddable":true,"href":"https:\/\/marekkuchcinski.pl\/hu\/wp-json\/wp\/v2\/media\/7034"}],"wp:attachment":[{"href":"https:\/\/marekkuchcinski.pl\/hu\/wp-json\/wp\/v2\/media?parent=7028"}],"wp:term":[{"taxonomy":"category","embeddable":true,"href":"https:\/\/marekkuchcinski.pl\/hu\/wp-json\/wp\/v2\/categories?post=7028"},{"taxonomy":"post_tag","embeddable":true,"href":"https:\/\/marekkuchcinski.pl\/hu\/wp-json\/wp\/v2\/tags?post=7028"}],"curies":[{"name":"wp","href":"https:\/\/api.w.org\/{rel}","templated":true}]}}