{"id":7011,"date":"2017-07-23T01:07:31","date_gmt":"2017-07-22T23:07:31","guid":{"rendered":"https:\/\/marekkuchcinski.pl\/?p=7011"},"modified":"2017-07-21T16:07:49","modified_gmt":"2017-07-21T14:07:49","slug":"list-marszalka-sejmu-okazji-swieta-policji","status":"publish","type":"post","link":"https:\/\/marekkuchcinski.pl\/hu\/wydarzenia\/list-marszalka-sejmu-okazji-swieta-policji\/","title":{"rendered":"A Szejm eln\u00f6k\u00e9nek levele a rend\u0151rs\u00e9g napja alkalm\u00e1b\u00f3l"},"content":{"rendered":"<p>- A sz\u00e9p \u00e9s dics\u0151s\u00e9ges hagyom\u00e1nyok szil\u00e1rd alapj\u00e1t k\u00e9pezik a jelenlegi form\u00e1ci\u00f3nak. Rend\u0151rs\u00e9g\u00fcnk ma is a t\u00e1rsadalom legmegb\u00edzhat\u00f3bb int\u00e9zm\u00e9nyei k\u00f6z\u00e9 tartozik. Mindannyian tiszt\u00e1ban vagyunk azonban azzal, hogy a b\u0171n\u00f6z\u00e9s elleni k\u00fczdelem a modern vil\u00e1gban nem k\u00f6nny\u0171 dolog. A kih\u00edv\u00e1sok nagys\u00e1grendje \u00e9s sokf\u00e9les\u00e9ge egyre n\u0151. Ezeknek csak egy j\u00f3l felk\u00e9sz\u00fclt, a legmagasabb norm\u00e1k \u00e9s etikai elvek szerint m\u0171k\u00f6d\u0151 szervezet tud megfelelni\" - \u00edrta Marek Marek, a szejm eln\u00f6ke a rend\u0151rs\u00e9g napja alkalm\u00e1b\u00f3l.<\/p>\n<p>1919. j\u00falius 24-\u00e9n megalakult az \u00e1llami rend\u0151rs\u00e9g. Minden \u00e9vben ezen a napon \u00fcnnepelj\u00fck a rend\u0151rs\u00e9g napj\u00e1t. A Szejm 1995. j\u00falius 21-i parlamenti t\u00f6rv\u00e9ny\u00e9vel hozta l\u00e9tre.  - A mostani \u00fcnneps\u00e9g bizony\u00edtja, hogy az 1919-ben l\u00e9trehozott rend\u0151rs\u00e9g hagyom\u00e1nyai mennyire fontosak a jelen sz\u00e1m\u00e1ra. Az \u00fcnneps\u00e9g, amelyet meg\u00fcnnepel\u00fcnk, bizony\u00edtja, hogy mennyire fontosak a jelen sz\u00e1m\u00e1ra az 1919-ben l\u00e9trehozott rend\u0151rs\u00e9g hagyom\u00e1nyai, amely j\u00f3l szolg\u00e1lta a f\u00fcggetlen lengyel \u00e1llamot - hangs\u00falyozta a marsall.<\/p>\n<p>&nbsp;<\/p>\n<p><a href=\"https:\/\/marekkuchcinski.pl\/wp-content\/uploads\/2017\/07\/Policja-Komendant-G\u0142\u00f3wny.png\"><img fetchpriority=\"high\" decoding=\"async\" class=\"alignnone wp-image-7017\" src=\"https:\/\/marekkuchcinski.pl\/wp-content\/uploads\/2017\/07\/Policja-Komendant-G\u0142\u00f3wny.png\" alt=\"Policja Komendant G\u0142\u00f3wny\" width=\"737\" height=\"1048\" srcset=\"https:\/\/marekkuchcinski.pl\/wp-content\/uploads\/2017\/07\/Policja-Komendant-G\u0142\u00f3wny.png 588w, https:\/\/marekkuchcinski.pl\/wp-content\/uploads\/2017\/07\/Policja-Komendant-G\u0142\u00f3wny-211x300.png 211w\" sizes=\"(max-width: 737px) 100vw, 737px\" \/><\/a><\/p>\n<p>&nbsp;<\/p>","protected":false},"excerpt":{"rendered":"<p>\u2013 Pi\u0119kne i chlubne tradycje stanowi\u0105 solidny fundament obecnej formacji. Dzisiaj nasza Policja wci\u0105\u017c plasuje si\u0119 w czo\u0142\u00f3wce instytucji obdarzanych najwi\u0119kszym zaufaniem spo\u0142ecznym. Wszyscy jednak zdajemy sobie spraw\u0119, \u017ce zwalczanie przest\u0119pczo\u015bci we\u00a0wsp\u00f3\u0142czesnym \u015bwiecie nie jest rzecz\u0105 \u0142atw\u0105. Ro\u015bnie bowiem skala i r\u00f3\u017cnorodno\u015b\u0107 wyzwa\u0144. Sprosta\u0107 im mo\u017ce jedynie \u015bwietnie przygotowana formacja, dzia\u0142aj\u0105ca zgodnie z najwy\u017cszymi standardami [&hellip;]<\/p>\n","protected":false},"author":6,"featured_media":7013,"comment_status":"open","ping_status":"open","sticky":false,"template":"","format":"standard","meta":{"ngg_post_thumbnail":0,"footnotes":""},"categories":[104,49,3],"tags":[],"class_list":["post-7011","post","type-post","status-publish","format-standard","has-post-thumbnail","hentry","category-lms","category-podkarpacie","category-wydarzenia"],"_links":{"self":[{"href":"https:\/\/marekkuchcinski.pl\/hu\/wp-json\/wp\/v2\/posts\/7011","targetHints":{"allow":["GET"]}}],"collection":[{"href":"https:\/\/marekkuchcinski.pl\/hu\/wp-json\/wp\/v2\/posts"}],"about":[{"href":"https:\/\/marekkuchcinski.pl\/hu\/wp-json\/wp\/v2\/types\/post"}],"author":[{"embeddable":true,"href":"https:\/\/marekkuchcinski.pl\/hu\/wp-json\/wp\/v2\/users\/6"}],"replies":[{"embeddable":true,"href":"https:\/\/marekkuchcinski.pl\/hu\/wp-json\/wp\/v2\/comments?post=7011"}],"version-history":[{"count":4,"href":"https:\/\/marekkuchcinski.pl\/hu\/wp-json\/wp\/v2\/posts\/7011\/revisions"}],"predecessor-version":[{"id":7019,"href":"https:\/\/marekkuchcinski.pl\/hu\/wp-json\/wp\/v2\/posts\/7011\/revisions\/7019"}],"wp:featuredmedia":[{"embeddable":true,"href":"https:\/\/marekkuchcinski.pl\/hu\/wp-json\/wp\/v2\/media\/7013"}],"wp:attachment":[{"href":"https:\/\/marekkuchcinski.pl\/hu\/wp-json\/wp\/v2\/media?parent=7011"}],"wp:term":[{"taxonomy":"category","embeddable":true,"href":"https:\/\/marekkuchcinski.pl\/hu\/wp-json\/wp\/v2\/categories?post=7011"},{"taxonomy":"post_tag","embeddable":true,"href":"https:\/\/marekkuchcinski.pl\/hu\/wp-json\/wp\/v2\/tags?post=7011"}],"curies":[{"name":"wp","href":"https:\/\/api.w.org\/{rel}","templated":true}]}}