{"id":700,"date":"2016-01-23T10:00:34","date_gmt":"2016-01-23T09:00:34","guid":{"rendered":"https:\/\/marekkuchcinski.pl\/38-procent-poparcia-dla-prawa-i-sprawiedliwosci\/"},"modified":"2016-08-25T16:57:55","modified_gmt":"2016-08-25T14:57:55","slug":"38-procent-poparcia-dla-prawa-i-sprawiedliwosci","status":"publish","type":"post","link":"https:\/\/marekkuchcinski.pl\/hu\/wydarzenia\/38-procent-poparcia-dla-prawa-i-sprawiedliwosci\/","title":{"rendered":"38 sz\u00e1zal\u00e9kos t\u00e1mogatotts\u00e1g a Jog \u00e9s Igazs\u00e1goss\u00e1g"},"content":{"rendered":"<p>A TNS Polska janu\u00e1ri felm\u00e9r\u00e9se szerint a szavazni sz\u00e1nd\u00e9koz\u00f3k 38%-a a PiS-t, m\u00edg 16%-a a PO-t t\u00e1mogatja. - PO. Nowoczesn\u00e1ra 5 sz\u00e1zal\u00e9k, Kukiz'15-re pedig 11 sz\u00e1zal\u00e9k szavazna.<\/p>\n<p>Hasonl\u00f3an optimista a PiS sz\u00e1m\u00e1ra a CBOS janu\u00e1ri bizalmi felm\u00e9r\u00e9se, amelyben Andrzej Duda eln\u00f6k 56 sz\u00e1zal\u00e9kos t\u00e1mogatotts\u00e1ggal vezet, Beata Szyd\u0142o minisztereln\u00f6k asszony pedig a v\u00e1laszad\u00f3k 49 sz\u00e1zal\u00e9k\u00e1nak bizalm\u00e1t \u00e9lvezi.<\/p>","protected":false},"excerpt":{"rendered":"<p>Ze styczniowych bada\u0144 przeprowadzonych przez TNS Polska wynika, \u017ce&nbsp;38 proc. chc\u0105cych g\u0142osowa\u0107 popiera PiS, za\u015b 16 proc. \u2013 PO. 5 proc. odda\u0142oby sw\u00f3j g\u0142os na Nowoczesn\u0105, a 11 proc. na Kukiz&#8217;15.&nbsp;Do Sejmu, wed\u0142ug badania, nie wesz\u0142oby PSL. R\u00f3wnie optymistyczne dla PiS-u jest styczniowe badanie zaufania CBOS-u, na kt\u00f3rego czele znalaz\u0142 si\u0119 prezydent Andrzej Duda \u2013 [&hellip;]<\/p>\n","protected":false},"author":6,"featured_media":0,"comment_status":"open","ping_status":"open","sticky":false,"template":"","format":"standard","meta":{"ngg_post_thumbnail":0,"footnotes":""},"categories":[3],"tags":[],"class_list":["post-700","post","type-post","status-publish","format-standard","hentry","category-wydarzenia"],"_links":{"self":[{"href":"https:\/\/marekkuchcinski.pl\/hu\/wp-json\/wp\/v2\/posts\/700","targetHints":{"allow":["GET"]}}],"collection":[{"href":"https:\/\/marekkuchcinski.pl\/hu\/wp-json\/wp\/v2\/posts"}],"about":[{"href":"https:\/\/marekkuchcinski.pl\/hu\/wp-json\/wp\/v2\/types\/post"}],"author":[{"embeddable":true,"href":"https:\/\/marekkuchcinski.pl\/hu\/wp-json\/wp\/v2\/users\/6"}],"replies":[{"embeddable":true,"href":"https:\/\/marekkuchcinski.pl\/hu\/wp-json\/wp\/v2\/comments?post=700"}],"version-history":[{"count":1,"href":"https:\/\/marekkuchcinski.pl\/hu\/wp-json\/wp\/v2\/posts\/700\/revisions"}],"predecessor-version":[{"id":3096,"href":"https:\/\/marekkuchcinski.pl\/hu\/wp-json\/wp\/v2\/posts\/700\/revisions\/3096"}],"wp:attachment":[{"href":"https:\/\/marekkuchcinski.pl\/hu\/wp-json\/wp\/v2\/media?parent=700"}],"wp:term":[{"taxonomy":"category","embeddable":true,"href":"https:\/\/marekkuchcinski.pl\/hu\/wp-json\/wp\/v2\/categories?post=700"},{"taxonomy":"post_tag","embeddable":true,"href":"https:\/\/marekkuchcinski.pl\/hu\/wp-json\/wp\/v2\/tags?post=700"}],"curies":[{"name":"wp","href":"https:\/\/api.w.org\/{rel}","templated":true}]}}