{"id":699,"date":"2016-01-20T20:45:00","date_gmt":"2016-01-20T19:45:00","guid":{"rendered":"https:\/\/marekkuchcinski.pl\/chrzescijanstwo-filarem-polski\/"},"modified":"2016-08-25T16:57:55","modified_gmt":"2016-08-25T14:57:55","slug":"chrzescijanstwo-filarem-polski","status":"publish","type":"post","link":"https:\/\/marekkuchcinski.pl\/hu\/wydarzenia\/chrzescijanstwo-filarem-polski\/","title":{"rendered":"A kereszt\u00e9nys\u00e9g mint Lengyelorsz\u00e1g pill\u00e9re"},"content":{"rendered":"<p><a href=\"https:\/\/marekkuchcinski.pl\/hu\/chrzescijanstwo-filarem-polski\/\"><img decoding=\"async\" class=\"alignleft size-full wp-image-698\" src=\"https:\/\/marekkuchcinski.pl\/wp-content\/uploads\/2016\/01\/IMG_0312.JPG\" alt=\"IMG 0312\" width=\"160\" height=\"98\" style=\"float: left;\" srcset=\"https:\/\/marekkuchcinski.pl\/wp-content\/uploads\/2016\/01\/IMG_0312.JPG 800w, https:\/\/marekkuchcinski.pl\/wp-content\/uploads\/2016\/01\/IMG_0312-300x184.jpg 300w, https:\/\/marekkuchcinski.pl\/wp-content\/uploads\/2016\/01\/IMG_0312-768x471.jpg 768w\" sizes=\"(max-width: 160px) 100vw, 160px\" \/><\/a>Lengyelorsz\u00e1g megkeresztelked\u00e9s\u00e9nek 1050. \u00e9vfordul\u00f3ja alkalm\u00e1b\u00f3l \u00e1prilis 14-\u00e9n Gniezn\u00f3ban, \u00e1prilis 15-\u00e9n \u00e9s 16-\u00e1n pedig Poznanban tartj\u00e1k a f\u0151 \u00fcnneps\u00e9geket. A rendezv\u00e9nyre 1200 vend\u00e9get h\u00edvtak meg, k\u00f6zt\u00fck Andrzej Duda eln\u00f6k\u00f6t, a korm\u00e1nyt \u00e9s a parlamenti k\u00e9pvisel\u0151ket, a f\u0151 esem\u00e9ny pedig az Orsz\u00e1ggy\u0171l\u00e9s lesz. Az \u00fcnneps\u00e9gek r\u00e9szleteit janu\u00e1r 20-\u00e1n ismertett\u00e9k a vars\u00f3i p\u00fcsp\u00f6ki titk\u00e1rs\u00e1gon. A k\u00f6z\u00f6s sajt\u00f3t\u00e1j\u00e9koztat\u00f3n felsz\u00f3lalt t\u00f6bbek k\u00f6z\u00f6tt Wojciech Polak lengyel pr\u00edm\u00e1s, Stanis\u0142aw G\u0105decki \u00e9rsek, a Lengyel P\u00fcsp\u00f6ki Konferencia eln\u00f6ke, valamint a Szejm \u00e9s a Szen\u00e1tus eln\u00f6ke.<\/p>\n<p>  <!--more-->  <\/p>\n<p>- Az 1966-ban tartott millenniumi lengyelorsz\u00e1gi keresztel\u0151 \u00fcnneps\u00e9geket a kommunista hat\u00f3s\u00e1gok megzavart\u00e1k. Ma azonban az idei \u00fcnneps\u00e9gek meg\u00e9rt\u00e9s\u00e9hez a kulcssz\u00f3 a normaliz\u00e1ci\u00f3.  Ez Lengyelorsz\u00e1g megkeresztel\u00e9s\u00e9nek 1050. \u00e9s a lengyel \u00e1llamis\u00e1g 1050. \u00e9vfordul\u00f3ja, ez\u00e9rt vannak k\u00f6z\u00f6tt\u00fcnk az egyh\u00e1zi \u00e9s az \u00e1llami hat\u00f3s\u00e1gok k\u00e9pvisel\u0151i\" - mondta a p\u00fcsp\u00f6ki sz\u00f3viv\u0151, P. Pawe\u0142 Rytel-Andrianik.<\/p>\n<p>Marek Kuchci\u0144ski, a Szejm eln\u00f6ke szerint az \u00fcnneps\u00e9gek t\u00f6rt\u00e9nelmi jelent\u0151s\u00e9g\u0171 esem\u00e9nyt jelentenek az eg\u00e9sz lengyel nemzet \u00e9s \u00e1llam sz\u00e1m\u00e1ra. Ezek lesznek a legtiszt\u00e1bb szimb\u00f3lumai \u00e9s t\u00e9nyleges meger\u0151s\u00edt\u00e9sei a Lengyelorsz\u00e1g t\u00e1rsadalmi \u00e9let\u00e9ben bek\u00f6vetkezett v\u00e1ltoz\u00e1sok m\u00e9rt\u00e9k\u00e9nek. - A f\u00fcggetlen Lengyel K\u00f6zt\u00e1rsas\u00e1g parlamentje val\u00f3j\u00e1ban el\u0151sz\u00f6r ny\u00fal vissza \u00e1llamis\u00e1gunk t\u00f6rt\u00e9net\u00e9nek legr\u00e9gebbi, a kereszt\u00e9nys\u00e9ghez elv\u00e1laszthatatlanul kapcsol\u00f3d\u00f3 alapjaiig, felid\u00e9zve a 966-ban hozott politikai d\u00f6nt\u00e9seket \u00e9s az 1966-os millenniumot. - mondta a Szejm eln\u00f6ke. Azzal is \u00e9rvelt, hogy nem lesz j\u00f3 v\u00e1ltoz\u00e1s a kereszt\u00e9nys\u00e9gen alapul\u00f3 erk\u00f6lcsi rend meg\u00faj\u00edt\u00e1sa n\u00e9lk\u00fcl, \u00e9s an\u00e9lk\u00fcl, hogy a kereszt\u00e9nys\u00e9g lengyelorsz\u00e1gi t\u00f6rt\u00e9nelm\u00e9t ne foglaln\u00e1nk bele \u00e1llamunk \u00e9s nemzet\u00fcnk t\u00f6rt\u00e9net\u00e9be. A politika, mint a k\u00f6zj\u00f3 \u00e9rdek\u00e9ben folytatott k\u00f6r\u00fcltekint\u0151 tev\u00e9kenys\u00e9g nem alapulhat csup\u00e1n az \u00e9rdekek \u00e9rv\u00e9nyes\u00edt\u00e9s\u00e9n, hanem erk\u00f6lcsi \u00e9rz\u00e9kkel is rendelkeznie kell, k\u00fcl\u00f6n\u00f6sen a mai vil\u00e1gban. Az egyetemes egyh\u00e1z volt az egyetlen let\u00e9tem\u00e9nyese azoknak az \u00e9rt\u00e9keknek, amelyek a lengyels\u00e9get alkotj\u00e1k. Gyakran a megsz\u0171nt \u00e1llam hely\u00e9be l\u00e9pett, meg\u0151rizve a nemzeti \u00f6r\u00f6ks\u00e9get, \u00e9s mened\u00e9ket \u00e9s v\u00e9delmet ny\u00fajtott a nemzeti felkel\u0151knek, a f\u00fcggetlens\u00e9gi mozgalmak tagjainak mindk\u00e9t vil\u00e1gh\u00e1bor\u00faban \u00e9s a kommunista ellenz\u00e9ki aktivist\u00e1knak.<\/p>\n<p>A Lengyel K\u00f6zt\u00e1rsas\u00e1g Szejm\u00e9nek Kancell\u00e1ri\u00e1ja a Kereszt\u00e9nys\u00e9g Lengyelorsz\u00e1g \u00e9s a lengyelek t\u00f6rt\u00e9net\u00e9ben (966-2016) c\u00edm\u0171 alkalmi kiadv\u00e1nyt k\u00e9sz\u00edti el\u0151. A tartalom \u00e9s a forma, a sz\u00f3 \u00e9s a k\u00e9p felhaszn\u00e1l\u00e1s\u00e1val az egyetemes egyh\u00e1z \u00e9s a lengyel \u00e1llamis\u00e1g k\u00f6z\u00f6tti int\u00e9zm\u00e9nyes kapcsolatok, az egyh\u00e1z k\u00fcldet\u00e9s\u00e9nek a lengyelorsz\u00e1gi t\u00e1rsadalmi folyamatokra gyakorolt hat\u00e1sa, valamint az istentisztelet \u00e9s a ritu\u00e1l\u00e9k szerepe a k\u00f6zter\u00fcleten t\u00f6rt\u00e9neti t\u00f6rt\u00e9netet mes\u00e9l el.<\/p>\n<p>forr\u00e1s: episkopat.pl<\/p>\n<p>{gallery}phocagallery\/Christianity_filaremm_Poland{\/gallery}<\/p>","protected":false},"excerpt":{"rendered":"<p>14 kwietnia w Gnie\u017anie oraz 15 i 16 kwietnia w Poznaniu odb\u0119d\u0105 si\u0119 g\u0142\u00f3wne uroczysto\u015bci Jubileuszu 1050-lecia Chrztu Polski. Zaproszono na nie 1200 go\u015bci, w tym prezydenta Andrzeja Dud\u0119, rz\u0105d i parlamentarzyst\u00f3w, a g\u0142\u00f3wnym wydarzeniem b\u0119dzie Zgromadzenie Narodowe.&nbsp;Szczeg\u00f3\u0142y obchod\u00f3w zaprezentowano 20 stycznia w Sekretariacie Episkopatu w Warszawie. Na wsp\u00f3lnej konferencji prasowej wyst\u0105pili m.in. prymas Polski [&hellip;]<\/p>\n","protected":false},"author":6,"featured_media":698,"comment_status":"open","ping_status":"open","sticky":false,"template":"","format":"standard","meta":{"ngg_post_thumbnail":0,"footnotes":""},"categories":[3],"tags":[],"class_list":["post-699","post","type-post","status-publish","format-standard","has-post-thumbnail","hentry","category-wydarzenia"],"_links":{"self":[{"href":"https:\/\/marekkuchcinski.pl\/hu\/wp-json\/wp\/v2\/posts\/699","targetHints":{"allow":["GET"]}}],"collection":[{"href":"https:\/\/marekkuchcinski.pl\/hu\/wp-json\/wp\/v2\/posts"}],"about":[{"href":"https:\/\/marekkuchcinski.pl\/hu\/wp-json\/wp\/v2\/types\/post"}],"author":[{"embeddable":true,"href":"https:\/\/marekkuchcinski.pl\/hu\/wp-json\/wp\/v2\/users\/6"}],"replies":[{"embeddable":true,"href":"https:\/\/marekkuchcinski.pl\/hu\/wp-json\/wp\/v2\/comments?post=699"}],"version-history":[{"count":1,"href":"https:\/\/marekkuchcinski.pl\/hu\/wp-json\/wp\/v2\/posts\/699\/revisions"}],"predecessor-version":[{"id":1118,"href":"https:\/\/marekkuchcinski.pl\/hu\/wp-json\/wp\/v2\/posts\/699\/revisions\/1118"}],"wp:featuredmedia":[{"embeddable":true,"href":"https:\/\/marekkuchcinski.pl\/hu\/wp-json\/wp\/v2\/media\/698"}],"wp:attachment":[{"href":"https:\/\/marekkuchcinski.pl\/hu\/wp-json\/wp\/v2\/media?parent=699"}],"wp:term":[{"taxonomy":"category","embeddable":true,"href":"https:\/\/marekkuchcinski.pl\/hu\/wp-json\/wp\/v2\/categories?post=699"},{"taxonomy":"post_tag","embeddable":true,"href":"https:\/\/marekkuchcinski.pl\/hu\/wp-json\/wp\/v2\/tags?post=699"}],"curies":[{"name":"wp","href":"https:\/\/api.w.org\/{rel}","templated":true}]}}