{"id":6812,"date":"2017-06-28T22:54:28","date_gmt":"2017-06-28T20:54:28","guid":{"rendered":"https:\/\/marekkuchcinski.pl\/?p=6812"},"modified":"2017-06-30T11:01:44","modified_gmt":"2017-06-30T09:01:44","slug":"6812","status":"publish","type":"post","link":"https:\/\/marekkuchcinski.pl\/hu\/wydarzenia\/6812\/","title":{"rendered":"A visegr\u00e1di orsz\u00e1gok k\u00f6rnyezetv\u00e9delmi minisztereinek 25. tal\u00e1lkoz\u00f3ja"},"content":{"rendered":"<p>A k\u00e9tnapos zakopanei tal\u00e1lkoz\u00f3n a V4-csoport \u00e9s Bulg\u00e1ria k\u00f6rnyezetv\u00e9delmi miniszterei t\u00f6bbek k\u00f6z\u00f6tt a Natura 2000 ter\u00fcletekr\u0151l, a leveg\u0151min\u0151s\u00e9gr\u0151l, a biol\u00f3giai sokf\u00e9les\u00e9gr\u0151l, valamint az \u00e9ghajlat- \u00e9s energiapolitika kih\u00edv\u00e1sair\u00f3l t\u00e1rgyaltak. A 25. ilyen szint\u0171 tal\u00e1lkoz\u00f3n Marek Kuchci\u0144ski, a Szejm eln\u00f6ke vette \u00e1t a sz\u00f3t, aki felid\u00e9zte azt az utat, amelyet a Visegr\u00e1di Csoport bej\u00e1rt, hogy Eur\u00f3pa egyik legfontosabb partner\u00e9v\u00e9 v\u00e1ljon:<br \/>\n<em>Vagy egy tucat \u00e9vvel ezel\u0151tt, amikor akt\u00edvan elkezdt\u00fcnk dolgozni a k\u00f6z\u00e9p-eur\u00f3pai egy\u00fcttm\u0171k\u00f6d\u00e9sen, \u00e9s nem csak a Visegr\u00e1di Csoport keret\u00e9ben, a k\u00f6rnyezetv\u00e9delmi miniszterek inspir\u00e1ltak \u00e9s ir\u00e1ny\u00edtottak benn\u00fcnket, bele\u00e9rtve a K\u00e1rp\u00e1ti Egyezm\u00e9nyt is. \u00cdgy az orsz\u00e1gaink, k\u00f6z\u00f6ss\u00e9geink, k\u00f6rnyezet\u00fcnk k\u00f6z\u00f6tti, a fenntarthat\u00f3 fejl\u0151d\u00e9sen alapul\u00f3 egy\u00fcttm\u0171k\u00f6d\u00e9s alapja a tev\u00e9kenys\u00e9g\u00fcnk minden ter\u00fclet\u00e9re kiterjedt. Az elm\u00falt \u00e9vekben\u00a0<span class=\"text_exposed_show\">Nyilv\u00e1nval\u00f3, hogy K\u00f6z\u00e9p-Eur\u00f3pa jelent\u0151s\u00e9ge n\u00f6vekszik, ha az egy\u00fcttm\u0171k\u00f6d\u00e9s, bele\u00e9rtve a visegr\u00e1di orsz\u00e1gok egy\u00fcttm\u0171k\u00f6d\u00e9s\u00e9t is, meger\u0151s\u00f6dik. Erre a legjobb p\u00e9lda az olyan glob\u00e1lis kih\u00edv\u00e1sok vagy feladatok, mint az \u00e9ghajlat-politika vagy a Natura 2000 Eur\u00f3p\u00e1ban. Vil\u00e1gosan l\u00e1thatjuk, hogy a k\u00f6rnyezetv\u00e9delem ter\u00e9n folytatott egy\u00fcttm\u0171k\u00f6d\u00e9s nem csak a term\u00e9szetv\u00e9delem, a leveg\u0151- vagy \u00e9ghajlatv\u00e9delem k\u00e9rd\u00e9seir\u0151l sz\u00f3l. De ha parlamenti szinten tal\u00e1lkozunk \u00e1llamf\u0151kkel, k\u00f6z\u00e9p-eur\u00f3pai parlamenti k\u00e9pvisel\u0151kkel vagy m\u00e1s miniszterekkel, akkor egy\u00e9rtelm\u0171, hogy az ember, az emberre val\u00f3 hivatkoz\u00e1s \u00e9s azok a k\u00f6r\u00fclm\u00e9nyek, amelyek k\u00f6z\u00f6tt \u00e9l, alapvet\u0151 fontoss\u00e1g\u00faak.<\/span><\/em><\/p>\n<p><a href=\"https:\/\/marekkuchcinski.pl\/wp-content\/uploads\/2017\/06\/KU178441-001.jpg\"><img fetchpriority=\"high\" decoding=\"async\" class=\"alignnone size-full wp-image-6813\" src=\"https:\/\/marekkuchcinski.pl\/wp-content\/uploads\/2017\/06\/KU178441-001.jpg\" alt=\"KU178441-001\" width=\"800\" height=\"533\" srcset=\"https:\/\/marekkuchcinski.pl\/wp-content\/uploads\/2017\/06\/KU178441-001.jpg 800w, https:\/\/marekkuchcinski.pl\/wp-content\/uploads\/2017\/06\/KU178441-001-300x200.jpg 300w, https:\/\/marekkuchcinski.pl\/wp-content\/uploads\/2017\/06\/KU178441-001-768x512.jpg 768w\" sizes=\"(max-width: 800px) 100vw, 800px\" \/><\/a> <a href=\"https:\/\/marekkuchcinski.pl\/wp-content\/uploads\/2017\/06\/KU178580.jpg\"><img decoding=\"async\" class=\"alignnone size-full wp-image-6814\" src=\"https:\/\/marekkuchcinski.pl\/wp-content\/uploads\/2017\/06\/KU178580.jpg\" alt=\"KU178580\" width=\"800\" height=\"534\" srcset=\"https:\/\/marekkuchcinski.pl\/wp-content\/uploads\/2017\/06\/KU178580.jpg 800w, https:\/\/marekkuchcinski.pl\/wp-content\/uploads\/2017\/06\/KU178580-300x200.jpg 300w, https:\/\/marekkuchcinski.pl\/wp-content\/uploads\/2017\/06\/KU178580-768x513.jpg 768w\" sizes=\"(max-width: 800px) 100vw, 800px\" \/><\/a> <a href=\"https:\/\/marekkuchcinski.pl\/wp-content\/uploads\/2017\/06\/KU178388.jpg\"><img decoding=\"async\" class=\"alignnone size-full wp-image-6815\" src=\"https:\/\/marekkuchcinski.pl\/wp-content\/uploads\/2017\/06\/KU178388.jpg\" alt=\"KU178388\" width=\"800\" height=\"534\" srcset=\"https:\/\/marekkuchcinski.pl\/wp-content\/uploads\/2017\/06\/KU178388.jpg 800w, https:\/\/marekkuchcinski.pl\/wp-content\/uploads\/2017\/06\/KU178388-300x200.jpg 300w, https:\/\/marekkuchcinski.pl\/wp-content\/uploads\/2017\/06\/KU178388-768x513.jpg 768w\" sizes=\"(max-width: 800px) 100vw, 800px\" \/><\/a><a href=\"https:\/\/marekkuchcinski.pl\/wp-content\/uploads\/2017\/06\/KU178381.jpg\"><img loading=\"lazy\" decoding=\"async\" class=\"alignnone size-full wp-image-6816\" src=\"https:\/\/marekkuchcinski.pl\/wp-content\/uploads\/2017\/06\/KU178381.jpg\" alt=\"KU178381\" width=\"2736\" height=\"1824\" srcset=\"https:\/\/marekkuchcinski.pl\/wp-content\/uploads\/2017\/06\/KU178381.jpg 2048w, https:\/\/marekkuchcinski.pl\/wp-content\/uploads\/2017\/06\/KU178381-300x200.jpg 300w, https:\/\/marekkuchcinski.pl\/wp-content\/uploads\/2017\/06\/KU178381-768x512.jpg 768w, https:\/\/marekkuchcinski.pl\/wp-content\/uploads\/2017\/06\/KU178381-1024x683.jpg 1024w\" sizes=\"(max-width: 2736px) 100vw, 2736px\" \/><\/a> <a href=\"https:\/\/marekkuchcinski.pl\/wp-content\/uploads\/2017\/06\/KU178570.jpg\"><img loading=\"lazy\" decoding=\"async\" class=\"alignnone size-full wp-image-6817\" src=\"https:\/\/marekkuchcinski.pl\/wp-content\/uploads\/2017\/06\/KU178570.jpg\" alt=\"KU178570\" width=\"2736\" height=\"1824\" srcset=\"https:\/\/marekkuchcinski.pl\/wp-content\/uploads\/2017\/06\/KU178570.jpg 2048w, https:\/\/marekkuchcinski.pl\/wp-content\/uploads\/2017\/06\/KU178570-300x200.jpg 300w, https:\/\/marekkuchcinski.pl\/wp-content\/uploads\/2017\/06\/KU178570-768x512.jpg 768w, https:\/\/marekkuchcinski.pl\/wp-content\/uploads\/2017\/06\/KU178570-1024x683.jpg 1024w\" sizes=\"(max-width: 2736px) 100vw, 2736px\" \/><\/a>Zakopane, a k\u00f6rnyezetv\u00e9delmi miniszterek 25. tal\u00e1lkoz\u00f3ja\u00a0<a class=\"_58cn\" href=\"https:\/\/www.facebook.com\/hashtag\/v4?source=feed_text&amp;story_id=1932367736979446\" data-ft=\"{&quot;tn&quot;:&quot;*N&quot;,&quot;type&quot;:104}\"><span class=\"_5afx\"><span class=\"_58cl _5afz\">#<\/span><span class=\"_58cm\">V4<\/span><\/span><\/a>\u00a0\u00e9s Bulg\u00e1ria.<br \/>\nVagy egy tucat \u00e9vvel ezel\u0151tt, amikor akt\u00edvan elkezdt\u00fcnk dolgozni a k\u00f6z\u00e9p-eur\u00f3pai egy\u00fcttm\u0171k\u00f6d\u00e9sen, \u00e9s nem csak a Visegr\u00e1di Csoport keret\u00e9ben, a k\u00f6rnyezetv\u00e9delmi miniszterek inspir\u00e1ltak \u00e9s ir\u00e1ny\u00edtottak benn\u00fcnket, bele\u00e9rtve a K\u00e1rp\u00e1ti Egyezm\u00e9nyt is. \u00cdgy az orsz\u00e1gaink, k\u00f6z\u00f6ss\u00e9geink, k\u00f6rnyezet\u00fcnk k\u00f6z\u00f6tti, a fenntarthat\u00f3 fejl\u0151d\u00e9sen alapul\u00f3 egy\u00fcttm\u0171k\u00f6d\u00e9s alapja a tev\u00e9kenys\u00e9g\u00fcnk minden ter\u00fclet\u00e9re kiterjedt. Az elm\u00falt \u00e9vekben\u00a0<span class=\"text_exposed_show\">Nyilv\u00e1nval\u00f3, hogy K\u00f6z\u00e9p-Eur\u00f3pa jelent\u0151s\u00e9ge n\u00f6vekszik, ha az egy\u00fcttm\u0171k\u00f6d\u00e9s, bele\u00e9rtve a visegr\u00e1di orsz\u00e1gok egy\u00fcttm\u0171k\u00f6d\u00e9s\u00e9t is, meger\u0151s\u00f6dik. Erre a legjobb p\u00e9lda az olyan glob\u00e1lis kih\u00edv\u00e1sok vagy feladatok, mint az \u00e9ghajlat-politika vagy a Natura 2000 Eur\u00f3p\u00e1ban. Vil\u00e1gosan l\u00e1thatjuk, hogy a k\u00f6rnyezetv\u00e9delem ter\u00e9n folytatott egy\u00fcttm\u0171k\u00f6d\u00e9s nem csak a term\u00e9szetv\u00e9delem, a leveg\u0151- vagy \u00e9ghajlatv\u00e9delem k\u00e9rd\u00e9seir\u0151l sz\u00f3l. De ha parlamenti szinten tal\u00e1lkozunk \u00e1llamf\u0151kkel, k\u00f6z\u00e9p-eur\u00f3pai parlamenti k\u00e9pvisel\u0151kkel vagy m\u00e1s miniszterekkel, akkor egy\u00e9rtelm\u0171, hogy az ember, az emberre val\u00f3 hivatkoz\u00e1s \u00e9s azok a k\u00f6r\u00fclm\u00e9nyek, amelyek k\u00f6z\u00f6tt \u00e9l, alapvet\u0151 fontoss\u00e1g\u00faak.<\/span><\/p>","protected":false},"excerpt":{"rendered":"<p>Podczas dwudniowych obrad w Zakopanem ministrowie \u015brodowiska grupy V4 i Bu\u0142garii rozmawiali m.in. o obszarach Natura 2000, jako\u015bci powietrza, r\u00f3\u017cnorodno\u015bci biologicznej i wyzwaniach w zakresie polityki klimatyczno-energetycznej. Podczas 25. spotkania na tym szczeblu g\u0142os zabra\u0142 marsza\u0142ek Sejmu Marek Kuchci\u0144ski, kt\u00f3ry przypomnia\u0142 drog\u0119, jak\u0105 przesz\u0142a Grupa Wyszehradzka, by sta\u0107 si\u0119 licz\u0105cym w Europie partnerem: Kilkana\u015bcie lat [&hellip;]<\/p>\n","protected":false},"author":6,"featured_media":6813,"comment_status":"open","ping_status":"open","sticky":false,"template":"","format":"standard","meta":{"ngg_post_thumbnail":0,"footnotes":""},"categories":[50,3],"tags":[],"class_list":["post-6812","post","type-post","status-publish","format-standard","has-post-thumbnail","hentry","category-wspolpraca-miedzynarodowa","category-wydarzenia"],"_links":{"self":[{"href":"https:\/\/marekkuchcinski.pl\/hu\/wp-json\/wp\/v2\/posts\/6812","targetHints":{"allow":["GET"]}}],"collection":[{"href":"https:\/\/marekkuchcinski.pl\/hu\/wp-json\/wp\/v2\/posts"}],"about":[{"href":"https:\/\/marekkuchcinski.pl\/hu\/wp-json\/wp\/v2\/types\/post"}],"author":[{"embeddable":true,"href":"https:\/\/marekkuchcinski.pl\/hu\/wp-json\/wp\/v2\/users\/6"}],"replies":[{"embeddable":true,"href":"https:\/\/marekkuchcinski.pl\/hu\/wp-json\/wp\/v2\/comments?post=6812"}],"version-history":[{"count":2,"href":"https:\/\/marekkuchcinski.pl\/hu\/wp-json\/wp\/v2\/posts\/6812\/revisions"}],"predecessor-version":[{"id":6819,"href":"https:\/\/marekkuchcinski.pl\/hu\/wp-json\/wp\/v2\/posts\/6812\/revisions\/6819"}],"wp:featuredmedia":[{"embeddable":true,"href":"https:\/\/marekkuchcinski.pl\/hu\/wp-json\/wp\/v2\/media\/6813"}],"wp:attachment":[{"href":"https:\/\/marekkuchcinski.pl\/hu\/wp-json\/wp\/v2\/media?parent=6812"}],"wp:term":[{"taxonomy":"category","embeddable":true,"href":"https:\/\/marekkuchcinski.pl\/hu\/wp-json\/wp\/v2\/categories?post=6812"},{"taxonomy":"post_tag","embeddable":true,"href":"https:\/\/marekkuchcinski.pl\/hu\/wp-json\/wp\/v2\/tags?post=6812"}],"curies":[{"name":"wp","href":"https:\/\/api.w.org\/{rel}","templated":true}]}}