{"id":6589,"date":"2017-05-29T10:34:00","date_gmt":"2017-05-29T08:34:00","guid":{"rendered":"https:\/\/marekkuchcinski.pl\/?p=6589"},"modified":"2017-05-29T10:34:00","modified_gmt":"2017-05-29T08:34:00","slug":"dobra-zmiana-podkarpaciu","status":"publish","type":"post","link":"https:\/\/marekkuchcinski.pl\/hu\/wydarzenia\/dobra-zmiana-podkarpaciu\/","title":{"rendered":"J\u00f3 v\u00e1ltoz\u00e1s K\u00e1rp\u00e1talj\u00e1n"},"content":{"rendered":"<p><strong>A Jog \u00e9s Igazs\u00e1goss\u00e1g Parlamenti Klubja a Sztracsokin\u00e1ban tartott kihelyezett \u00fcl\u00e9s\u00e9n hat\u00e1rozott l\u00e9p\u00e9seket tett Podkarpatszkaja fejl\u0151d\u00e9s\u00e9nek felgyors\u00edt\u00e1sa \u00e9rdek\u00e9ben.<\/strong><\/p>\n<p>A p\u00e1rt programja Lengyelorsz\u00e1g kiegyens\u00falyozott \u00e9s egyenletes fejl\u0151d\u00e9s\u00e9t felt\u00e9telezi. Ez mindenekel\u0151tt a k\u00f6vetkez\u0151ket foglalja mag\u00e1ban:<\/p>\n<p>- Podkarpatszkaja kommunik\u00e1ci\u00f3s el\u00e9rhet\u0151s\u00e9g\u00e9nek n\u00f6vel\u00e9s\u00e9re ir\u00e1nyul\u00f3 int\u00e9zked\u00e9sek a k\u00f6z\u00fati \u00e9s vas\u00fati beruh\u00e1z\u00e1sok azonnali megval\u00f3s\u00edt\u00e1s\u00e1val, t\u00f6bbek k\u00f6z\u00f6tt a Via Carpatia, a Szlov\u00e1ki\u00e1val val\u00f3 kommunik\u00e1ci\u00f3s kapcsolatok fejleszt\u00e9se vagy az Ukrajn\u00e1val val\u00f3 hat\u00e1r\u00e1tkel\u0151k fejleszt\u00e9se r\u00e9v\u00e9n,<\/p>\n<p>- az olaj- \u00e9s g\u00e1zipar \u00e9s a finom\u00edt\u00f3k \u00fajj\u00e1\u00e9p\u00edt\u00e9se \u00e9s fejleszt\u00e9se,<\/p>\n<p>- a mez\u0151gazdas\u00e1g fejleszt\u00e9se, k\u00fcl\u00f6n\u00f6sen a hegyvid\u00e9ki ter\u00fcleteken, \u00e9s a csal\u00e1di gazdas\u00e1gok fejleszt\u00e9se,<\/p>\n<p>- a v\u00edzgazd\u00e1lkod\u00e1s \u00e9s az \u00e1rv\u00edzv\u00e9delem ter\u00fclet\u00e9n a beruh\u00e1z\u00e1sok gyors v\u00e9grehajt\u00e1sa a K\u0105ty Myscowa v\u00edzt\u00e1roz\u00f3 meg\u00e9p\u00edt\u00e9s\u00e9vel,<\/p>\n<p>- a sport- \u00e9s turisztikai infrastrukt\u00fara elind\u00edt\u00e1sa, k\u00fcl\u00f6n\u00f6sen a Bieszczadyban, valamint a kultur\u00e1lis tev\u00e9kenys\u00e9gek fejleszt\u00e9se \u00e9s nemzeti \u00f6r\u00f6ks\u00e9g\u00fcnk v\u00e9delme,<\/p>\n<p>- a K\u00e1rp\u00e1tok fejleszt\u00e9s\u00e9\u00e9rt folytatott munka \u00e9s a nemzetk\u00f6zi egy\u00fcttm\u0171k\u00f6d\u00e9s fokoz\u00e1sa annak \u00e9rdek\u00e9ben, hogy a r\u00e9gi\u00f3 Eur\u00f3pa er\u0151s turisztikai \u00e9s kultur\u00e1lis k\u00f6zpontj\u00e1v\u00e1 v\u00e1ljon.<\/p>\n<p>Strachocin\u00e1t, ahol Szent Andr\u00e1s Bobola, Lengyelorsz\u00e1g v\u00e9d\u0151szentje sz\u00fcletett, t\u00f6bbek k\u00f6z\u00f6tt Marek Kuchci\u0144ski, a szejm eln\u00f6ke, a Jog \u00e9s Igazs\u00e1goss\u00e1g (PiS) p\u00e1rt eln\u00f6ke \u00e9s Ryszard Terlecki, a szejm aleln\u00f6ke, Joachim Brudzi\u0144ski, a szejm aleln\u00f6ke \u00e9s Jaros\u0142aw Kaczy\u0144ski, a PiS p\u00e1rt eln\u00f6ke l\u00e1togatta meg.<\/p>\n<p>- A PiS politikusai 2005 \u00f3ta \u00fcl\u00e9seznek Strachocinban. Szent Andrzej Bobola egy olyan v\u00e9d\u0151szent, aki nagyon j\u00f3l gondoskodik a lengyel \u00fcgyekr\u0151l - ez\u00e9rt eml\u00e9kez\u00fcnk r\u00e1. \u00c9s j\u00f3, hogy vannak olyan emberek Lengyelorsz\u00e1gban, akik arra t\u00f6rekszenek, hogy \u0151 legyen az egyik legfontosabb lengyel szent - mondta a szejm eln\u00f6ke.<\/p>\n<p>A parlamenti k\u00e9pvisel\u0151k is r\u00e9szt vettek a haza egys\u00e9g\u00e9\u00e9rt tartott mis\u00e9n.<\/p>\n<p><a href=\"https:\/\/marekkuchcinski.pl\/wp-content\/uploads\/2017\/05\/DSC_0033.jpg\"><img fetchpriority=\"high\" decoding=\"async\" class=\"alignnone size-full wp-image-6590\" src=\"https:\/\/marekkuchcinski.pl\/wp-content\/uploads\/2017\/05\/DSC_0033.jpg\" alt=\"DSC_0033\" width=\"3008\" height=\"2000\" srcset=\"https:\/\/marekkuchcinski.pl\/wp-content\/uploads\/2017\/05\/DSC_0033.jpg 2048w, https:\/\/marekkuchcinski.pl\/wp-content\/uploads\/2017\/05\/DSC_0033-300x199.jpg 300w, https:\/\/marekkuchcinski.pl\/wp-content\/uploads\/2017\/05\/DSC_0033-768x511.jpg 768w, https:\/\/marekkuchcinski.pl\/wp-content\/uploads\/2017\/05\/DSC_0033-1024x681.jpg 1024w\" sizes=\"(max-width: 3008px) 100vw, 3008px\" \/><\/a> <a href=\"https:\/\/marekkuchcinski.pl\/wp-content\/uploads\/2017\/05\/DSC_0037.jpg\"><img decoding=\"async\" class=\"alignnone size-full wp-image-6591\" src=\"https:\/\/marekkuchcinski.pl\/wp-content\/uploads\/2017\/05\/DSC_0037.jpg\" alt=\"DSC_0037\" width=\"3008\" height=\"2000\" srcset=\"https:\/\/marekkuchcinski.pl\/wp-content\/uploads\/2017\/05\/DSC_0037.jpg 2048w, https:\/\/marekkuchcinski.pl\/wp-content\/uploads\/2017\/05\/DSC_0037-300x199.jpg 300w, https:\/\/marekkuchcinski.pl\/wp-content\/uploads\/2017\/05\/DSC_0037-768x511.jpg 768w, https:\/\/marekkuchcinski.pl\/wp-content\/uploads\/2017\/05\/DSC_0037-1024x681.jpg 1024w\" sizes=\"(max-width: 3008px) 100vw, 3008px\" \/><\/a> <a href=\"https:\/\/marekkuchcinski.pl\/wp-content\/uploads\/2017\/05\/DSC_0040.jpg\"><img decoding=\"async\" class=\"alignnone size-full wp-image-6592\" src=\"https:\/\/marekkuchcinski.pl\/wp-content\/uploads\/2017\/05\/DSC_0040.jpg\" alt=\"DSC_0040\" width=\"3008\" height=\"2000\" srcset=\"https:\/\/marekkuchcinski.pl\/wp-content\/uploads\/2017\/05\/DSC_0040.jpg 2048w, https:\/\/marekkuchcinski.pl\/wp-content\/uploads\/2017\/05\/DSC_0040-300x199.jpg 300w, https:\/\/marekkuchcinski.pl\/wp-content\/uploads\/2017\/05\/DSC_0040-768x511.jpg 768w, https:\/\/marekkuchcinski.pl\/wp-content\/uploads\/2017\/05\/DSC_0040-1024x681.jpg 1024w\" sizes=\"(max-width: 3008px) 100vw, 3008px\" \/><\/a> <a href=\"https:\/\/marekkuchcinski.pl\/wp-content\/uploads\/2017\/05\/DSC_0045.jpg\"><img loading=\"lazy\" decoding=\"async\" class=\"alignnone size-full wp-image-6594\" src=\"https:\/\/marekkuchcinski.pl\/wp-content\/uploads\/2017\/05\/DSC_0045.jpg\" alt=\"DSC_0045\" width=\"3008\" height=\"2000\" srcset=\"https:\/\/marekkuchcinski.pl\/wp-content\/uploads\/2017\/05\/DSC_0045.jpg 2048w, https:\/\/marekkuchcinski.pl\/wp-content\/uploads\/2017\/05\/DSC_0045-300x199.jpg 300w, https:\/\/marekkuchcinski.pl\/wp-content\/uploads\/2017\/05\/DSC_0045-768x511.jpg 768w, https:\/\/marekkuchcinski.pl\/wp-content\/uploads\/2017\/05\/DSC_0045-1024x681.jpg 1024w\" sizes=\"(max-width: 3008px) 100vw, 3008px\" \/><\/a> <a href=\"https:\/\/marekkuchcinski.pl\/wp-content\/uploads\/2017\/05\/DSC_0048.jpg\"><img loading=\"lazy\" decoding=\"async\" class=\"alignnone size-full wp-image-6596\" src=\"https:\/\/marekkuchcinski.pl\/wp-content\/uploads\/2017\/05\/DSC_0048.jpg\" alt=\"DSC_0048\" width=\"3008\" height=\"2000\" srcset=\"https:\/\/marekkuchcinski.pl\/wp-content\/uploads\/2017\/05\/DSC_0048.jpg 2048w, https:\/\/marekkuchcinski.pl\/wp-content\/uploads\/2017\/05\/DSC_0048-300x199.jpg 300w, https:\/\/marekkuchcinski.pl\/wp-content\/uploads\/2017\/05\/DSC_0048-768x511.jpg 768w, https:\/\/marekkuchcinski.pl\/wp-content\/uploads\/2017\/05\/DSC_0048-1024x681.jpg 1024w\" sizes=\"(max-width: 3008px) 100vw, 3008px\" \/><\/a><\/p>","protected":false},"excerpt":{"rendered":"<p>Podczas wyjazdowego spotkania w Strachocinie Klub Parlamentarny Prawo i Sprawiedliwo\u015b\u0107 podj\u0105\u0142 stanowcze kroki maj\u0105ce przyspieszy\u0107 rozw\u00f3j Podkarpacia. Program partii zak\u0142ada zr\u00f3wnowa\u017cony i r\u00f3wnomierny rozw\u00f3j Polski. Wpisuj\u0105 si\u0119 w niego przede wszystkim: \u2013 dzia\u0142ania na rzecz zwi\u0119kszenia dost\u0119pno\u015bci komunikacyjnej Podkarpacia poprzez niezw\u0142oczn\u0105 realizacj\u0119 inwestycji drogowych i kolejowych, m.in. Via Carpatia, rozw\u00f3j po\u0142\u0105cze\u0144 komunikacyjnych ze S\u0142owacj\u0105 czy [&hellip;]<\/p>\n","protected":false},"author":6,"featured_media":6602,"comment_status":"open","ping_status":"open","sticky":false,"template":"","format":"standard","meta":{"ngg_post_thumbnail":0,"footnotes":""},"categories":[49,3],"tags":[],"class_list":["post-6589","post","type-post","status-publish","format-standard","has-post-thumbnail","hentry","category-podkarpacie","category-wydarzenia"],"_links":{"self":[{"href":"https:\/\/marekkuchcinski.pl\/hu\/wp-json\/wp\/v2\/posts\/6589","targetHints":{"allow":["GET"]}}],"collection":[{"href":"https:\/\/marekkuchcinski.pl\/hu\/wp-json\/wp\/v2\/posts"}],"about":[{"href":"https:\/\/marekkuchcinski.pl\/hu\/wp-json\/wp\/v2\/types\/post"}],"author":[{"embeddable":true,"href":"https:\/\/marekkuchcinski.pl\/hu\/wp-json\/wp\/v2\/users\/6"}],"replies":[{"embeddable":true,"href":"https:\/\/marekkuchcinski.pl\/hu\/wp-json\/wp\/v2\/comments?post=6589"}],"version-history":[{"count":1,"href":"https:\/\/marekkuchcinski.pl\/hu\/wp-json\/wp\/v2\/posts\/6589\/revisions"}],"predecessor-version":[{"id":6603,"href":"https:\/\/marekkuchcinski.pl\/hu\/wp-json\/wp\/v2\/posts\/6589\/revisions\/6603"}],"wp:featuredmedia":[{"embeddable":true,"href":"https:\/\/marekkuchcinski.pl\/hu\/wp-json\/wp\/v2\/media\/6602"}],"wp:attachment":[{"href":"https:\/\/marekkuchcinski.pl\/hu\/wp-json\/wp\/v2\/media?parent=6589"}],"wp:term":[{"taxonomy":"category","embeddable":true,"href":"https:\/\/marekkuchcinski.pl\/hu\/wp-json\/wp\/v2\/categories?post=6589"},{"taxonomy":"post_tag","embeddable":true,"href":"https:\/\/marekkuchcinski.pl\/hu\/wp-json\/wp\/v2\/tags?post=6589"}],"curies":[{"name":"wp","href":"https:\/\/api.w.org\/{rel}","templated":true}]}}