{"id":6483,"date":"2017-05-22T15:45:47","date_gmt":"2017-05-22T13:45:47","guid":{"rendered":"https:\/\/marekkuchcinski.pl\/?p=6483"},"modified":"2017-05-22T15:52:39","modified_gmt":"2017-05-22T13:52:39","slug":"kongres-polska-wielki-projekt","status":"publish","type":"post","link":"https:\/\/marekkuchcinski.pl\/hu\/wydarzenia\/kongres-polska-wielki-projekt\/","title":{"rendered":"Kongresszus Lengyelorsz\u00e1g - A nagy projekt"},"content":{"rendered":"<p><strong>A Lengyelorsz\u00e1g a Nagy Projekt idei kongresszus\u00e1n Marek Kuchci\u0144ski, a szejm eln\u00f6ke nyitotta meg Andrzej Krauze munk\u00e1inak bemutat\u00f3j\u00e1t, \u00e9s adta \u00e1t neki a \"B\u00e1tors\u00e1g \u00e9s hiteless\u00e9g\" kit\u00fcntet\u00e9st.<\/strong><\/p>\n<p>Szombaton Andrzej Krauze karikaturista \u00e9s testv\u00e9re, Antoni rendez\u0151 kapta a Lech Kaczy\u0144ski-d\u00edjat. A Kordegarda gal\u00e9ri\u00e1ban tartott esti vernissz\u00e1zson Marek Kuchci\u0144ski hangs\u00falyozta, hogy el\u00e9g egy hetilapot megn\u00e9zni ahhoz, hogy l\u00e1ssuk, Andrzej Krauze milyen finoman komment\u00e1lja a val\u00f3s\u00e1gunkat.<\/p>\n<p><a href=\"https:\/\/marekkuchcinski.pl\/wp-content\/uploads\/2017\/05\/DARw5WnXYAE2dkG.jpg\"><img fetchpriority=\"high\" decoding=\"async\" class=\"alignnone wp-image-6490\" src=\"https:\/\/marekkuchcinski.pl\/wp-content\/uploads\/2017\/05\/DARw5WnXYAE2dkG.jpg\" alt=\"DARw5WnXYAE2dkG\" width=\"712\" height=\"565\" srcset=\"https:\/\/marekkuchcinski.pl\/wp-content\/uploads\/2017\/05\/DARw5WnXYAE2dkG.jpg 558w, https:\/\/marekkuchcinski.pl\/wp-content\/uploads\/2017\/05\/DARw5WnXYAE2dkG-300x238.jpg 300w\" sizes=\"(max-width: 712px) 100vw, 712px\" \/><\/a><\/p>\n<p>- Andr\u00e1s \u00far val\u00f3j\u00e1ban mindannyiunkat megrajzol, mert megjegyz\u00e9sei mindannyiunkra vonatkoznak. Megmutatja nagys\u00e1gunkat \u00e9s kicsinys\u00e9g\u00fcnket, megmutatja b\u00fcszkes\u00e9g\u00fcnket \u00e9s g\u00fanyunkat, de mindig igaz.<\/p>\n<p>A Szejm eln\u00f6ke a ki\u00e1ll\u00edt\u00e1s helysz\u00edn\u00e9re is felh\u00edvta a figyelmet. - A Krakowskie Przedmie\u015bcie-ben vagyunk, a sz\u00e9kesegyh\u00e1z, a Plac Zamkowy, a v\u00e1r, a D\u00e9k\u00e1ni Akad\u00e9mia \u00e9s az egyetem k\u00f6z\u00f6tt, vagyis egy olyan helyen, ahol a lengyel k\u00e9pz\u0151m\u0171v\u00e9szet, a mi gy\u00f6ny\u00f6r\u0171 kult\u00far\u00e1nk k\u00fcl\u00f6nb\u00f6z\u0151 attrib\u00fatumai \u00e9s szimb\u00f3lumai rendk\u00edv\u00fcl furcsa \u00e9s fontos m\u00f3don egyes\u00fclnek\" - jegyezte meg.<\/p>\n<p><a href=\"https:\/\/marekkuchcinski.pl\/wp-content\/uploads\/2017\/05\/18557275_1912710908945129_7653784846136522944_n.jpg\"><img decoding=\"async\" class=\"alignnone size-full wp-image-6485\" src=\"https:\/\/marekkuchcinski.pl\/wp-content\/uploads\/2017\/05\/18557275_1912710908945129_7653784846136522944_n.jpg\" alt=\"18557275_1912710908945129_7653784846136522944_n\" width=\"960\" height=\"639\" srcset=\"https:\/\/marekkuchcinski.pl\/wp-content\/uploads\/2017\/05\/18557275_1912710908945129_7653784846136522944_n.jpg 960w, https:\/\/marekkuchcinski.pl\/wp-content\/uploads\/2017\/05\/18557275_1912710908945129_7653784846136522944_n-300x200.jpg 300w, https:\/\/marekkuchcinski.pl\/wp-content\/uploads\/2017\/05\/18557275_1912710908945129_7653784846136522944_n-768x511.jpg 768w\" sizes=\"(max-width: 960px) 100vw, 960px\" \/><\/a> <a href=\"https:\/\/marekkuchcinski.pl\/wp-content\/uploads\/2017\/05\/18557288_1912710912278462_6158436971168451333_n-1.jpg\"><img decoding=\"async\" class=\"alignnone size-full wp-image-6486\" src=\"https:\/\/marekkuchcinski.pl\/wp-content\/uploads\/2017\/05\/18557288_1912710912278462_6158436971168451333_n-1.jpg\" alt=\"18557288_1912710912278462_6158436971168451333_n\" width=\"960\" height=\"639\" srcset=\"https:\/\/marekkuchcinski.pl\/wp-content\/uploads\/2017\/05\/18557288_1912710912278462_6158436971168451333_n-1.jpg 960w, https:\/\/marekkuchcinski.pl\/wp-content\/uploads\/2017\/05\/18557288_1912710912278462_6158436971168451333_n-1-300x200.jpg 300w, https:\/\/marekkuchcinski.pl\/wp-content\/uploads\/2017\/05\/18557288_1912710912278462_6158436971168451333_n-1-768x511.jpg 768w\" sizes=\"(max-width: 960px) 100vw, 960px\" \/><\/a> <a href=\"https:\/\/marekkuchcinski.pl\/wp-content\/uploads\/2017\/05\/18582395_1912710915611795_4776337381995764317_n.jpg\"><img loading=\"lazy\" decoding=\"async\" class=\"alignnone size-full wp-image-6487\" src=\"https:\/\/marekkuchcinski.pl\/wp-content\/uploads\/2017\/05\/18582395_1912710915611795_4776337381995764317_n.jpg\" alt=\"18582395_1912710915611795_4776337381995764317_n\" width=\"639\" height=\"960\" srcset=\"https:\/\/marekkuchcinski.pl\/wp-content\/uploads\/2017\/05\/18582395_1912710915611795_4776337381995764317_n.jpg 639w, https:\/\/marekkuchcinski.pl\/wp-content\/uploads\/2017\/05\/18582395_1912710915611795_4776337381995764317_n-200x300.jpg 200w\" sizes=\"(max-width: 639px) 100vw, 639px\" \/><\/a> <a href=\"https:\/\/marekkuchcinski.pl\/wp-content\/uploads\/2017\/05\/18557020_1912710918945128_6241477588930681819_n-Kopia.jpg\"><img loading=\"lazy\" decoding=\"async\" class=\"alignnone size-full wp-image-6488\" src=\"https:\/\/marekkuchcinski.pl\/wp-content\/uploads\/2017\/05\/18557020_1912710918945128_6241477588930681819_n-Kopia.jpg\" alt=\"18557020_1912710918945128_6241477588930681819_n - Kopia\" width=\"960\" height=\"639\" srcset=\"https:\/\/marekkuchcinski.pl\/wp-content\/uploads\/2017\/05\/18557020_1912710918945128_6241477588930681819_n-Kopia.jpg 960w, https:\/\/marekkuchcinski.pl\/wp-content\/uploads\/2017\/05\/18557020_1912710918945128_6241477588930681819_n-Kopia-300x200.jpg 300w, https:\/\/marekkuchcinski.pl\/wp-content\/uploads\/2017\/05\/18557020_1912710918945128_6241477588930681819_n-Kopia-768x511.jpg 768w\" sizes=\"(max-width: 960px) 100vw, 960px\" \/><\/a><\/p>\n<p>Vas\u00e1rnap Irena Lasota ellenz\u00e9ki aktivista testv\u00e9re vette \u00e1t a \"B\u00e1tors\u00e1g \u00e9s hiteless\u00e9g\" kit\u00fcntet\u00e9st a szejm eln\u00f6k\u00e9t\u0151l.<\/p>\n<p><a href=\"https:\/\/marekkuchcinski.pl\/wp-content\/uploads\/2017\/05\/RZ__1846.jpg\"><img loading=\"lazy\" decoding=\"async\" class=\"alignnone size-full wp-image-6496\" src=\"https:\/\/marekkuchcinski.pl\/wp-content\/uploads\/2017\/05\/RZ__1846.jpg\" alt=\"RZ__1846\" width=\"2835\" height=\"1890\" srcset=\"https:\/\/marekkuchcinski.pl\/wp-content\/uploads\/2017\/05\/RZ__1846.jpg 2048w, https:\/\/marekkuchcinski.pl\/wp-content\/uploads\/2017\/05\/RZ__1846-300x200.jpg 300w, https:\/\/marekkuchcinski.pl\/wp-content\/uploads\/2017\/05\/RZ__1846-768x512.jpg 768w, https:\/\/marekkuchcinski.pl\/wp-content\/uploads\/2017\/05\/RZ__1846-1024x683.jpg 1024w\" sizes=\"(max-width: 2835px) 100vw, 2835px\" \/><\/a><\/p>\n<p>- Irena karizmatikus szem\u00e9lyis\u00e9g, akit mindenhol megtal\u00e1lunk, ahol a szabads\u00e1g \u00e9s a demokr\u00e1cia fontos. Szeretn\u00e9k k\u00f6sz\u00f6netet mondani Ir\u00e9nnek ez\u00e9rt, \u00e9s a zs\u0171rinek, hogy egy olyan szem\u00e9lyt d\u00edjazott, aki k\u00fcl\u00f6nb\u00f6z\u0151 helyeken, nemcsak K\u00f6z\u00e9p-Eur\u00f3p\u00e1ban h\u00edvja fel a figyelmet, mert Kub\u00e1r\u00f3l \u00e9s \u00e1zsiai orsz\u00e1gokr\u00f3l vagy \u00c1zsi\u00e1ban a szabads\u00e1g\u00e9rt k\u00fczd\u0151 nemzetekr\u0151l is besz\u00e9l\u00fcnk. Felkelti a nemzeti tudatoss\u00e1got, \u00e9s megmutatja, hogy a t\u00e1mogat\u00e1s, a seg\u00edts\u00e9gny\u00fajt\u00e1s \u00e9s a szolidarit\u00e1s a legjobb m\u00f3dja annak, hogy szabad emberr\u00e9 v\u00e1ljunk\" - mondta a Szejm eln\u00f6ke.<\/p>\n<p><a href=\"https:\/\/marekkuchcinski.pl\/wp-content\/uploads\/2017\/05\/RZ__1735.jpg\"><img loading=\"lazy\" decoding=\"async\" class=\"alignnone size-full wp-image-6495\" src=\"https:\/\/marekkuchcinski.pl\/wp-content\/uploads\/2017\/05\/RZ__1735.jpg\" alt=\"RZ__1735\" width=\"3360\" height=\"2240\" srcset=\"https:\/\/marekkuchcinski.pl\/wp-content\/uploads\/2017\/05\/RZ__1735.jpg 2048w, https:\/\/marekkuchcinski.pl\/wp-content\/uploads\/2017\/05\/RZ__1735-300x200.jpg 300w, https:\/\/marekkuchcinski.pl\/wp-content\/uploads\/2017\/05\/RZ__1735-768x512.jpg 768w, https:\/\/marekkuchcinski.pl\/wp-content\/uploads\/2017\/05\/RZ__1735-1024x683.jpg 1024w\" sizes=\"(max-width: 3360px) 100vw, 3360px\" \/><\/a><a href=\"https:\/\/marekkuchcinski.pl\/wp-content\/uploads\/2017\/05\/RZ__1672.jpg\"><img loading=\"lazy\" decoding=\"async\" class=\"alignnone size-full wp-image-6494\" src=\"https:\/\/marekkuchcinski.pl\/wp-content\/uploads\/2017\/05\/RZ__1672.jpg\" alt=\"RZ__1672\" width=\"2835\" height=\"1890\" srcset=\"https:\/\/marekkuchcinski.pl\/wp-content\/uploads\/2017\/05\/RZ__1672.jpg 2048w, https:\/\/marekkuchcinski.pl\/wp-content\/uploads\/2017\/05\/RZ__1672-300x200.jpg 300w, https:\/\/marekkuchcinski.pl\/wp-content\/uploads\/2017\/05\/RZ__1672-768x512.jpg 768w, https:\/\/marekkuchcinski.pl\/wp-content\/uploads\/2017\/05\/RZ__1672-1024x683.jpg 1024w\" sizes=\"(max-width: 2835px) 100vw, 2835px\" \/><\/a><a href=\"https:\/\/marekkuchcinski.pl\/wp-content\/uploads\/2017\/05\/RZ__1636.jpg\"><img loading=\"lazy\" decoding=\"async\" class=\"alignnone size-full wp-image-6492\" src=\"https:\/\/marekkuchcinski.pl\/wp-content\/uploads\/2017\/05\/RZ__1636.jpg\" alt=\"RZ__1636\" width=\"2835\" height=\"1890\" srcset=\"https:\/\/marekkuchcinski.pl\/wp-content\/uploads\/2017\/05\/RZ__1636.jpg 2048w, https:\/\/marekkuchcinski.pl\/wp-content\/uploads\/2017\/05\/RZ__1636-300x200.jpg 300w, https:\/\/marekkuchcinski.pl\/wp-content\/uploads\/2017\/05\/RZ__1636-768x512.jpg 768w, https:\/\/marekkuchcinski.pl\/wp-content\/uploads\/2017\/05\/RZ__1636-1024x683.jpg 1024w\" sizes=\"(max-width: 2835px) 100vw, 2835px\" \/><\/a><\/p>","protected":false},"excerpt":{"rendered":"<p>Podczas tegorocznej edycji kongresu Polska Wielki Projekt marsza\u0142ek Sejmu Marek Kuchci\u0144ski otworzy\u0142 wernisa\u017c prac Andrzeja Krauzego oraz wr\u0119czy\u0142 medal \u201eOdwaga i Wiarygodno\u015b\u0107\u201d. W sobot\u0119 Andrzej Krauze, rysownik, razem ze swoim bratem re\u017cyserem Antonim odebrali Nagrod\u0119 im. Lecha Kaczy\u0144skiego. Podczas wieczornego wernisa\u017cu w galerii Kordegarda Marek Kuchci\u0144ski podkre\u015bla\u0142, \u017ce wystarczy si\u0119gn\u0105\u0107 do kt\u00f3rego\u015b z tygodnik\u00f3w, by [&hellip;]<\/p>\n","protected":false},"author":6,"featured_media":6484,"comment_status":"open","ping_status":"open","sticky":false,"template":"","format":"standard","meta":{"ngg_post_thumbnail":0,"footnotes":""},"categories":[49,3],"tags":[],"class_list":["post-6483","post","type-post","status-publish","format-standard","has-post-thumbnail","hentry","category-podkarpacie","category-wydarzenia"],"_links":{"self":[{"href":"https:\/\/marekkuchcinski.pl\/hu\/wp-json\/wp\/v2\/posts\/6483","targetHints":{"allow":["GET"]}}],"collection":[{"href":"https:\/\/marekkuchcinski.pl\/hu\/wp-json\/wp\/v2\/posts"}],"about":[{"href":"https:\/\/marekkuchcinski.pl\/hu\/wp-json\/wp\/v2\/types\/post"}],"author":[{"embeddable":true,"href":"https:\/\/marekkuchcinski.pl\/hu\/wp-json\/wp\/v2\/users\/6"}],"replies":[{"embeddable":true,"href":"https:\/\/marekkuchcinski.pl\/hu\/wp-json\/wp\/v2\/comments?post=6483"}],"version-history":[{"count":5,"href":"https:\/\/marekkuchcinski.pl\/hu\/wp-json\/wp\/v2\/posts\/6483\/revisions"}],"predecessor-version":[{"id":6501,"href":"https:\/\/marekkuchcinski.pl\/hu\/wp-json\/wp\/v2\/posts\/6483\/revisions\/6501"}],"wp:featuredmedia":[{"embeddable":true,"href":"https:\/\/marekkuchcinski.pl\/hu\/wp-json\/wp\/v2\/media\/6484"}],"wp:attachment":[{"href":"https:\/\/marekkuchcinski.pl\/hu\/wp-json\/wp\/v2\/media?parent=6483"}],"wp:term":[{"taxonomy":"category","embeddable":true,"href":"https:\/\/marekkuchcinski.pl\/hu\/wp-json\/wp\/v2\/categories?post=6483"},{"taxonomy":"post_tag","embeddable":true,"href":"https:\/\/marekkuchcinski.pl\/hu\/wp-json\/wp\/v2\/tags?post=6483"}],"curies":[{"name":"wp","href":"https:\/\/api.w.org\/{rel}","templated":true}]}}