{"id":6345,"date":"2017-05-09T16:32:33","date_gmt":"2017-05-09T14:32:33","guid":{"rendered":"https:\/\/marekkuchcinski.pl\/?p=6345"},"modified":"2017-05-09T16:32:33","modified_gmt":"2017-05-09T14:32:33","slug":"marszalek-sejmu-tym-roku-podejmujemy-szereg-inicjatyw-o-charakterze-regionalnym-zwiazanym-naszym-wspolistnieniem-europie","status":"publish","type":"post","link":"https:\/\/marekkuchcinski.pl\/hu\/wydarzenia\/marszalek-sejmu-tym-roku-podejmujemy-szereg-inicjatyw-o-charakterze-regionalnym-zwiazanym-naszym-wspolistnieniem-europie\/","title":{"rendered":"A Szejm eln\u00f6ke: Ebben az \u00e9vben sz\u00e1mos region\u00e1lis jelleg\u0171 kezdem\u00e9nyez\u00e9st tesz\u00fcnk, amelyek az eur\u00f3pai egy\u00fctt\u00e9l\u00e9s\u00fcnkh\u00f6z kapcsol\u00f3dnak."},"content":{"rendered":"<p>A Lengyel K\u00f6zt\u00e1rsas\u00e1g Szejmje folytatni \u00e9s fejleszteni fogja tev\u00e9kenys\u00e9g\u00e9t minden l\u00e9tez\u0151 ir\u00e1nyban, \u00e9s er\u0151s\u00edteni fogja azt minden olyan ter\u00fcleten \u00e9s ter\u00fcleten, amely fontos a mai nemzetk\u00f6zi k\u00f6rnyezet szempontj\u00e1b\u00f3l\" - mondta a Szejm eln\u00f6ke a diplom\u00e1ciai test\u00fclet tagjaival a m\u00e1jus 3-i alkotm\u00e1ny napja alkalm\u00e1b\u00f3l tartott tal\u00e1lkoz\u00f3j\u00e1n. - Ma \u00e9rdemes eml\u00e9kezni arra, hogy a m\u00e1jus 3-i alkotm\u00e1ny uni\u00f3s jelleg\u0171 projekt volt, mivel \u00faj m\u00f3don szab\u00e1lyozta Lengyelorsz\u00e1g \u00e9s Litv\u00e1nia egy\u00fctt\u00e9l\u00e9s\u00e9t\" - mondta a h\u00e1zeln\u00f6k.<\/p>\n<p>Marek Kuchci\u0144ski hangs\u00falyozta, hogy a Szejm eln\u00f6kek\u00e9nt r\u00e9szt vesz a t\u00f6bboldal\u00fa \u00e9s k\u00e9toldal\u00fa nemzetk\u00f6zi tal\u00e1lkoz\u00f3kon, t\u00f6bbek k\u00f6z\u00f6tt az Eur\u00f3pai Uni\u00f3 parlamentjei eln\u00f6keinek \u00fcl\u00e9sein. Eml\u00e9keztetett az Uni\u00f3 meg\u00faj\u00edt\u00e1s\u00e1ra ir\u00e1nyul\u00f3, Lengyelorsz\u00e1g \u00e1ltal a luxembourgi tal\u00e1lkoz\u00f3n beny\u00fajtott projektre is, nevezetesen a \"Szolidarit\u00e1s Eur\u00f3p\u00e1ja. Biztons\u00e1g, hat\u00e1rok, meg\u00fajult int\u00e9zm\u00e9nyek\".<\/p>\n<p>Mivel tiszt\u00e1ban vagyok azzal, hogy Eur\u00f3pa sokkal t\u00e1gabb, mint az Eur\u00f3pai Uni\u00f3, kezdem\u00e9nyeztem, hogy szervezzek egy tal\u00e1lkoz\u00f3t az Eur\u00f3pai Uni\u00f3hoz nem tartoz\u00f3 k\u00f6z\u00e9p- \u00e9s kelet-eur\u00f3pai orsz\u00e1gok parlamenti eln\u00f6keinek r\u00e9szv\u00e9tel\u00e9vel. A tavaly augusztus v\u00e9g\u00e9n a Szejmben tartott konferencia meger\u0151s\u00edtette a kezdem\u00e9nyez\u00e9s helyess\u00e9g\u00e9t. Ez\u00e9rt ebben az \u00e9vben is sz\u00e1mos region\u00e1lis jelleg\u0171 kezdem\u00e9nyez\u00e9st tesz\u00fcnk az eur\u00f3pai egy\u00fctt\u00e9l\u00e9s\u00fcnkkel kapcsolatban. A ment\u00e1lis, kultur\u00e1lis \u00e9s politikai k\u00f6zels\u00e9gr\u0151l van sz\u00f3\" - biztos\u00edtotta a h\u00e1zeln\u00f6k.<\/p>\n<p>A Kuchci\u0144ski marsall vezette lengyel Szejm akt\u00edv k\u00fclpolitik\u00e1t folytat, \u00e9s a parlamenti diplom\u00e1cia egyre nagyobb jelent\u0151s\u00e9get kap. - Az elm\u00falt 2016-os \u00e9v Lengyelorsz\u00e1g megkeresztelked\u00e9s\u00e9nek 1050. \u00e9vfordul\u00f3ja volt - ebb\u0151l az alkalomb\u00f3l Pozna\u0144ban tartott\u00e1k az Orsz\u00e1ggy\u0171l\u00e9st, \u00e9s az eg\u00e9sz \u00e9v tele volt sz\u00e1mos kezdem\u00e9nyez\u00e9ssel, amelyekkel megeml\u00e9keztek err\u0151l a fontos \u00e9vfordul\u00f3r\u00f3l\" - mondta a szejm eln\u00f6ke. Eml\u00e9keztetett tov\u00e1bb\u00e1 a sz\u00e1mos hivatalos \u00e9s inform\u00e1lis k\u00e9toldal\u00fa tal\u00e1lkoz\u00f3ra szinte valamennyi eur\u00f3pai orsz\u00e1g parlamenti eln\u00f6k\u00e9vel, a lengyel szejm r\u00e9szv\u00e9tel\u00e9re a lengyel-magyar szolidarit\u00e1s \u00e9v\u00e9nek \u00e9s a lengyel-magyar bar\u00e1ts\u00e1gi napoknak az \u00fcnnepl\u00e9s\u00e9ben, a lengyel \u00e9s a magyar parlament k\u00f6z\u00f6tti strat\u00e9giai egy\u00fcttm\u0171k\u00f6d\u00e9sr\u0151l sz\u00f3l\u00f3 meg\u00e1llapod\u00e1s al\u00e1\u00edr\u00e1s\u00e1ra, valamint a k\u00f6z\u00e9p- \u00e9s kelet-eur\u00f3pai parlamenti k\u00e9pvisel\u0151k r\u00e9szv\u00e9tel\u00e9vel zajl\u00f3 K\u00e1rp\u00e1ti Eur\u00f3pa projektre, A visegr\u00e1di orsz\u00e1gok parlamenti eln\u00f6keinek sz\u00e1mos n\u00e9gyoldal\u00fa tal\u00e1lkoz\u00f3ja, a lengyel szejm eln\u00f6ks\u00e9geinek tal\u00e1lkoz\u00f3i m\u00e1s parlamentek eln\u00f6ks\u00e9geivel, k\u00e9toldal\u00fa csoportok \u00e9s parlamenti f\u00f3rumok, egy\u00fcttm\u0171k\u00f6d\u00e9s k\u00e9t- \u00e9s t\u00f6bboldal\u00fa parlamenti k\u00f6zgy\u0171l\u00e9sek keret\u00e9ben, a lengyel-belarusz parlamenti csoport k\u00fcld\u00f6tts\u00e9g\u00e9nek feh\u00e9roroszorsz\u00e1gi l\u00e1togat\u00e1sa, a weimari h\u00e1romsz\u00f6g parlamenti dimenzi\u00f3j\u00e1nak keret\u00e9ben folytatott tev\u00e9kenys\u00e9g.<\/p>\n<p><a href=\"https:\/\/marekkuchcinski.pl\/wp-content\/uploads\/2017\/05\/RZ__1017.jpg\"><img fetchpriority=\"high\" decoding=\"async\" class=\"alignnone size-full wp-image-6346\" src=\"https:\/\/marekkuchcinski.pl\/wp-content\/uploads\/2017\/05\/RZ__1017.jpg\" alt=\"RZ__1017\" width=\"3360\" height=\"2240\" srcset=\"https:\/\/marekkuchcinski.pl\/wp-content\/uploads\/2017\/05\/RZ__1017.jpg 2048w, https:\/\/marekkuchcinski.pl\/wp-content\/uploads\/2017\/05\/RZ__1017-300x200.jpg 300w, https:\/\/marekkuchcinski.pl\/wp-content\/uploads\/2017\/05\/RZ__1017-768x512.jpg 768w, https:\/\/marekkuchcinski.pl\/wp-content\/uploads\/2017\/05\/RZ__1017-1024x683.jpg 1024w\" sizes=\"(max-width: 3360px) 100vw, 3360px\" \/><\/a><\/p>\n<p>&nbsp;<\/p>","protected":false},"excerpt":{"rendered":"<p>Sejm Rzeczypospolitej Polskiej b\u0119dzie kontynuowa\u0142 i rozwija\u0142 swoj\u0105 aktywno\u015b\u0107 na wszystkich istniej\u0105cych kierunkach oraz wzmacnia\u0142 j\u0105 we wszystkich dziedzinach i obszarach, kt\u00f3re s\u0105 istotne dla wsp\u00f3\u0142czesnego \u015brodowiska mi\u0119dzynarodowego \u2013 powiedzia\u0142 marsza\u0142ek Sejmu podczas spotkania z korpusem dyplomatycznym z okazji \u015awi\u0119ta Konstytucji 3 maja. \u2013 Dzisiaj warto pami\u0119ta\u0107, \u017ce Konstytucja 3 maja by\u0142a projektem o\u00a0charakterze unijnym, [&hellip;]<\/p>\n","protected":false},"author":6,"featured_media":6347,"comment_status":"open","ping_status":"open","sticky":false,"template":"","format":"standard","meta":{"ngg_post_thumbnail":0,"footnotes":""},"categories":[50,3],"tags":[],"class_list":["post-6345","post","type-post","status-publish","format-standard","has-post-thumbnail","hentry","category-wspolpraca-miedzynarodowa","category-wydarzenia"],"_links":{"self":[{"href":"https:\/\/marekkuchcinski.pl\/hu\/wp-json\/wp\/v2\/posts\/6345","targetHints":{"allow":["GET"]}}],"collection":[{"href":"https:\/\/marekkuchcinski.pl\/hu\/wp-json\/wp\/v2\/posts"}],"about":[{"href":"https:\/\/marekkuchcinski.pl\/hu\/wp-json\/wp\/v2\/types\/post"}],"author":[{"embeddable":true,"href":"https:\/\/marekkuchcinski.pl\/hu\/wp-json\/wp\/v2\/users\/6"}],"replies":[{"embeddable":true,"href":"https:\/\/marekkuchcinski.pl\/hu\/wp-json\/wp\/v2\/comments?post=6345"}],"version-history":[{"count":1,"href":"https:\/\/marekkuchcinski.pl\/hu\/wp-json\/wp\/v2\/posts\/6345\/revisions"}],"predecessor-version":[{"id":6348,"href":"https:\/\/marekkuchcinski.pl\/hu\/wp-json\/wp\/v2\/posts\/6345\/revisions\/6348"}],"wp:featuredmedia":[{"embeddable":true,"href":"https:\/\/marekkuchcinski.pl\/hu\/wp-json\/wp\/v2\/media\/6347"}],"wp:attachment":[{"href":"https:\/\/marekkuchcinski.pl\/hu\/wp-json\/wp\/v2\/media?parent=6345"}],"wp:term":[{"taxonomy":"category","embeddable":true,"href":"https:\/\/marekkuchcinski.pl\/hu\/wp-json\/wp\/v2\/categories?post=6345"},{"taxonomy":"post_tag","embeddable":true,"href":"https:\/\/marekkuchcinski.pl\/hu\/wp-json\/wp\/v2\/tags?post=6345"}],"curies":[{"name":"wp","href":"https:\/\/api.w.org\/{rel}","templated":true}]}}