{"id":6322,"date":"2017-05-08T11:02:28","date_gmt":"2017-05-08T09:02:28","guid":{"rendered":"https:\/\/marekkuchcinski.pl\/?p=6322"},"modified":"2017-05-09T09:23:01","modified_gmt":"2017-05-09T07:23:01","slug":"papieski-odpust-maryjny-ku-czci-najswietszej-maryi-panny-laskawej-lwowskiej","status":"publish","type":"post","link":"https:\/\/marekkuchcinski.pl\/hu\/wydarzenia\/papieski-odpust-maryjny-ku-czci-najswietszej-maryi-panny-laskawej-lwowskiej\/","title":{"rendered":"Lvivi Boldogs\u00e1gos Sz\u0171z M\u00e1ria p\u00e1pai kegyelmi \u00fcnnepe"},"content":{"rendered":"<p>Nyolc \u00e9ve, m\u00e1jus 7-\u00e9n a Kegyelem Sz\u0171zanya kegyhely\u00e9re j\u00f6nnek azok, akik nap mint nap dolgoznak a Kis Sz\u00fcl\u0151f\u00f6ldj\u00fck jav\u00e1ra. Id\u00e9n a lvivi sz\u00e9kesegyh\u00e1zb\u00f3l sz\u00e1rmaz\u00f3 Kegyelmes Sz\u0171zanya csodat\u00e9v\u0151 festm\u00e9nye el\u0151tt im\u00e1dkozott Marek Kuchci\u0144ski szejm marsall, a Lubelskie \u00e9s Podkarpatszka vajdas\u00e1gok parlamenti k\u00e9pvisel\u0151i, \u00f6nkorm\u00e1nyzati tiszts\u00e9gvisel\u0151i. A szejm eln\u00f6ke leleplezte Szent Albert testv\u00e9r mellszobr\u00e1t, \u00e9s a lubaczowi f\u00f6ld egyedis\u00e9g\u00e9r\u0151l besz\u00e9lt:  - Albert testv\u00e9r itt alap\u00edtotta remetes\u00e9g\u00e9t, itt dolgozott \u00e9s tev\u00e9kenykedett - mondta Marek Kuchci\u0144ski.<\/p>\n<p>Az \u00fcnneps\u00e9gen egy Szent Albert Chmielowskinak szentelt ki\u00e1ll\u00edt\u00e1st is megnyitottak.<\/p>\n<p>A lw\u00f3wi Boldogs\u00e1gos Sz\u0171z M\u00e1ria tisztelet\u00e9re rendezett p\u00e1pai M\u00e1ria-boldogs\u00e1got XVI. Benedek p\u00e1pa hozta l\u00e9tre.<\/p>\n<p><em>Fot\u00f3: Marcin Materniak<\/em><\/p>\n<p><em>F\u0151 k\u00e9p: Rafa\u0142 Morawski<\/em><\/p>\n<p><a href=\"https:\/\/marekkuchcinski.pl\/wp-content\/uploads\/2017\/05\/18301463_1308030789305031_7123598255944387678_n-1.jpg\"><img fetchpriority=\"high\" decoding=\"async\" class=\"alignnone size-full wp-image-6324\" src=\"https:\/\/marekkuchcinski.pl\/wp-content\/uploads\/2017\/05\/18301463_1308030789305031_7123598255944387678_n-1.jpg\" alt=\"18301463_1308030789305031_7123598255944387678_n\" width=\"960\" height=\"640\" srcset=\"https:\/\/marekkuchcinski.pl\/wp-content\/uploads\/2017\/05\/18301463_1308030789305031_7123598255944387678_n-1.jpg 960w, https:\/\/marekkuchcinski.pl\/wp-content\/uploads\/2017\/05\/18301463_1308030789305031_7123598255944387678_n-1-300x200.jpg 300w, https:\/\/marekkuchcinski.pl\/wp-content\/uploads\/2017\/05\/18301463_1308030789305031_7123598255944387678_n-1-768x512.jpg 768w\" sizes=\"(max-width: 960px) 100vw, 960px\" \/><\/a><a href=\"https:\/\/marekkuchcinski.pl\/wp-content\/uploads\/2017\/05\/012.jpg\"><img decoding=\"async\" class=\"alignnone size-full wp-image-6335\" src=\"https:\/\/marekkuchcinski.pl\/wp-content\/uploads\/2017\/05\/012.jpg\" alt=\"012\" width=\"3888\" height=\"2592\" srcset=\"https:\/\/marekkuchcinski.pl\/wp-content\/uploads\/2017\/05\/012.jpg 2048w, https:\/\/marekkuchcinski.pl\/wp-content\/uploads\/2017\/05\/012-300x200.jpg 300w, https:\/\/marekkuchcinski.pl\/wp-content\/uploads\/2017\/05\/012-768x512.jpg 768w, https:\/\/marekkuchcinski.pl\/wp-content\/uploads\/2017\/05\/012-1024x683.jpg 1024w\" sizes=\"(max-width: 3888px) 100vw, 3888px\" \/><\/a>A Szejm eln\u00f6ke:<em> Ma egy nagyszer\u0171 \u00fcgynek szentelt, eln\u00e9z\u0151 \u00fcnnepen vesz\u00fcnk r\u00e9szt. A lengyel \u00e1llam 1050 \u00e9ves fenn\u00e1ll\u00e1sa szempontj\u00e1b\u00f3l ez \u00fajabb bizony\u00edt\u00e9k arra, hogy Lengyelorsz\u00e1g t\u00f6rt\u00e9nelme \u00e9s a lengyel nemzet \u00e9p\u00edt\u00e9se elv\u00e1laszthatatlanul \u00f6sszef\u00fcgg a kereszt\u00e9nys\u00e9ggel, a katolicizmussal \u00e9s a katolikus egyh\u00e1z int\u00e9zm\u00e9ny\u00e9vel.<\/em><\/p>\n<p><a href=\"https:\/\/marekkuchcinski.pl\/wp-content\/uploads\/2017\/05\/028.jpg\"><img decoding=\"async\" class=\"alignnone size-full wp-image-6336\" src=\"https:\/\/marekkuchcinski.pl\/wp-content\/uploads\/2017\/05\/028.jpg\" alt=\"028\" width=\"3888\" height=\"2592\" srcset=\"https:\/\/marekkuchcinski.pl\/wp-content\/uploads\/2017\/05\/028.jpg 2048w, https:\/\/marekkuchcinski.pl\/wp-content\/uploads\/2017\/05\/028-300x200.jpg 300w, https:\/\/marekkuchcinski.pl\/wp-content\/uploads\/2017\/05\/028-768x512.jpg 768w, https:\/\/marekkuchcinski.pl\/wp-content\/uploads\/2017\/05\/028-1024x683.jpg 1024w\" sizes=\"(max-width: 3888px) 100vw, 3888px\" \/><\/a><a href=\"https:\/\/marekkuchcinski.pl\/wp-content\/uploads\/2017\/05\/029.jpg\"><img loading=\"lazy\" decoding=\"async\" class=\"alignnone size-full wp-image-6337\" src=\"https:\/\/marekkuchcinski.pl\/wp-content\/uploads\/2017\/05\/029.jpg\" alt=\"029\" width=\"3487\" height=\"2325\" srcset=\"https:\/\/marekkuchcinski.pl\/wp-content\/uploads\/2017\/05\/029.jpg 2048w, https:\/\/marekkuchcinski.pl\/wp-content\/uploads\/2017\/05\/029-300x200.jpg 300w, https:\/\/marekkuchcinski.pl\/wp-content\/uploads\/2017\/05\/029-768x512.jpg 768w, https:\/\/marekkuchcinski.pl\/wp-content\/uploads\/2017\/05\/029-1024x683.jpg 1024w\" sizes=\"(max-width: 3487px) 100vw, 3487px\" \/><\/a><a href=\"https:\/\/marekkuchcinski.pl\/wp-content\/uploads\/2017\/05\/18268571_1308030875971689_818503331092786679_n-1.jpg\"><img loading=\"lazy\" decoding=\"async\" class=\"alignnone size-full wp-image-6332\" src=\"https:\/\/marekkuchcinski.pl\/wp-content\/uploads\/2017\/05\/18268571_1308030875971689_818503331092786679_n-1.jpg\" alt=\"18268571_1308030875971689_818503331092786679_n\" width=\"960\" height=\"628\" srcset=\"https:\/\/marekkuchcinski.pl\/wp-content\/uploads\/2017\/05\/18268571_1308030875971689_818503331092786679_n-1.jpg 960w, https:\/\/marekkuchcinski.pl\/wp-content\/uploads\/2017\/05\/18268571_1308030875971689_818503331092786679_n-1-300x196.jpg 300w, https:\/\/marekkuchcinski.pl\/wp-content\/uploads\/2017\/05\/18268571_1308030875971689_818503331092786679_n-1-768x502.jpg 768w\" sizes=\"(max-width: 960px) 100vw, 960px\" \/><\/a><\/p>","protected":false},"excerpt":{"rendered":"<p>Od o\u015bmiu lat, 7 maja, do Sanktuarium Matki Bo\u017cej \u0141askawej przyje\u017cd\u017caj\u0105 ci, kt\u00f3rzy na co dzie\u0144 pracuj\u0105 na rzecz Ma\u0142ych Ojczyzn. W tym roku przed cudownym obrazem Matki Boskiej z lwowskiej katedry,\u00a0modli\u0142 si\u0119 marsza\u0142ek Sejmu Marek Kuchci\u0144ski, pos\u0142owie, samorz\u0105dowcy z wojew\u00f3dztwa lubelskiego i podkarpackiego.\u00a0Marsza\u0142ek Sejmu ods\u0142onili popiersie \u015bw. Brata Alberta, m\u00f3wi\u0105c o wyj\u0105tkowo\u015bci ziemi lubaczowskiej: [&hellip;]<\/p>\n","protected":false},"author":6,"featured_media":6343,"comment_status":"open","ping_status":"open","sticky":false,"template":"","format":"standard","meta":{"ngg_post_thumbnail":0,"footnotes":""},"categories":[49,3],"tags":[],"class_list":["post-6322","post","type-post","status-publish","format-standard","has-post-thumbnail","hentry","category-podkarpacie","category-wydarzenia"],"_links":{"self":[{"href":"https:\/\/marekkuchcinski.pl\/hu\/wp-json\/wp\/v2\/posts\/6322","targetHints":{"allow":["GET"]}}],"collection":[{"href":"https:\/\/marekkuchcinski.pl\/hu\/wp-json\/wp\/v2\/posts"}],"about":[{"href":"https:\/\/marekkuchcinski.pl\/hu\/wp-json\/wp\/v2\/types\/post"}],"author":[{"embeddable":true,"href":"https:\/\/marekkuchcinski.pl\/hu\/wp-json\/wp\/v2\/users\/6"}],"replies":[{"embeddable":true,"href":"https:\/\/marekkuchcinski.pl\/hu\/wp-json\/wp\/v2\/comments?post=6322"}],"version-history":[{"count":7,"href":"https:\/\/marekkuchcinski.pl\/hu\/wp-json\/wp\/v2\/posts\/6322\/revisions"}],"predecessor-version":[{"id":6344,"href":"https:\/\/marekkuchcinski.pl\/hu\/wp-json\/wp\/v2\/posts\/6322\/revisions\/6344"}],"wp:featuredmedia":[{"embeddable":true,"href":"https:\/\/marekkuchcinski.pl\/hu\/wp-json\/wp\/v2\/media\/6343"}],"wp:attachment":[{"href":"https:\/\/marekkuchcinski.pl\/hu\/wp-json\/wp\/v2\/media?parent=6322"}],"wp:term":[{"taxonomy":"category","embeddable":true,"href":"https:\/\/marekkuchcinski.pl\/hu\/wp-json\/wp\/v2\/categories?post=6322"},{"taxonomy":"post_tag","embeddable":true,"href":"https:\/\/marekkuchcinski.pl\/hu\/wp-json\/wp\/v2\/tags?post=6322"}],"curies":[{"name":"wp","href":"https:\/\/api.w.org\/{rel}","templated":true}]}}