{"id":6274,"date":"2017-05-04T11:48:55","date_gmt":"2017-05-04T09:48:55","guid":{"rendered":"https:\/\/marekkuchcinski.pl\/?p=6274"},"modified":"2017-05-04T11:53:51","modified_gmt":"2017-05-04T09:53:51","slug":"swieto-konstytucji-3-maja","status":"publish","type":"post","link":"https:\/\/marekkuchcinski.pl\/hu\/wydarzenia\/swieto-konstytucji-3-maja\/","title":{"rendered":"A m\u00e1jus 3-i alkotm\u00e1ny \u00fcnnepe"},"content":{"rendered":"<p dir=\"ltr\">A vars\u00f3i Szent J\u00e1nos F\u0151sz\u00e9kesegyh\u00e1zban a haza sz\u00e1nd\u00e9k\u00e1\u00e9rt tartott szentmis\u00e9vel kezd\u0151d\u00f6tt a m\u00e1jus 3-i nemzeti \u00fcnnep f\u0151\u00fcnneps\u00e9ge, amelynek keret\u00e9ben a V\u00e1r t\u00e9ren is \u00fcnneps\u00e9geket tartottak, kor\u00e1bban pedig a kir\u00e1lyi v\u00e1rban \u00e1llami kit\u00fcntet\u00e9sek \u00e1tad\u00e1s\u00e1ra ker\u00fclt sor. Az \u00fcnneps\u00e9gen r\u00e9szt vettek t\u00f6bbek k\u00f6z\u00f6tt a legf\u0151bb \u00e1llami szervek k\u00e9pvisel\u0151i - Andrzej Duda eln\u00f6k \u00e9s feles\u00e9ge, Marek Kuchci\u0144ski \u00e9s Stanis\u0142aw Karczewski, a Szejm \u00e9s a Szen\u00e1tus marsalljai, Beata Szyd\u0142o minisztereln\u00f6k \u00e9s a Minisztertan\u00e1cs tagjai, parlamenti k\u00e9pvisel\u0151k, valamint a f\u0151v\u00e1ros sz\u00e1mos polg\u00e1ra \u00e9s vend\u00e9ge.<\/p>\n<p dir=\"ltr\">A Lengyel K\u00f6zt\u00e1rsas\u00e1g eln\u00f6ke a m\u00e1jus 3-i nemzeti \u00fcnnep alkalm\u00e1b\u00f3l a Kir\u00e1lyi Kast\u00e9lyban a Feh\u00e9r Sas \u00e9rdemrendet adom\u00e1nyozta Adam Bujak fotogr\u00e1fusnak, aki II. J\u00e1nos P\u00e1l p\u00e1pai p\u00e1pas\u00e1g\u00e1t dokument\u00e1lta, Mieczys\u0142aw Chor\u0105\u017cy professzornak, orvosi onkol\u00f3gusnak \u00e9s Jan Krzysztof Kelusnak, a Lengyel N\u00e9pk\u00f6zt\u00e1rsas\u00e1g demokratikus ellenz\u00e9k\u00e9nek k\u00f6lt\u0151j\u00e9nek \u00e9s \u00e9nekes\u00e9nek. A legmagasabb \u00e1llami kit\u00fcntet\u00e9st Zofia Teliga-Mertens, a Kazahszt\u00e1nb\u00f3l hazatelep\u00fclteket seg\u00edt\u0151 t\u00e1rsadalmi aktivista \u00e9s Mieczys\u0142aw Tomaszewski zenetud\u00f3s professzor is megkapta.<\/p>\n<p dir=\"ltr\">A m\u00e1jus 3-i nemzeti \u00fcnnep meg\u00fcnnepl\u00e9s\u00e9nek cs\u00facspontja a V\u00e1r t\u00e9ren tartott \u00fcnneps\u00e9g volt. - Lengyelorsz\u00e1gban nincsenek k\u00fclf\u00f6ldi urak, \u00edgy Lengyelorsz\u00e1g szabad. Lengyelorsz\u00e1g er\u0151s\u00f6dik. A szabad \u00e9s er\u0151s Lengyelorsz\u00e1g \u00e1lma m\u00e9lyen gy\u00f6kerezik nemzet\u00fcnk sz\u00edv\u00e9ben. \u00c9s ez m\u00e1r \u00e9vsz\u00e1zadokkal ezel\u0151tt volt, amikor ezt a dalt kompon\u00e1lt\u00e1k\" - hangs\u00falyozta besz\u00e9d\u00e9ben Andrzej Duda eln\u00f6k. Mint r\u00e1mutatott, ez\u00e9rt vagyunk olyan b\u00fcszk\u00e9k a m\u00e1jus 3-i alkotm\u00e1nyra, mert az egy er\u0151s, szabad \u00e1llam fel\u00e9p\u00edt\u00e9s\u00e9nek rem\u00e9ny\u00e9t hordozta mag\u00e1ban.<\/p>\n<p dir=\"ltr\">Az eln\u00f6k azt is kiemelte, hogy vit\u00e1t kell ind\u00edtani az \u00faj alkotm\u00e1nyr\u00f3l. Andrzej Duda azzal \u00e9rvelt, hogy a lengyeleknek joguk van belesz\u00f3lni abba, hogy meg kell-e v\u00e1ltoztatni a 20 \u00e9ve hat\u00e1lyos alkotm\u00e1nyt. - Itt az ideje egy komoly alkotm\u00e1nyos vit\u00e1nak, amelyben a lengyel nemzet is r\u00e9szt vesz, nem csak az elit \u00e9s a politikusok\" - magyar\u00e1zta az eln\u00f6k. - Azt akarom, hogy Lengyelorsz\u00e1gban j\u00f6v\u0151re - a f\u00fcggetlens\u00e9g 100. \u00e9vfordul\u00f3j\u00e1n - n\u00e9pszavaz\u00e1st tartsanak az alkotm\u00e1nyr\u00f3l\" - hangs\u00falyozta Andrzej Duda. Az eln\u00f6k rem\u00e9ny\u00e9t fejezte ki, hogy ez a v\u00e1llalkoz\u00e1s k\u00e9pes lesz \u00e1t\u00edvelni minden megosztotts\u00e1gon.<\/p>\n<p dir=\"ltr\">A V\u00e1r t\u00e9ren tartott \u00fcnneps\u00e9gen elhangzott a nemzeti himnusz \u00e9s felolvast\u00e1k a m\u00e1jus 3-i alkotm\u00e1ny preambulum\u00e1t. A vars\u00f3i kir\u00e1lyi v\u00e1r el\u0151tt a lengyel hadsereg alegys\u00e9geinek \u00fcnnep\u00e9lyes bemutat\u00f3j\u00e1ra \u00e9s a lengyel hadsereg reprezentat\u00edv sz\u00e1zad\u00e1nak felvonul\u00e1s\u00e1ra is sor ker\u00fclt. Az Alkotm\u00e1ny 226. \u00e9vfordul\u00f3ja alkalm\u00e1b\u00f3l a J\u00f3zef Pi\u0142sudski marsall t\u00e9rr\u0151l id\u0151nk\u00e9nt \u00e1gy\u00fasz\u00f3val tisztelegtek.<\/p>\n<p dir=\"ltr\">***<\/p>\n<p dir=\"ltr\">226 \u00e9vvel ezel\u0151tt, 1791. m\u00e1jus 3-\u00e1n fogadta el a Nagy Szejm a Lengyel-Litv\u00e1n Nemzetk\u00f6z\u00f6ss\u00e9g alkotm\u00e1ny\u00e1t. Ez volt az els\u0151 \u00edrott alkotm\u00e1ny a modern Eur\u00f3p\u00e1ban \u00e9s az amerikai ut\u00e1n a m\u00e1sodik a vil\u00e1gon. Ez az alkotm\u00e1ny szab\u00e1lyozta t\u00f6bbek k\u00f6z\u00f6tt az \u00e1llamhatalom szervezet\u00e9t, valamint az \u00e1llampolg\u00e1rok jogait \u00e9s k\u00f6teless\u00e9geit. - Az emberi t\u00e1rsadalomban minden hatalom az emberek akarat\u00e1b\u00f3l ered. Annak \u00e9rdek\u00e9ben teh\u00e1t, hogy az \u00e1llamok \u00f6sszess\u00e9ge, a polg\u00e1ri szabads\u00e1g \u00e9s a t\u00e1rsadalom rendje mind\u00f6r\u00f6kk\u00e9 egyenl\u0151 fontoss\u00e1g\u00fa maradjon, a lengyel nemzet korm\u00e1ny\u00e1nak h\u00e1rom hat\u00f3s\u00e1gb\u00f3l kell \u00e1llnia, \u00e9s a jelen t\u00f6rv\u00e9ny akarat\u00e1b\u00f3l h\u00e1rom hat\u00f3s\u00e1gb\u00f3l kell \u00e1llnia: a t\u00f6rv\u00e9nyhoz\u00f3 hatalom az \u00f6sszegy\u0171lt \u00e1llamokban, a legf\u0151bb v\u00e9grehajt\u00f3 hatalom a kir\u00e1lyban \u00e9s a g\u00e1rd\u00e1ban, a b\u00edr\u00f3i hatalom pedig az e c\u00e9lb\u00f3l l\u00e9trehozott vagy l\u00e9trehozand\u00f3 t\u00f6rv\u00e9nyhat\u00f3s\u00e1gokban\" - olvashat\u00f3 a dokumentumban.<\/p>\n<p dir=\"ltr\">A 226 \u00e9vvel ezel\u0151tti \"Korm\u00e1nyt\u00f6rv\u00e9ny\" tartalmazta a modern \u00e1llam \u00e9s t\u00e1rsadalom \u00e9p\u00edt\u00e9s\u00e9nek j\u00f6v\u0151k\u00e9p\u00e9t \u00e9s programj\u00e1t. A m\u00e1jus 3-i alkotm\u00e1ny az \u00e1llamrendet \u00f6r\u00f6kletes monarchi\u00e1ra v\u00e1ltoztatta, jelent\u0151sen korl\u00e1tozta a nemess\u00e9g demokr\u00e1ci\u00e1j\u00e1t, bevezette a politikai egyenl\u0151s\u00e9get a polg\u00e1rs\u00e1g \u00e9s a nemess\u00e9g k\u00f6z\u00f6tt, \u00e9s biztos\u00edtotta a parasztok sz\u00e1m\u00e1ra az \u00e1llam v\u00e9delm\u00e9t. Az Alkotm\u00e1ny form\u00e1lisan is elt\u00f6r\u00f6lte a liber\u00e1lis v\u00e9t\u00f3t. Ez a dokumentum visszaadta a lengyeleknek a rem\u00e9nyt \u00e9s a haz\u00e1juk ir\u00e1nti felel\u0151ss\u00e9g\u00e9rzetet. Tov\u00e1bbra is a k\u00f6zt\u00e1rsas\u00e1g form\u00e1j\u00e1r\u00f3l val\u00f3 mer\u00e9sz, innovat\u00edv gondolkod\u00e1s szimb\u00f3luma.<\/p>\n<p dir=\"ltr\"><em>sz\u00f6veg: A Szejm kancell\u00e1ri\u00e1ja<\/em><\/p>\n<p dir=\"ltr\"><em>fot\u00f3: Pawel Kula<\/em><\/p>\n<p><a href=\"https:\/\/marekkuchcinski.pl\/wp-content\/uploads\/2017\/05\/KU132333.jpg\"><img fetchpriority=\"high\" decoding=\"async\" class=\"alignnone size-full wp-image-6275\" src=\"https:\/\/marekkuchcinski.pl\/wp-content\/uploads\/2017\/05\/KU132333.jpg\" alt=\"KU132333\" width=\"2736\" height=\"1824\" srcset=\"https:\/\/marekkuchcinski.pl\/wp-content\/uploads\/2017\/05\/KU132333.jpg 2048w, https:\/\/marekkuchcinski.pl\/wp-content\/uploads\/2017\/05\/KU132333-300x200.jpg 300w, https:\/\/marekkuchcinski.pl\/wp-content\/uploads\/2017\/05\/KU132333-768x512.jpg 768w, https:\/\/marekkuchcinski.pl\/wp-content\/uploads\/2017\/05\/KU132333-1024x683.jpg 1024w\" sizes=\"(max-width: 2736px) 100vw, 2736px\" \/><\/a> <a href=\"https:\/\/marekkuchcinski.pl\/wp-content\/uploads\/2017\/05\/KU132318.jpg\"><img decoding=\"async\" class=\"alignnone size-full wp-image-6277\" src=\"https:\/\/marekkuchcinski.pl\/wp-content\/uploads\/2017\/05\/KU132318.jpg\" alt=\"KU132318\" width=\"2736\" height=\"1824\" srcset=\"https:\/\/marekkuchcinski.pl\/wp-content\/uploads\/2017\/05\/KU132318.jpg 2048w, https:\/\/marekkuchcinski.pl\/wp-content\/uploads\/2017\/05\/KU132318-300x200.jpg 300w, https:\/\/marekkuchcinski.pl\/wp-content\/uploads\/2017\/05\/KU132318-768x512.jpg 768w, https:\/\/marekkuchcinski.pl\/wp-content\/uploads\/2017\/05\/KU132318-1024x683.jpg 1024w\" sizes=\"(max-width: 2736px) 100vw, 2736px\" \/><\/a> <a href=\"https:\/\/marekkuchcinski.pl\/wp-content\/uploads\/2017\/05\/KU132195.jpg\"><img decoding=\"async\" class=\"alignnone size-full wp-image-6278\" src=\"https:\/\/marekkuchcinski.pl\/wp-content\/uploads\/2017\/05\/KU132195.jpg\" alt=\"KU132195\" width=\"2736\" height=\"1824\" srcset=\"https:\/\/marekkuchcinski.pl\/wp-content\/uploads\/2017\/05\/KU132195.jpg 2048w, https:\/\/marekkuchcinski.pl\/wp-content\/uploads\/2017\/05\/KU132195-300x200.jpg 300w, https:\/\/marekkuchcinski.pl\/wp-content\/uploads\/2017\/05\/KU132195-768x512.jpg 768w, https:\/\/marekkuchcinski.pl\/wp-content\/uploads\/2017\/05\/KU132195-1024x683.jpg 1024w\" sizes=\"(max-width: 2736px) 100vw, 2736px\" \/><\/a> <a href=\"https:\/\/marekkuchcinski.pl\/wp-content\/uploads\/2017\/05\/KU132056.jpg\"><img loading=\"lazy\" decoding=\"async\" class=\"alignnone size-full wp-image-6279\" src=\"https:\/\/marekkuchcinski.pl\/wp-content\/uploads\/2017\/05\/KU132056.jpg\" alt=\"KU132056\" width=\"2736\" height=\"1824\" srcset=\"https:\/\/marekkuchcinski.pl\/wp-content\/uploads\/2017\/05\/KU132056.jpg 2048w, https:\/\/marekkuchcinski.pl\/wp-content\/uploads\/2017\/05\/KU132056-300x200.jpg 300w, https:\/\/marekkuchcinski.pl\/wp-content\/uploads\/2017\/05\/KU132056-768x512.jpg 768w, https:\/\/marekkuchcinski.pl\/wp-content\/uploads\/2017\/05\/KU132056-1024x683.jpg 1024w\" sizes=\"(max-width: 2736px) 100vw, 2736px\" \/><\/a> <a href=\"https:\/\/marekkuchcinski.pl\/wp-content\/uploads\/2017\/05\/KU132046.jpg\"><img loading=\"lazy\" decoding=\"async\" class=\"alignnone size-full wp-image-6280\" src=\"https:\/\/marekkuchcinski.pl\/wp-content\/uploads\/2017\/05\/KU132046.jpg\" alt=\"KU132046\" width=\"2736\" height=\"1824\" srcset=\"https:\/\/marekkuchcinski.pl\/wp-content\/uploads\/2017\/05\/KU132046.jpg 2048w, https:\/\/marekkuchcinski.pl\/wp-content\/uploads\/2017\/05\/KU132046-300x200.jpg 300w, https:\/\/marekkuchcinski.pl\/wp-content\/uploads\/2017\/05\/KU132046-768x512.jpg 768w, https:\/\/marekkuchcinski.pl\/wp-content\/uploads\/2017\/05\/KU132046-1024x683.jpg 1024w\" sizes=\"(max-width: 2736px) 100vw, 2736px\" \/><\/a> <a href=\"https:\/\/marekkuchcinski.pl\/wp-content\/uploads\/2017\/05\/KU131715.jpg\"><img loading=\"lazy\" decoding=\"async\" class=\"alignnone size-full wp-image-6281\" src=\"https:\/\/marekkuchcinski.pl\/wp-content\/uploads\/2017\/05\/KU131715.jpg\" alt=\"KU131715\" width=\"2736\" height=\"1824\" srcset=\"https:\/\/marekkuchcinski.pl\/wp-content\/uploads\/2017\/05\/KU131715.jpg 2048w, https:\/\/marekkuchcinski.pl\/wp-content\/uploads\/2017\/05\/KU131715-300x200.jpg 300w, https:\/\/marekkuchcinski.pl\/wp-content\/uploads\/2017\/05\/KU131715-768x512.jpg 768w, https:\/\/marekkuchcinski.pl\/wp-content\/uploads\/2017\/05\/KU131715-1024x683.jpg 1024w\" sizes=\"(max-width: 2736px) 100vw, 2736px\" \/><\/a> <a href=\"https:\/\/marekkuchcinski.pl\/wp-content\/uploads\/2017\/05\/KU131703.jpg\"><img loading=\"lazy\" decoding=\"async\" class=\"alignnone size-full wp-image-6282\" src=\"https:\/\/marekkuchcinski.pl\/wp-content\/uploads\/2017\/05\/KU131703.jpg\" alt=\"KU131703\" width=\"2736\" height=\"1824\" srcset=\"https:\/\/marekkuchcinski.pl\/wp-content\/uploads\/2017\/05\/KU131703.jpg 2048w, https:\/\/marekkuchcinski.pl\/wp-content\/uploads\/2017\/05\/KU131703-300x200.jpg 300w, https:\/\/marekkuchcinski.pl\/wp-content\/uploads\/2017\/05\/KU131703-768x512.jpg 768w, https:\/\/marekkuchcinski.pl\/wp-content\/uploads\/2017\/05\/KU131703-1024x683.jpg 1024w\" sizes=\"(max-width: 2736px) 100vw, 2736px\" \/><\/a> <a href=\"https:\/\/marekkuchcinski.pl\/wp-content\/uploads\/2017\/05\/KU131653.jpg\"><img loading=\"lazy\" decoding=\"async\" class=\"alignnone size-full wp-image-6284\" src=\"https:\/\/marekkuchcinski.pl\/wp-content\/uploads\/2017\/05\/KU131653.jpg\" alt=\"KU131653\" width=\"2736\" height=\"1824\" srcset=\"https:\/\/marekkuchcinski.pl\/wp-content\/uploads\/2017\/05\/KU131653.jpg 2048w, https:\/\/marekkuchcinski.pl\/wp-content\/uploads\/2017\/05\/KU131653-300x200.jpg 300w, https:\/\/marekkuchcinski.pl\/wp-content\/uploads\/2017\/05\/KU131653-768x512.jpg 768w, https:\/\/marekkuchcinski.pl\/wp-content\/uploads\/2017\/05\/KU131653-1024x683.jpg 1024w\" sizes=\"(max-width: 2736px) 100vw, 2736px\" \/><\/a> <a href=\"https:\/\/marekkuchcinski.pl\/wp-content\/uploads\/2017\/05\/KU131555.jpg\"><img loading=\"lazy\" decoding=\"async\" class=\"alignnone size-full wp-image-6285\" src=\"https:\/\/marekkuchcinski.pl\/wp-content\/uploads\/2017\/05\/KU131555.jpg\" alt=\"KU131555\" width=\"2736\" height=\"1824\" srcset=\"https:\/\/marekkuchcinski.pl\/wp-content\/uploads\/2017\/05\/KU131555.jpg 2048w, https:\/\/marekkuchcinski.pl\/wp-content\/uploads\/2017\/05\/KU131555-300x200.jpg 300w, https:\/\/marekkuchcinski.pl\/wp-content\/uploads\/2017\/05\/KU131555-768x512.jpg 768w, https:\/\/marekkuchcinski.pl\/wp-content\/uploads\/2017\/05\/KU131555-1024x683.jpg 1024w\" sizes=\"(max-width: 2736px) 100vw, 2736px\" \/><\/a> <a href=\"https:\/\/marekkuchcinski.pl\/wp-content\/uploads\/2017\/05\/KU131279.jpg\"><img loading=\"lazy\" decoding=\"async\" class=\"alignnone size-full wp-image-6287\" src=\"https:\/\/marekkuchcinski.pl\/wp-content\/uploads\/2017\/05\/KU131279.jpg\" alt=\"KU131279\" width=\"2736\" height=\"1824\" srcset=\"https:\/\/marekkuchcinski.pl\/wp-content\/uploads\/2017\/05\/KU131279.jpg 2048w, https:\/\/marekkuchcinski.pl\/wp-content\/uploads\/2017\/05\/KU131279-300x200.jpg 300w, https:\/\/marekkuchcinski.pl\/wp-content\/uploads\/2017\/05\/KU131279-768x512.jpg 768w, https:\/\/marekkuchcinski.pl\/wp-content\/uploads\/2017\/05\/KU131279-1024x683.jpg 1024w\" sizes=\"(max-width: 2736px) 100vw, 2736px\" \/><\/a> <a href=\"https:\/\/marekkuchcinski.pl\/wp-content\/uploads\/2017\/05\/KU131273.jpg\"><img loading=\"lazy\" decoding=\"async\" class=\"alignnone size-full wp-image-6288\" src=\"https:\/\/marekkuchcinski.pl\/wp-content\/uploads\/2017\/05\/KU131273.jpg\" alt=\"KU131273\" width=\"2736\" height=\"1824\" srcset=\"https:\/\/marekkuchcinski.pl\/wp-content\/uploads\/2017\/05\/KU131273.jpg 2048w, https:\/\/marekkuchcinski.pl\/wp-content\/uploads\/2017\/05\/KU131273-300x200.jpg 300w, https:\/\/marekkuchcinski.pl\/wp-content\/uploads\/2017\/05\/KU131273-768x512.jpg 768w, https:\/\/marekkuchcinski.pl\/wp-content\/uploads\/2017\/05\/KU131273-1024x683.jpg 1024w\" sizes=\"(max-width: 2736px) 100vw, 2736px\" \/><\/a> <a href=\"https:\/\/marekkuchcinski.pl\/wp-content\/uploads\/2017\/05\/KU131264.jpg\"><img loading=\"lazy\" decoding=\"async\" class=\"alignnone size-full wp-image-6289\" src=\"https:\/\/marekkuchcinski.pl\/wp-content\/uploads\/2017\/05\/KU131264.jpg\" alt=\"KU131264\" width=\"2736\" height=\"1824\" srcset=\"https:\/\/marekkuchcinski.pl\/wp-content\/uploads\/2017\/05\/KU131264.jpg 2048w, https:\/\/marekkuchcinski.pl\/wp-content\/uploads\/2017\/05\/KU131264-300x200.jpg 300w, https:\/\/marekkuchcinski.pl\/wp-content\/uploads\/2017\/05\/KU131264-768x512.jpg 768w, https:\/\/marekkuchcinski.pl\/wp-content\/uploads\/2017\/05\/KU131264-1024x683.jpg 1024w\" sizes=\"(max-width: 2736px) 100vw, 2736px\" \/><\/a> <a href=\"https:\/\/marekkuchcinski.pl\/wp-content\/uploads\/2017\/05\/KU131239.jpg\"><img loading=\"lazy\" decoding=\"async\" class=\"alignnone size-full wp-image-6290\" src=\"https:\/\/marekkuchcinski.pl\/wp-content\/uploads\/2017\/05\/KU131239.jpg\" alt=\"KU131239\" width=\"2736\" height=\"1824\" srcset=\"https:\/\/marekkuchcinski.pl\/wp-content\/uploads\/2017\/05\/KU131239.jpg 2048w, https:\/\/marekkuchcinski.pl\/wp-content\/uploads\/2017\/05\/KU131239-300x200.jpg 300w, https:\/\/marekkuchcinski.pl\/wp-content\/uploads\/2017\/05\/KU131239-768x512.jpg 768w, https:\/\/marekkuchcinski.pl\/wp-content\/uploads\/2017\/05\/KU131239-1024x683.jpg 1024w\" sizes=\"(max-width: 2736px) 100vw, 2736px\" \/><\/a> <a href=\"https:\/\/marekkuchcinski.pl\/wp-content\/uploads\/2017\/05\/KU131070.jpg\"><img loading=\"lazy\" decoding=\"async\" class=\"alignnone size-full wp-image-6291\" src=\"https:\/\/marekkuchcinski.pl\/wp-content\/uploads\/2017\/05\/KU131070.jpg\" alt=\"KU131070\" width=\"2736\" height=\"1824\" srcset=\"https:\/\/marekkuchcinski.pl\/wp-content\/uploads\/2017\/05\/KU131070.jpg 2048w, https:\/\/marekkuchcinski.pl\/wp-content\/uploads\/2017\/05\/KU131070-300x200.jpg 300w, https:\/\/marekkuchcinski.pl\/wp-content\/uploads\/2017\/05\/KU131070-768x512.jpg 768w, https:\/\/marekkuchcinski.pl\/wp-content\/uploads\/2017\/05\/KU131070-1024x683.jpg 1024w\" sizes=\"(max-width: 2736px) 100vw, 2736px\" \/><\/a> <a href=\"https:\/\/marekkuchcinski.pl\/wp-content\/uploads\/2017\/05\/KU130946.jpg\"><img loading=\"lazy\" decoding=\"async\" class=\"alignnone size-full wp-image-6294\" src=\"https:\/\/marekkuchcinski.pl\/wp-content\/uploads\/2017\/05\/KU130946.jpg\" alt=\"KU130946\" width=\"2736\" height=\"1824\" srcset=\"https:\/\/marekkuchcinski.pl\/wp-content\/uploads\/2017\/05\/KU130946.jpg 2048w, https:\/\/marekkuchcinski.pl\/wp-content\/uploads\/2017\/05\/KU130946-300x200.jpg 300w, https:\/\/marekkuchcinski.pl\/wp-content\/uploads\/2017\/05\/KU130946-768x512.jpg 768w, https:\/\/marekkuchcinski.pl\/wp-content\/uploads\/2017\/05\/KU130946-1024x683.jpg 1024w\" sizes=\"(max-width: 2736px) 100vw, 2736px\" \/><\/a><\/p>","protected":false},"excerpt":{"rendered":"<p>Od Mszy \u015bw. w intencji Ojczyzny w Archikatedrze \u015bw. Jana w Warszawie rozpocz\u0119\u0142y si\u0119 g\u0142\u00f3wne obchody \u015awi\u0119ta Narodowego 3 Maja, w ramach kt\u00f3rych odby\u0142y si\u0119 tak\u017ce uroczysto\u015bci na Placu Zamkowym, a wcze\u015bniej ceremonia wr\u0119czenia odznacze\u0144 pa\u0144stwowych na Zamku Kr\u00f3lewskim. W obchodach uczestniczyli m.in. przedstawiciele najwy\u017cszych w\u0142adz pa\u0144stwowych &#8211; prezydent Andrzej Duda z ma\u0142\u017conk\u0105, marsza\u0142kowie Sejmu [&hellip;]<\/p>\n","protected":false},"author":6,"featured_media":6296,"comment_status":"open","ping_status":"open","sticky":false,"template":"","format":"standard","meta":{"ngg_post_thumbnail":0,"footnotes":""},"categories":[77,3],"tags":[],"class_list":["post-6274","post","type-post","status-publish","format-standard","has-post-thumbnail","hentry","category-wazne-daty","category-wydarzenia"],"_links":{"self":[{"href":"https:\/\/marekkuchcinski.pl\/hu\/wp-json\/wp\/v2\/posts\/6274","targetHints":{"allow":["GET"]}}],"collection":[{"href":"https:\/\/marekkuchcinski.pl\/hu\/wp-json\/wp\/v2\/posts"}],"about":[{"href":"https:\/\/marekkuchcinski.pl\/hu\/wp-json\/wp\/v2\/types\/post"}],"author":[{"embeddable":true,"href":"https:\/\/marekkuchcinski.pl\/hu\/wp-json\/wp\/v2\/users\/6"}],"replies":[{"embeddable":true,"href":"https:\/\/marekkuchcinski.pl\/hu\/wp-json\/wp\/v2\/comments?post=6274"}],"version-history":[{"count":3,"href":"https:\/\/marekkuchcinski.pl\/hu\/wp-json\/wp\/v2\/posts\/6274\/revisions"}],"predecessor-version":[{"id":6298,"href":"https:\/\/marekkuchcinski.pl\/hu\/wp-json\/wp\/v2\/posts\/6274\/revisions\/6298"}],"wp:featuredmedia":[{"embeddable":true,"href":"https:\/\/marekkuchcinski.pl\/hu\/wp-json\/wp\/v2\/media\/6296"}],"wp:attachment":[{"href":"https:\/\/marekkuchcinski.pl\/hu\/wp-json\/wp\/v2\/media?parent=6274"}],"wp:term":[{"taxonomy":"category","embeddable":true,"href":"https:\/\/marekkuchcinski.pl\/hu\/wp-json\/wp\/v2\/categories?post=6274"},{"taxonomy":"post_tag","embeddable":true,"href":"https:\/\/marekkuchcinski.pl\/hu\/wp-json\/wp\/v2\/tags?post=6274"}],"curies":[{"name":"wp","href":"https:\/\/api.w.org\/{rel}","templated":true}]}}