{"id":6200,"date":"2017-04-21T22:51:29","date_gmt":"2017-04-21T20:51:29","guid":{"rendered":"https:\/\/marekkuchcinski.pl\/?p=6200"},"modified":"2017-04-23T11:06:37","modified_gmt":"2017-04-23T09:06:37","slug":"uroczystosc-wreczenia-not-identyfikacyjnych-czlonkom-rodzin-ofiar-totalitaryzmow","status":"publish","type":"post","link":"https:\/\/marekkuchcinski.pl\/hu\/wydarzenia\/uroczystosc-wreczenia-not-identyfikacyjnych-czlonkom-rodzin-ofiar-totalitaryzmow\/","title":{"rendered":"A totalitarizmus \u00e1ldozatai csal\u00e1djainak \u00e1tad\u00e1si \u00fcnneps\u00e9g\u00e9n az azonos\u00edt\u00f3 c\u00e9dul\u00e1k \u00e1tad\u00e1sa"},"content":{"rendered":"<p>&#8211; <em>A 70 \u00e9vvel ezel\u0151tt besti\u00e1lis m\u00f3don meggyilkolt, a szabad haz\u00e1\u00e9rt folytatott harc h\u0151seinek tisztelete az a nap, amikor a lengyel \u00e1llam teljes\u00edti k\u00f6teless\u00e9g\u00e9t.<\/em> - mondta Andrzej Duda eln\u00f6k azon az \u00fcnneps\u00e9gen, amelyen a totalitarizmus tov\u00e1bbi 12 azonos\u00edtott \u00e1ldozat\u00e1nak nev\u00e9t jelentett\u00e9k be.<\/p>\n<p>P\u00e9nteken az eln\u00f6ki palot\u00e1ban \u00fcnnep\u00e9lyes keretek k\u00f6z\u00f6tt adt\u00e1k \u00e1t a totalitarizmus 12 \u00e1ldozat\u00e1nak csal\u00e1dtagjai sz\u00e1m\u00e1ra a szem\u00e9lyazonoss\u00e1gi igazolv\u00e1nyokat, amelyen r\u00e9szt vett Andrzej Duda eln\u00f6k, a szejm \u00e9s a szen\u00e1tus eln\u00f6ke, valamint az \u00e1ldozatok csal\u00e1djainak k\u00e9pvisel\u0151i.<\/p>\n<p><em>- A lengyel \u00e1llam \u00edgy adja vissza saj\u00e1t m\u00e9lt\u00f3s\u00e1g\u00e1t, hogy megeml\u00e9kezik r\u00f3luk, hogy megadja nekik azt a tiszteletet, amely mindig is megillette \u0151ket. Pontosan ez\u00e9rt tartjuk a mai \u00fcnneps\u00e9get, amely a becs\u00fclet visszaad\u00e1sa, a benn\u00fck rejl\u0151 m\u00e9lt\u00f3s\u00e1g megmutat\u00e1sa szertart\u00e1s\u00e1nak kezdete. Ez az \u00e1llami elem, amely olyan fontos a Lengyel K\u00f6zt\u00e1rsas\u00e1g sz\u00e1m\u00e1ra.<\/em> - mondta Andrzej Duda eln\u00f6k a totalit\u00e1rius rendszerek \u00e1ldozatainak eml\u00e9k\u00e9re rendezett \u00fcnneps\u00e9gen.<\/p>\n<p>Az azonos\u00edt\u00f3 feljegyz\u00e9seket a Nemzeti Eml\u00e9kezet Int\u00e9zet\u00e9nek k\u00e9pvisel\u0151i adt\u00e1k \u00e1t annak a 12 \u00e1ldozatnak a csal\u00e1djainak, akiknek a maradv\u00e1nyait az Int\u00e9zet \u00e1ltal 2012 \u00f3ta v\u00e9gzett r\u00e9g\u00e9szeti \u00e9s exhum\u00e1l\u00e1si munk\u00e1latok sor\u00e1n t\u00e1rt\u00e1k fel. A DNS-kutat\u00e1st t\u00f6bbek k\u00f6z\u00f6tt szczecini, wroc\u0142awi \u00e9s lublini genetikusok v\u00e9gezt\u00e9k. A kommunista b\u0171n\u00f6k \u00e1ldozatainak titkos temetkez\u00e9si helyeit a Nemzeti Eml\u00e9kezet Int\u00e9zete kutatja Lengyelorsz\u00e1g-szerte.<\/p>\n<p><em>sz\u00f6veg: mon.gov.pl<\/em><\/p>\n<p><em>Fot\u00f3: Robert Suchy hadnagy\/ CO MON<\/em><\/p>\n<p><a href=\"https:\/\/marekkuchcinski.pl\/wp-content\/uploads\/2017\/04\/dry_2303.jpg\"><img fetchpriority=\"high\" decoding=\"async\" class=\"alignnone size-full wp-image-6202\" src=\"https:\/\/marekkuchcinski.pl\/wp-content\/uploads\/2017\/04\/dry_2303.jpg\" alt=\"dry_2303\" width=\"1013\" height=\"569\" srcset=\"https:\/\/marekkuchcinski.pl\/wp-content\/uploads\/2017\/04\/dry_2303.jpg 1013w, https:\/\/marekkuchcinski.pl\/wp-content\/uploads\/2017\/04\/dry_2303-300x169.jpg 300w, https:\/\/marekkuchcinski.pl\/wp-content\/uploads\/2017\/04\/dry_2303-768x431.jpg 768w\" sizes=\"(max-width: 1013px) 100vw, 1013px\" \/><\/a> <a href=\"https:\/\/marekkuchcinski.pl\/wp-content\/uploads\/2017\/04\/dry_2362.jpg\"><img decoding=\"async\" class=\"alignnone size-full wp-image-6203\" src=\"https:\/\/marekkuchcinski.pl\/wp-content\/uploads\/2017\/04\/dry_2362.jpg\" alt=\"dry_2362\" width=\"1013\" height=\"569\" srcset=\"https:\/\/marekkuchcinski.pl\/wp-content\/uploads\/2017\/04\/dry_2362.jpg 1013w, https:\/\/marekkuchcinski.pl\/wp-content\/uploads\/2017\/04\/dry_2362-300x169.jpg 300w, https:\/\/marekkuchcinski.pl\/wp-content\/uploads\/2017\/04\/dry_2362-768x431.jpg 768w\" sizes=\"(max-width: 1013px) 100vw, 1013px\" \/><\/a> <a href=\"https:\/\/marekkuchcinski.pl\/wp-content\/uploads\/2017\/04\/dry_2530.jpg\"><img decoding=\"async\" class=\"alignnone size-full wp-image-6204\" src=\"https:\/\/marekkuchcinski.pl\/wp-content\/uploads\/2017\/04\/dry_2530.jpg\" alt=\"dry_2530\" width=\"1013\" height=\"569\" srcset=\"https:\/\/marekkuchcinski.pl\/wp-content\/uploads\/2017\/04\/dry_2530.jpg 1013w, https:\/\/marekkuchcinski.pl\/wp-content\/uploads\/2017\/04\/dry_2530-300x169.jpg 300w, https:\/\/marekkuchcinski.pl\/wp-content\/uploads\/2017\/04\/dry_2530-768x431.jpg 768w\" sizes=\"(max-width: 1013px) 100vw, 1013px\" \/><\/a> <a href=\"https:\/\/marekkuchcinski.pl\/wp-content\/uploads\/2017\/04\/dry_2562.jpg\"><img loading=\"lazy\" decoding=\"async\" class=\"alignnone size-full wp-image-6205\" src=\"https:\/\/marekkuchcinski.pl\/wp-content\/uploads\/2017\/04\/dry_2562.jpg\" alt=\"dry_2562\" width=\"1013\" height=\"569\" srcset=\"https:\/\/marekkuchcinski.pl\/wp-content\/uploads\/2017\/04\/dry_2562.jpg 1013w, https:\/\/marekkuchcinski.pl\/wp-content\/uploads\/2017\/04\/dry_2562-300x169.jpg 300w, https:\/\/marekkuchcinski.pl\/wp-content\/uploads\/2017\/04\/dry_2562-768x431.jpg 768w\" sizes=\"(max-width: 1013px) 100vw, 1013px\" \/><\/a><\/p>","protected":false},"excerpt":{"rendered":"<p>&#8211; Oddanie honoru bestialsko zamordowanym 70. lat temu bohaterom walki o woln\u0105 ojczyzn\u0119 jest dniem spe\u0142nienia obowi\u0105zku przez pa\u0144stwo polskie &#8211; powiedzia\u0142 prezydent Andrzej Duda podczas uroczysto\u015bci og\u0142oszenia nazwisk 12 kolejnych zidentyfikowanych ofiar totalitaryzm\u00f3w. W pi\u0105tek w Pa\u0142acu Prezydenckim odby\u0142o si\u0119 uroczyste wr\u0119czenie not identyfikacyjnych cz\u0142onkom rodzin 12 ofiar totalitaryzm\u00f3w, w kt\u00f3rej udzia\u0142 wzi\u0119li prezydent [&hellip;]<\/p>\n","protected":false},"author":6,"featured_media":6209,"comment_status":"open","ping_status":"open","sticky":false,"template":"","format":"standard","meta":{"ngg_post_thumbnail":0,"footnotes":""},"categories":[3],"tags":[],"class_list":["post-6200","post","type-post","status-publish","format-standard","has-post-thumbnail","hentry","category-wydarzenia"],"_links":{"self":[{"href":"https:\/\/marekkuchcinski.pl\/hu\/wp-json\/wp\/v2\/posts\/6200","targetHints":{"allow":["GET"]}}],"collection":[{"href":"https:\/\/marekkuchcinski.pl\/hu\/wp-json\/wp\/v2\/posts"}],"about":[{"href":"https:\/\/marekkuchcinski.pl\/hu\/wp-json\/wp\/v2\/types\/post"}],"author":[{"embeddable":true,"href":"https:\/\/marekkuchcinski.pl\/hu\/wp-json\/wp\/v2\/users\/6"}],"replies":[{"embeddable":true,"href":"https:\/\/marekkuchcinski.pl\/hu\/wp-json\/wp\/v2\/comments?post=6200"}],"version-history":[{"count":2,"href":"https:\/\/marekkuchcinski.pl\/hu\/wp-json\/wp\/v2\/posts\/6200\/revisions"}],"predecessor-version":[{"id":6210,"href":"https:\/\/marekkuchcinski.pl\/hu\/wp-json\/wp\/v2\/posts\/6200\/revisions\/6210"}],"wp:featuredmedia":[{"embeddable":true,"href":"https:\/\/marekkuchcinski.pl\/hu\/wp-json\/wp\/v2\/media\/6209"}],"wp:attachment":[{"href":"https:\/\/marekkuchcinski.pl\/hu\/wp-json\/wp\/v2\/media?parent=6200"}],"wp:term":[{"taxonomy":"category","embeddable":true,"href":"https:\/\/marekkuchcinski.pl\/hu\/wp-json\/wp\/v2\/categories?post=6200"},{"taxonomy":"post_tag","embeddable":true,"href":"https:\/\/marekkuchcinski.pl\/hu\/wp-json\/wp\/v2\/tags?post=6200"}],"curies":[{"name":"wp","href":"https:\/\/api.w.org\/{rel}","templated":true}]}}