{"id":6184,"date":"2017-04-22T15:05:38","date_gmt":"2017-04-22T13:05:38","guid":{"rendered":"https:\/\/marekkuchcinski.pl\/?p=6184"},"modified":"2017-04-22T15:26:50","modified_gmt":"2017-04-22T13:26:50","slug":"list-marszalka-sejmu-prymasa-polski-abp-wojciecha-polaka-okazji-600-lecia-prymasostwa","status":"publish","type":"post","link":"https:\/\/marekkuchcinski.pl\/hu\/wydarzenia\/list-marszalka-sejmu-prymasa-polski-abp-wojciecha-polaka-okazji-600-lecia-prymasostwa\/","title":{"rendered":"A Szejm eln\u00f6k\u00e9nek levele Wojciech Polak lengyel pr\u00edm\u00e1snak, \u00e9rseknek a pr\u00edm\u00e1ss\u00e1g 600. \u00e9vfordul\u00f3ja alkalm\u00e1b\u00f3l"},"content":{"rendered":"<p>Id\u00e9n \u00fcnnepelj\u00fck a gniezn\u00f3i pr\u00edm\u00e1s gniezn\u00f3i \u00e9rseki c\u00edm\u00e9nek 600. \u00e9vfordul\u00f3j\u00e1t.\u00a0<em>Meggy\u0151z\u0151d\u00e9sem, hogy a lengyelorsz\u00e1gi pr\u00edm\u00e1ss\u00e1g 600. \u00e9vfordul\u00f3j\u00e1nak meg\u00fcnnepl\u00e9se nemcsak arra lesz kiv\u00e1l\u00f3 alkalom, hogy eml\u00e9keztess\u00fck t\u00e1rsadalmunkat erre az \u00f6r\u00f6ks\u00e9gre, hanem arra is, hogy a szok\u00e1sosn\u00e1l is er\u0151sebben \u00e9rezz\u00fck a kereszt\u00e9nys\u00e9g k\u00f6z\u00f6ss\u00e9g\u00fcnket egyes\u00edt\u0151 erej\u00e9t.<\/em> - \u00edrta Marek Kuchci\u0144ski, a Szejm eln\u00f6ke Wojciech Polak lengyel pr\u00edm\u00e1snak c\u00edmzett level\u00e9ben.<\/p>\n<p><a href=\"https:\/\/marekkuchcinski.pl\/wp-content\/uploads\/2017\/04\/1-FullSizeRender-001.jpg\"><img fetchpriority=\"high\" decoding=\"async\" class=\"alignnone size-full wp-image-6191\" src=\"https:\/\/marekkuchcinski.pl\/wp-content\/uploads\/2017\/04\/1-FullSizeRender-001.jpg\" alt=\"1-FullSizeRender-001\" width=\"647\" height=\"863\" srcset=\"https:\/\/marekkuchcinski.pl\/wp-content\/uploads\/2017\/04\/1-FullSizeRender-001.jpg 647w, https:\/\/marekkuchcinski.pl\/wp-content\/uploads\/2017\/04\/1-FullSizeRender-001-225x300.jpg 225w\" sizes=\"(max-width: 647px) 100vw, 647px\" \/><\/a><\/p>\n<p>&nbsp;<\/p>\n<p>&nbsp;<\/p>\n<p>&nbsp;<\/p>\n<p>&nbsp;<\/p>","protected":false},"excerpt":{"rendered":"<p>W tym roku przypada jubileusz 600-lecia nadania prymasostwa arcybiskupom gnie\u017anie\u0144skim.\u00a0Jestem przekonany, \u017ce obchody 600-lecia prymasostwa w Polsce b\u0119d\u0105 nie tylko doskona\u0142\u0105 okazj\u0105 do przypomnienia naszemu spo\u0142ecze\u0144stwu tego dziedzictwa, lecz tak\u017ce pozwol\u0105 poczu\u0107 mocniej ni\u017c zwykle jednocz\u0105c\u0105 si\u0142\u0119 chrze\u015bcija\u0144stwa dla naszej wsp\u00f3lnoty &#8211; napisa\u0142 w li\u015bcie do Prymasa Polski Wojciecha Polaka Marsza\u0142ek Sejmu Marek Kuchci\u0144ski. &nbsp; [&hellip;]<\/p>\n","protected":false},"author":6,"featured_media":6194,"comment_status":"open","ping_status":"open","sticky":false,"template":"","format":"standard","meta":{"ngg_post_thumbnail":0,"footnotes":""},"categories":[3],"tags":[],"class_list":["post-6184","post","type-post","status-publish","format-standard","has-post-thumbnail","hentry","category-wydarzenia"],"_links":{"self":[{"href":"https:\/\/marekkuchcinski.pl\/hu\/wp-json\/wp\/v2\/posts\/6184","targetHints":{"allow":["GET"]}}],"collection":[{"href":"https:\/\/marekkuchcinski.pl\/hu\/wp-json\/wp\/v2\/posts"}],"about":[{"href":"https:\/\/marekkuchcinski.pl\/hu\/wp-json\/wp\/v2\/types\/post"}],"author":[{"embeddable":true,"href":"https:\/\/marekkuchcinski.pl\/hu\/wp-json\/wp\/v2\/users\/6"}],"replies":[{"embeddable":true,"href":"https:\/\/marekkuchcinski.pl\/hu\/wp-json\/wp\/v2\/comments?post=6184"}],"version-history":[{"count":8,"href":"https:\/\/marekkuchcinski.pl\/hu\/wp-json\/wp\/v2\/posts\/6184\/revisions"}],"predecessor-version":[{"id":6199,"href":"https:\/\/marekkuchcinski.pl\/hu\/wp-json\/wp\/v2\/posts\/6184\/revisions\/6199"}],"wp:featuredmedia":[{"embeddable":true,"href":"https:\/\/marekkuchcinski.pl\/hu\/wp-json\/wp\/v2\/media\/6194"}],"wp:attachment":[{"href":"https:\/\/marekkuchcinski.pl\/hu\/wp-json\/wp\/v2\/media?parent=6184"}],"wp:term":[{"taxonomy":"category","embeddable":true,"href":"https:\/\/marekkuchcinski.pl\/hu\/wp-json\/wp\/v2\/categories?post=6184"},{"taxonomy":"post_tag","embeddable":true,"href":"https:\/\/marekkuchcinski.pl\/hu\/wp-json\/wp\/v2\/tags?post=6184"}],"curies":[{"name":"wp","href":"https:\/\/api.w.org\/{rel}","templated":true}]}}