{"id":6155,"date":"2017-04-20T11:23:27","date_gmt":"2017-04-20T09:23:27","guid":{"rendered":"https:\/\/marekkuchcinski.pl\/?p=6155"},"modified":"2017-04-20T11:56:23","modified_gmt":"2017-04-20T09:56:23","slug":"marszalek-sejmu-tablica-ktora-odslonimy-swiadczy-o-sile-ludzkiej-dziejowej-solidarnosci-miedzy-wegrami-polakami","status":"publish","type":"post","link":"https:\/\/marekkuchcinski.pl\/hu\/wydarzenia\/marszalek-sejmu-tablica-ktora-odslonimy-swiadczy-o-sile-ludzkiej-dziejowej-solidarnosci-miedzy-wegrami-polakami\/","title":{"rendered":"A Szejm eln\u00f6ke: Az \u00e1ltalunk leleplezett eml\u00e9kt\u00e1bla tan\u00faskodjon a magyarok \u00e9s lengyelek k\u00f6z\u00f6tti emberi er\u0151r\u0151l \u00e9s t\u00f6rt\u00e9nelmi szolidarit\u00e1sr\u00f3l."},"content":{"rendered":"<p><strong>A lengyelek \u00e9s magyarok rendk\u00edv\u00fcli t\u00e1mogat\u00e1s\u00e1r\u00f3l, amelyet a lengyelek \u00e9s magyarok egym\u00e1snak ny\u00fajtottak a totalit\u00e1rius rabszolgasorba tasz\u00edt\u00e1s \u00e9s megvet\u00e9s idej\u00e9n, bele\u00e9rtve a Solidarno\u015b\u0107 Walcz\u0105ca 1986-ban tett k\u00fcl\u00f6nleges gesztus\u00e1t, egy eml\u00e9kt\u00e1bla \u00e1ll\u00edt eml\u00e9ket, amelyen ez \u00e1ll:<\/strong><\/p>\n<p>Ezen a helyen 1986. okt\u00f3ber 23-\u00e1n, az 1956-os magyar felkel\u00e9s 30. \u00e9vfordul\u00f3j\u00e1n a Solidarno\u015b\u0107 Walcz\u0105ca aktivist\u00e1i a dunai esem\u00e9nyekre eml\u00e9keztet\u0151 transzparenst f\u00fcggesztettek ki. Ez a gesztus egyszerre volt a k\u00e9t nemzet szabads\u00e1gszeretet\u00e9nek bizony\u00edt\u00e9ka \u00e9s a kommunista rendszer elleni harc szimb\u00f3luma 1956-ban \u00e9s annak buk\u00e1sa el\u0151tt.<\/p>\n<p>Az eml\u00e9kt\u00e1bl\u00e1t azon a helyen \u00e1ll\u00edtott\u00e1k fel, ahol a Szolidarit\u00e1s aktivist\u00e1i ezt a b\u00e1tor, testv\u00e9ri cselekedetet v\u00e9grehajtott\u00e1k, \u00e9s Marek Kuchci\u0144ski, a Szejm eln\u00f6ke leplezte le K\u00f6v\u00e9r L\u00e1szl\u00f3val, a magyar parlament eln\u00f6k\u00e9vel egy\u00fctt, aki els\u0151 hivatalos l\u00e1togat\u00e1son j\u00e1rt Lengyelorsz\u00e1gban.<\/p>\n<p>A parlamenti eln\u00f6k\u00f6k hangs\u00falyozt\u00e1k orsz\u00e1gaink hasonl\u00f3 tapasztalatait \u00e9s a nagy szabads\u00e1gv\u00e1gyat, amely Lengyelorsz\u00e1got \u00e9s Magyarorsz\u00e1got \u00f6sszek\u00f6ti. A marsall szerint k\u00f6teless\u00e9g\u00fcnk eml\u00e9kezni a kommunista korm\u00e1nyokra, a magyar felkel\u0151kre \u00e9s a Szolidarit\u00e1s mozgalom aktivist\u00e1ira. Az emberi er\u0151 \u00e9s a t\u00f6rt\u00e9nelmi szolidarit\u00e1s eml\u00e9ke.<\/p>\n<p>- A Szolidarit\u00e1s mozgalom k\u00e9t aktivist\u00e1ja val\u00f3sz\u00edn\u0171leg nem gondolta, hogy egy t\u00f6rt\u00e9nelmi \u00e1tt\u00f6r\u00e9st hirdettek, amely Lengyelorsz\u00e1gban \u00e9s Magyarorsz\u00e1gon fog bek\u00f6vetkezni. T\u00f6bb mint negyed \u00e9vsz\u00e1zada egy\u00fctt \u00e9s szolid\u00e1risan j\u00e1rjuk a szabads\u00e1g \u00e9s a szuverenit\u00e1s, az \u00e9szak-atlanti sz\u00f6vets\u00e9g \u00e9s az Eur\u00f3pai Uni\u00f3 tags\u00e1g fel\u00e9 vezet\u0151 utat\" - mondta Kuchci\u0144ski.<\/p>\n<p>- Adja Isten, hogy ez a bar\u00e1ts\u00e1g, amelyet a t\u00f6rt\u00e9nelem viharai megedzettek, tov\u00e1bbra is \u00fagy t\u00e1pl\u00e1lkozzon, mint eddig\" - mondta - mondta K\u00f6v\u00e9r L\u00e1szl\u00f3.<\/p>\n<p><em>Fot\u00f3: Rafa\u0142 Zambrzycki<\/em><\/p>\n<p><a href=\"https:\/\/marekkuchcinski.pl\/wp-content\/uploads\/2017\/04\/RZ__0937-1-1.jpg\"><img fetchpriority=\"high\" decoding=\"async\" class=\"alignnone size-full wp-image-6156\" src=\"https:\/\/marekkuchcinski.pl\/wp-content\/uploads\/2017\/04\/RZ__0937-1-1.jpg\" alt=\"RZ__0937 (1) (1)\" width=\"2471\" height=\"1727\" srcset=\"https:\/\/marekkuchcinski.pl\/wp-content\/uploads\/2017\/04\/RZ__0937-1-1.jpg 2048w, https:\/\/marekkuchcinski.pl\/wp-content\/uploads\/2017\/04\/RZ__0937-1-1-300x210.jpg 300w, https:\/\/marekkuchcinski.pl\/wp-content\/uploads\/2017\/04\/RZ__0937-1-1-768x537.jpg 768w, https:\/\/marekkuchcinski.pl\/wp-content\/uploads\/2017\/04\/RZ__0937-1-1-1024x716.jpg 1024w\" sizes=\"(max-width: 2471px) 100vw, 2471px\" \/><\/a><a href=\"https:\/\/marekkuchcinski.pl\/wp-content\/uploads\/2017\/04\/RZ__0952.jpg\"><img decoding=\"async\" class=\"alignnone size-full wp-image-6160\" src=\"https:\/\/marekkuchcinski.pl\/wp-content\/uploads\/2017\/04\/RZ__0952.jpg\" alt=\"RZ__0952\" width=\"2126\" height=\"1417\" srcset=\"https:\/\/marekkuchcinski.pl\/wp-content\/uploads\/2017\/04\/RZ__0952.jpg 2048w, https:\/\/marekkuchcinski.pl\/wp-content\/uploads\/2017\/04\/RZ__0952-300x200.jpg 300w, https:\/\/marekkuchcinski.pl\/wp-content\/uploads\/2017\/04\/RZ__0952-768x512.jpg 768w, https:\/\/marekkuchcinski.pl\/wp-content\/uploads\/2017\/04\/RZ__0952-1024x683.jpg 1024w\" sizes=\"(max-width: 2126px) 100vw, 2126px\" \/><\/a> <a href=\"https:\/\/marekkuchcinski.pl\/wp-content\/uploads\/2017\/04\/RZ__0890.jpg\"><img decoding=\"async\" class=\"alignnone size-full wp-image-6161\" src=\"https:\/\/marekkuchcinski.pl\/wp-content\/uploads\/2017\/04\/RZ__0890.jpg\" alt=\"RZ__0890\" width=\"3360\" height=\"2240\" srcset=\"https:\/\/marekkuchcinski.pl\/wp-content\/uploads\/2017\/04\/RZ__0890.jpg 2048w, https:\/\/marekkuchcinski.pl\/wp-content\/uploads\/2017\/04\/RZ__0890-300x200.jpg 300w, https:\/\/marekkuchcinski.pl\/wp-content\/uploads\/2017\/04\/RZ__0890-768x512.jpg 768w, https:\/\/marekkuchcinski.pl\/wp-content\/uploads\/2017\/04\/RZ__0890-1024x683.jpg 1024w\" sizes=\"(max-width: 3360px) 100vw, 3360px\" \/><\/a><a href=\"https:\/\/marekkuchcinski.pl\/wp-content\/uploads\/2017\/04\/RZ__1000.jpg\"><img loading=\"lazy\" decoding=\"async\" class=\"alignnone size-full wp-image-6162\" src=\"https:\/\/marekkuchcinski.pl\/wp-content\/uploads\/2017\/04\/RZ__1000.jpg\" alt=\"RZ__1000\" width=\"3360\" height=\"2240\" srcset=\"https:\/\/marekkuchcinski.pl\/wp-content\/uploads\/2017\/04\/RZ__1000.jpg 2048w, https:\/\/marekkuchcinski.pl\/wp-content\/uploads\/2017\/04\/RZ__1000-300x200.jpg 300w, https:\/\/marekkuchcinski.pl\/wp-content\/uploads\/2017\/04\/RZ__1000-768x512.jpg 768w, https:\/\/marekkuchcinski.pl\/wp-content\/uploads\/2017\/04\/RZ__1000-1024x683.jpg 1024w\" sizes=\"(max-width: 3360px) 100vw, 3360px\" \/><\/a><a href=\"https:\/\/marekkuchcinski.pl\/wp-content\/uploads\/2017\/04\/RZ__1060.jpg\"><img loading=\"lazy\" decoding=\"async\" class=\"alignnone size-full wp-image-6159\" src=\"https:\/\/marekkuchcinski.pl\/wp-content\/uploads\/2017\/04\/RZ__1060.jpg\" alt=\"RZ__1060\" width=\"2835\" height=\"1890\" srcset=\"https:\/\/marekkuchcinski.pl\/wp-content\/uploads\/2017\/04\/RZ__1060.jpg 2048w, https:\/\/marekkuchcinski.pl\/wp-content\/uploads\/2017\/04\/RZ__1060-300x200.jpg 300w, https:\/\/marekkuchcinski.pl\/wp-content\/uploads\/2017\/04\/RZ__1060-768x512.jpg 768w, https:\/\/marekkuchcinski.pl\/wp-content\/uploads\/2017\/04\/RZ__1060-1024x683.jpg 1024w\" sizes=\"(max-width: 2835px) 100vw, 2835px\" \/><\/a><\/p>","protected":false},"excerpt":{"rendered":"<p>Niezwyk\u0142e wsparcie, jakie nie\u015bli sobie Polacy i W\u0119grzy w czasach totalitarnego zniewolenia i pogardy, w tym szczeg\u00f3lny gest Solidarno\u015bci Walcz\u0105cej z 1986 roku upami\u0119tniono tablic\u0105, na kt\u00f3rej tekst g\u0142osi: W tym miejscu, 23 pa\u017adziernika 1986 r., w 30. rocznic\u0119 powstania w\u0119gierskiego 1956 roku dzia\u0142acze Solidarno\u015bci Walcz\u0105cej rozwiesili transparent, przywo\u0142uj\u0105c tamtejsze wydarzenia znad Dunaju. Gest ten [&hellip;]<\/p>\n","protected":false},"author":6,"featured_media":6156,"comment_status":"open","ping_status":"open","sticky":false,"template":"","format":"standard","meta":{"ngg_post_thumbnail":0,"footnotes":""},"categories":[77,81,50,3],"tags":[],"class_list":["post-6155","post","type-post","status-publish","format-standard","has-post-thumbnail","hentry","category-wazne-daty","category-wiesci-z-sejmu","category-wspolpraca-miedzynarodowa","category-wydarzenia"],"_links":{"self":[{"href":"https:\/\/marekkuchcinski.pl\/hu\/wp-json\/wp\/v2\/posts\/6155","targetHints":{"allow":["GET"]}}],"collection":[{"href":"https:\/\/marekkuchcinski.pl\/hu\/wp-json\/wp\/v2\/posts"}],"about":[{"href":"https:\/\/marekkuchcinski.pl\/hu\/wp-json\/wp\/v2\/types\/post"}],"author":[{"embeddable":true,"href":"https:\/\/marekkuchcinski.pl\/hu\/wp-json\/wp\/v2\/users\/6"}],"replies":[{"embeddable":true,"href":"https:\/\/marekkuchcinski.pl\/hu\/wp-json\/wp\/v2\/comments?post=6155"}],"version-history":[{"count":5,"href":"https:\/\/marekkuchcinski.pl\/hu\/wp-json\/wp\/v2\/posts\/6155\/revisions"}],"predecessor-version":[{"id":6165,"href":"https:\/\/marekkuchcinski.pl\/hu\/wp-json\/wp\/v2\/posts\/6155\/revisions\/6165"}],"wp:featuredmedia":[{"embeddable":true,"href":"https:\/\/marekkuchcinski.pl\/hu\/wp-json\/wp\/v2\/media\/6156"}],"wp:attachment":[{"href":"https:\/\/marekkuchcinski.pl\/hu\/wp-json\/wp\/v2\/media?parent=6155"}],"wp:term":[{"taxonomy":"category","embeddable":true,"href":"https:\/\/marekkuchcinski.pl\/hu\/wp-json\/wp\/v2\/categories?post=6155"},{"taxonomy":"post_tag","embeddable":true,"href":"https:\/\/marekkuchcinski.pl\/hu\/wp-json\/wp\/v2\/tags?post=6155"}],"curies":[{"name":"wp","href":"https:\/\/api.w.org\/{rel}","templated":true}]}}