{"id":6082,"date":"2017-04-18T16:40:56","date_gmt":"2017-04-18T14:40:56","guid":{"rendered":"https:\/\/marekkuchcinski.pl\/?p=6082"},"modified":"2017-04-18T17:10:26","modified_gmt":"2017-04-18T15:10:26","slug":"przewodniczacy-parlamentow-polski-wegier-ustanowili-partnerstwo-strategiczne","status":"publish","type":"post","link":"https:\/\/marekkuchcinski.pl\/hu\/wydarzenia\/przewodniczacy-parlamentow-polski-wegier-ustanowili-partnerstwo-strategiczne\/","title":{"rendered":"Strat\u00e9giai partners\u00e9get k\u00f6t\u00f6ttek a lengyel \u00e9s a magyar parlament eln\u00f6kei"},"content":{"rendered":"<p><strong>A Szejm eln\u00f6ke Marek Kuchci\u0144ski, a Szen\u00e1tus eln\u00f6ke Stanis\u0142aw Karczewski.<br \/>\n\u00e9s a Magyar Orsz\u00e1ggy\u0171l\u00e9s eln\u00f6ke, K\u00f6v\u00e9r L\u00e1szl\u00f3\u00a0<\/strong><strong>strat\u00e9giai partners\u00e9gi meg\u00e1llapod\u00e1st \u00edrtak al\u00e1.<\/strong><\/p>\n<p>A dokumentum t\u00f6bbek k\u00f6z\u00f6tt rendelkezik az eln\u00f6k\u00f6k \u00e9s helyetteseik rendszeres tal\u00e1lkoz\u00f3ir\u00f3l, a nemzetk\u00f6zi parlamenti szervezetekben folytatott k\u00f6z\u00f6s tev\u00e9kenys\u00e9gekr\u0151l, a bar\u00e1ti csoportok k\u00f6z\u00f6tti rendszeres kapcsolattart\u00e1sr\u00f3l, valamint a parlamenti bizotts\u00e1gok k\u00f6lcs\u00f6n\u00f6s l\u00e1togat\u00e1sair\u00f3l \u00e9s konzult\u00e1ci\u00f3ir\u00f3l.<\/p>\n<p>- Eln\u00f6k \u00far ki\u00e1llt a 2016-os \u00e9vnek a lengyel-magyar szolidarit\u00e1s \u00e9v\u00e9v\u00e9 nyilv\u00e1n\u00edt\u00e1sa mellett, amelyben a benn\u00fcnket \u00f6sszek\u00f6t\u0151 \u00e9rt\u00e9kekre hivatkoztunk, konkr\u00e9t, el\u0151remutat\u00f3 projekteket hozva l\u00e9tre. Ezek k\u00f6z\u00fcl a leg\u00fajabb az a kezdem\u00e9nyez\u00e9s, amelyet al\u00e1\u00edr\u00e1sunkkal meger\u0151s\u00edtett\u00fcnk\" - mondta Marek Kuchci\u0144ski.<\/p>\n<p>A Szejm eln\u00f6ke \u00e9s a K\u00e9pvisel\u0151h\u00e1z eln\u00f6ke k\u00f6z\u00f6tti mai tal\u00e1lkoz\u00f3 volt a 11. \u00e9s egyben az els\u0151 hivatalos tal\u00e1lkoz\u00f3. K\u00f6v\u00e9r \u00fagy v\u00e9lte, hogy az al\u00e1\u00edrt dokumentum csak meger\u0151s\u00edti azokat a k\u00fcl\u00f6nleges kapcsolatokat, amelyek ezer \u00e9ve \u00f6sszek\u00f6tik Lengyelorsz\u00e1got \u00e9s Magyarorsz\u00e1got, \u00e9s kifejezi nemzeteink er\u0151s akarat\u00e1t, hogy ezt az egy\u00fcttm\u0171k\u00f6d\u00e9st folytass\u00e1k. - A lengyelek \u00e9s a magyarok nem lenn\u00e9nek azok, akik ma vannak, ha nem t\u00e1mogatn\u00e1k egym\u00e1st - hangs\u00falyozta az eln\u00f6k.<\/p>\n<p>A lengyel-magyar kezdem\u00e9nyez\u00e9sek t\u00e1mogat\u00f3jak\u00e9nt K\u00f6v\u00e9r L\u00e1szl\u00f3 a szejm eln\u00f6k\u00e9t\u0151l a Lengyel K\u00f6zt\u00e1rsas\u00e1gi \u00c9rdemrend Parancsnoki Keresztj\u00e9t kapta, amelyet a Lengyel K\u00f6zt\u00e1rsas\u00e1g eln\u00f6ke a nemzetk\u00f6zi egy\u00fcttm\u0171k\u00f6d\u00e9shez \u00e9s Lengyelorsz\u00e1g \u00e9s m\u00e1s orsz\u00e1gok \u00f6sszekapcsol\u00e1s\u00e1hoz val\u00f3 kiemelked\u0151 hozz\u00e1j\u00e1rul\u00e1s\u00e1\u00e9rt adom\u00e1nyozott.<\/p>\n<p>- A Lengyel K\u00f6zt\u00e1rsas\u00e1g h\u00e1l\u00e1j\u00e1t fejezi ki a lengyel-magyar bar\u00e1ts\u00e1g \u00e9s testv\u00e9ris\u00e9g nagyszer\u0171 munk\u00e1j\u00e1val val\u00f3 m\u00e9ly azonosul\u00e1s\u00e9rt, az e t\u00e9ren folytatott tev\u00e9kenys\u00e9g k\u00f6vetkezm\u00e9nyei\u00e9rt \u00e9s folyamatoss\u00e1g\u00e1\u00e9rt. Megtiszteltet\u00e9s sz\u00e1momra, hogy a Lengyel K\u00f6zt\u00e1rsas\u00e1g eln\u00f6ke, Andrzej Duda \u00far nev\u00e9ben a Lengyel K\u00f6zt\u00e1rsas\u00e1gi \u00c9rdemrend Parancsnoki Keresztj\u00e9vel t\u00fcntethetem ki K\u00f6v\u00e9r L\u00e1szl\u00f3 k\u00f6zt\u00e1rsas\u00e1gi eln\u00f6k\u00f6t, Lengyelorsz\u00e1g nagy bar\u00e1tj\u00e1t\" - mondta Kuchci\u0144ski.<\/p>\n<p><a href=\"https:\/\/marekkuchcinski.pl\/wp-content\/uploads\/2017\/04\/Porozumienie-strategiczne.pdf\">Strat\u00e9giai meg\u00e1llapod\u00e1s<\/a><\/p>\n<p><a href=\"https:\/\/marekkuchcinski.pl\/wp-content\/uploads\/2017\/04\/Przemo\u0301wienie-marsza\u0142ka-Sejmu-Marka-Kuchcin\u0301skiego.docx\">Marek Kuchci\u0144ski, a Szejm eln\u00f6ke besz\u00e9de<\/a><\/p>\n<p><a href=\"https:\/\/marekkuchcinski.pl\/wp-content\/uploads\/2017\/04\/KU128586.jpg\"><img fetchpriority=\"high\" decoding=\"async\" class=\"alignnone size-full wp-image-6089\" src=\"https:\/\/marekkuchcinski.pl\/wp-content\/uploads\/2017\/04\/KU128586.jpg\" alt=\"KU128586\" width=\"1800\" height=\"1200\" srcset=\"https:\/\/marekkuchcinski.pl\/wp-content\/uploads\/2017\/04\/KU128586.jpg 1800w, https:\/\/marekkuchcinski.pl\/wp-content\/uploads\/2017\/04\/KU128586-300x200.jpg 300w, https:\/\/marekkuchcinski.pl\/wp-content\/uploads\/2017\/04\/KU128586-768x512.jpg 768w, https:\/\/marekkuchcinski.pl\/wp-content\/uploads\/2017\/04\/KU128586-1024x683.jpg 1024w\" sizes=\"(max-width: 1800px) 100vw, 1800px\" \/><\/a> <a href=\"https:\/\/marekkuchcinski.pl\/wp-content\/uploads\/2017\/04\/KU128697-1.jpg\"><img decoding=\"async\" class=\"alignnone size-full wp-image-6090\" src=\"https:\/\/marekkuchcinski.pl\/wp-content\/uploads\/2017\/04\/KU128697-1.jpg\" alt=\"KU128697\" width=\"1800\" height=\"1200\" srcset=\"https:\/\/marekkuchcinski.pl\/wp-content\/uploads\/2017\/04\/KU128697-1.jpg 1800w, https:\/\/marekkuchcinski.pl\/wp-content\/uploads\/2017\/04\/KU128697-1-300x200.jpg 300w, https:\/\/marekkuchcinski.pl\/wp-content\/uploads\/2017\/04\/KU128697-1-768x512.jpg 768w, https:\/\/marekkuchcinski.pl\/wp-content\/uploads\/2017\/04\/KU128697-1-1024x683.jpg 1024w\" sizes=\"(max-width: 1800px) 100vw, 1800px\" \/><\/a> <a href=\"https:\/\/marekkuchcinski.pl\/wp-content\/uploads\/2017\/04\/KU129014.jpg\"><img decoding=\"async\" class=\"alignnone size-full wp-image-6091\" src=\"https:\/\/marekkuchcinski.pl\/wp-content\/uploads\/2017\/04\/KU129014.jpg\" alt=\"KU129014\" width=\"1800\" height=\"1200\" srcset=\"https:\/\/marekkuchcinski.pl\/wp-content\/uploads\/2017\/04\/KU129014.jpg 1800w, https:\/\/marekkuchcinski.pl\/wp-content\/uploads\/2017\/04\/KU129014-300x200.jpg 300w, https:\/\/marekkuchcinski.pl\/wp-content\/uploads\/2017\/04\/KU129014-768x512.jpg 768w, https:\/\/marekkuchcinski.pl\/wp-content\/uploads\/2017\/04\/KU129014-1024x683.jpg 1024w\" sizes=\"(max-width: 1800px) 100vw, 1800px\" \/><\/a> <a href=\"https:\/\/marekkuchcinski.pl\/wp-content\/uploads\/2017\/04\/KU128754.jpg\"><img loading=\"lazy\" decoding=\"async\" class=\"alignnone size-full wp-image-6092\" src=\"https:\/\/marekkuchcinski.pl\/wp-content\/uploads\/2017\/04\/KU128754.jpg\" alt=\"KU128754\" width=\"1800\" height=\"1200\" srcset=\"https:\/\/marekkuchcinski.pl\/wp-content\/uploads\/2017\/04\/KU128754.jpg 1800w, https:\/\/marekkuchcinski.pl\/wp-content\/uploads\/2017\/04\/KU128754-300x200.jpg 300w, https:\/\/marekkuchcinski.pl\/wp-content\/uploads\/2017\/04\/KU128754-768x512.jpg 768w, https:\/\/marekkuchcinski.pl\/wp-content\/uploads\/2017\/04\/KU128754-1024x683.jpg 1024w\" sizes=\"(max-width: 1800px) 100vw, 1800px\" \/><\/a> <em>fot\u00f3: P. Kula<\/em><a href=\"https:\/\/marekkuchcinski.pl\/wp-content\/uploads\/2017\/04\/DSCF2754-3.jpg\"><img loading=\"lazy\" decoding=\"async\" class=\"alignnone size-full wp-image-6093\" src=\"https:\/\/marekkuchcinski.pl\/wp-content\/uploads\/2017\/04\/DSCF2754-3.jpg\" alt=\"DSCF2754 (3)\" width=\"1487\" height=\"1288\" srcset=\"https:\/\/marekkuchcinski.pl\/wp-content\/uploads\/2017\/04\/DSCF2754-3.jpg 1487w, https:\/\/marekkuchcinski.pl\/wp-content\/uploads\/2017\/04\/DSCF2754-3-300x260.jpg 300w, https:\/\/marekkuchcinski.pl\/wp-content\/uploads\/2017\/04\/DSCF2754-3-768x665.jpg 768w, https:\/\/marekkuchcinski.pl\/wp-content\/uploads\/2017\/04\/DSCF2754-3-1024x887.jpg 1024w\" sizes=\"(max-width: 1487px) 100vw, 1487px\" \/>f<\/a><em>oto: M. Olejnik<\/em><\/p>","protected":false},"excerpt":{"rendered":"<p>Marsza\u0142ek Sejmu Marek Kuchci\u0144ski, Senatu Stanis\u0142aw Karczewski i przewodnicz\u0105cy Zgromadzenia Narodowego W\u0119gier L\u00e1szl\u00f3 K\u00f6v\u00e9r\u00a0podpisali porozumienie o partnerstwie strategicznym. Dokument przewiduje m.in. regularne spotkania przewodnicz\u0105cych oraz ich zast\u0119pc\u00f3w, wsp\u00f3lne dzia\u0142anie w mi\u0119dzynarodowych organizacjach parlamentarnych, regularne kontakty mi\u0119dzy grupami przyja\u017ani czy wzajemne wizyty i konsultacje komisji parlamentarnych. \u2013 Pan Przewodnicz\u0105cy by\u0142 or\u0119downikiem og\u0142oszenia roku 2016 Rokiem Solidarno\u015bci [&hellip;]<\/p>\n","protected":false},"author":6,"featured_media":6099,"comment_status":"open","ping_status":"open","sticky":false,"template":"","format":"standard","meta":{"ngg_post_thumbnail":0,"footnotes":""},"categories":[81,50,3],"tags":[],"class_list":["post-6082","post","type-post","status-publish","format-standard","has-post-thumbnail","hentry","category-wiesci-z-sejmu","category-wspolpraca-miedzynarodowa","category-wydarzenia"],"_links":{"self":[{"href":"https:\/\/marekkuchcinski.pl\/hu\/wp-json\/wp\/v2\/posts\/6082","targetHints":{"allow":["GET"]}}],"collection":[{"href":"https:\/\/marekkuchcinski.pl\/hu\/wp-json\/wp\/v2\/posts"}],"about":[{"href":"https:\/\/marekkuchcinski.pl\/hu\/wp-json\/wp\/v2\/types\/post"}],"author":[{"embeddable":true,"href":"https:\/\/marekkuchcinski.pl\/hu\/wp-json\/wp\/v2\/users\/6"}],"replies":[{"embeddable":true,"href":"https:\/\/marekkuchcinski.pl\/hu\/wp-json\/wp\/v2\/comments?post=6082"}],"version-history":[{"count":4,"href":"https:\/\/marekkuchcinski.pl\/hu\/wp-json\/wp\/v2\/posts\/6082\/revisions"}],"predecessor-version":[{"id":6095,"href":"https:\/\/marekkuchcinski.pl\/hu\/wp-json\/wp\/v2\/posts\/6082\/revisions\/6095"}],"wp:featuredmedia":[{"embeddable":true,"href":"https:\/\/marekkuchcinski.pl\/hu\/wp-json\/wp\/v2\/media\/6099"}],"wp:attachment":[{"href":"https:\/\/marekkuchcinski.pl\/hu\/wp-json\/wp\/v2\/media?parent=6082"}],"wp:term":[{"taxonomy":"category","embeddable":true,"href":"https:\/\/marekkuchcinski.pl\/hu\/wp-json\/wp\/v2\/categories?post=6082"},{"taxonomy":"post_tag","embeddable":true,"href":"https:\/\/marekkuchcinski.pl\/hu\/wp-json\/wp\/v2\/tags?post=6082"}],"curies":[{"name":"wp","href":"https:\/\/api.w.org\/{rel}","templated":true}]}}