{"id":6051,"date":"2017-04-16T08:04:48","date_gmt":"2017-04-16T06:04:48","guid":{"rendered":"https:\/\/marekkuchcinski.pl\/?p=6051"},"modified":"2017-04-17T10:43:39","modified_gmt":"2017-04-17T08:43:39","slug":"sniadanie-wielkanocne-caritas-archidiecezji-przemyskiej","status":"publish","type":"post","link":"https:\/\/marekkuchcinski.pl\/hu\/wydarzenia\/sniadanie-wielkanocne-caritas-archidiecezji-przemyskiej\/","title":{"rendered":"A Przemy\u015bli F\u0151egyh\u00e1zmegye Caritas h\u00fasv\u00e9ti reggelije"},"content":{"rendered":"<p>Krisztus felt\u00e1mad\u00e1s\u00e1nak \u00fcnnep\u00e9nek el\u0151est\u00e9j\u00e9n, nagyszombaton \u00a0<a style=\"font-style: inherit; font-weight: inherit;\" href=\"http:\/\/www.przemysl.caritas.pl\/\">Caritas Przemy\u015bli F\u0151egyh\u00e1zmegye<\/a>\u00a0h\u00fasv\u00e9ti reggelit szervezett a hajl\u00e9ktalan, mag\u00e1nyos \u00e9s k\u00fcl\u00f6nleges seg\u00edts\u00e9gre szorul\u00f3 emberek sz\u00e1m\u00e1ra Przemysl v\u00e1ros\u00e1b\u00f3l \u00e9s k\u00f6rny\u00e9k\u00e9r\u0151l. A tal\u00e1lkoz\u00f3n r\u00e9szt vett Adam Szal przemysli \u00e9rsek, aki meg\u00e1ldotta a h\u00fasv\u00e9ti asztalra sz\u00e1nt \u00e9teleket, \u00e9s h\u00fasv\u00e9ti j\u00f3k\u00edv\u00e1ns\u00e1gokat k\u00edv\u00e1nt a jelenl\u00e9v\u0151knek. H\u00fasv\u00e9ti j\u00f3k\u00edv\u00e1ns\u00e1gokat fogalmazott meg a lengyel szejm eln\u00f6ke is -\u00a0<strong style=\"font-style: inherit;\">Marek Kuchci\u0144ski<\/strong>, a Podkarpatszkaja r\u00e9gi\u00f3 helyettes marsallja -\u00a0<strong style=\"font-style: inherit;\">Lucjan Ku\u017aniar<\/strong>\u00a0\u00e9s Przemy\u015bl v\u00e1ros polg\u00e1rmestere -\u00a0<strong style=\"font-style: inherit;\">Robert Choma<\/strong>, Przemysl Starost -\u00a0<strong style=\"font-style: inherit;\">Jan P\u0105czek\u00a0<\/strong>\u00e9s a vas\u00fati rend\u0151rs\u00e9g f\u0151parancsnoka -<strong>\u00a0<\/strong><strong style=\"font-style: inherit;\">Joseph Halyk<\/strong>.<\/p>\n<p>- Szeretn\u00e9m a legmelegebb j\u00f3k\u00edv\u00e1ns\u00e1gaimat kifejezni, eg\u00e9szs\u00e9get, b\u00e9k\u00e9t \u00e9s nagy rem\u00e9nyt k\u00edv\u00e1nok a v\u00e1ltoz\u00e1sokra, \u00e9s arra, hogy az \u00e1llami hat\u00f3s\u00e1gok egyre nagyobb er\u0151vel gondoskodnak majd haz\u00e1nk minden lak\u00f3j\u00e1r\u00f3l - mondta Kuchci\u0144ski marsall.<\/p>\n<p>\u00d6sszefoglalva\u00a0<strong style=\"font-style: inherit;\">Tiszteletes Artur Janiec<\/strong>, a Caritas Przemy\u015bli F\u0151egyh\u00e1zmegye igazgat\u00f3ja, \u00fcnnepi asztalhoz h\u00edvott mindenkit.<\/p>\n<p><em>Sz\u00f6veg: Fara r\u00e1di\u00f3<\/em><\/p>\n<p><a href=\"https:\/\/marekkuchcinski.pl\/wp-content\/uploads\/2017\/04\/1-C9d4LteXUAAAjKH-1.jpg\"><img fetchpriority=\"high\" decoding=\"async\" class=\"alignnone wp-image-6058\" src=\"https:\/\/marekkuchcinski.pl\/wp-content\/uploads\/2017\/04\/1-C9d4LteXUAAAjKH-1.jpg\" alt=\"1-C9d4LteXUAAAjKH\" width=\"1207\" height=\"1127\" srcset=\"https:\/\/marekkuchcinski.pl\/wp-content\/uploads\/2017\/04\/1-C9d4LteXUAAAjKH-1.jpg 879w, https:\/\/marekkuchcinski.pl\/wp-content\/uploads\/2017\/04\/1-C9d4LteXUAAAjKH-1-300x280.jpg 300w, https:\/\/marekkuchcinski.pl\/wp-content\/uploads\/2017\/04\/1-C9d4LteXUAAAjKH-1-768x717.jpg 768w\" sizes=\"(max-width: 1207px) 100vw, 1207px\" \/><\/a><em>F\u00e9nyk\u00e9p: Facebook Caritas<\/em><a href=\"https:\/\/marekkuchcinski.pl\/wp-content\/uploads\/2017\/04\/58f22aae3bd59_p.jpg\"><img decoding=\"async\" class=\"alignnone wp-image-6054\" src=\"https:\/\/marekkuchcinski.pl\/wp-content\/uploads\/2017\/04\/58f22aae3bd59_p.jpg\" alt=\"58f22aae3bd59_p\" width=\"1177\" height=\"872\" srcset=\"https:\/\/marekkuchcinski.pl\/wp-content\/uploads\/2017\/04\/58f22aae3bd59_p.jpg 780w, https:\/\/marekkuchcinski.pl\/wp-content\/uploads\/2017\/04\/58f22aae3bd59_p-300x222.jpg 300w, https:\/\/marekkuchcinski.pl\/wp-content\/uploads\/2017\/04\/58f22aae3bd59_p-768x568.jpg 768w\" sizes=\"(max-width: 1177px) 100vw, 1177px\" \/><\/a><\/p>\n<div class=\"fotoContentStream\">\n<p class=\"autor\"><em>fot\u00f3: \u0141ukasz Solski, Nowiny24<\/em><\/p>\n<\/div>","protected":false},"excerpt":{"rendered":"<p>W przededniu Uroczysto\u015bci Zmartwychwstania Pa\u0144skiego, tj. w Wielk\u0105 Sobot\u0119 \u00a0Caritas Archidiecezji Przemyskiej\u00a0zorganizowa\u0142a \u015bniadanie wielkanocne dla os\u00f3b bezdomnych, samotnych i potrzebuj\u0105cych szczeg\u00f3lnej pomocy, pochodz\u0105cych z terenu miasta Przemy\u015bla i okolic. W spotkaniu uczestniczy\u0142 Metropolita Przemyski abp Adam Szal, kt\u00f3ry pob\u0142ogos\u0142awi\u0142 pokarmy na st\u00f3\u0142 wielkanocny oraz z\u0142o\u017cy\u0142 wszystkim obecnym \u017cyczenia \u015bwi\u0105teczne. \u017byczenia Wielkanocne z\u0142o\u017cyli r\u00f3wnie\u017c Marsza\u0142ek Sejmu [&hellip;]<\/p>\n","protected":false},"author":6,"featured_media":6057,"comment_status":"open","ping_status":"open","sticky":false,"template":"","format":"standard","meta":{"ngg_post_thumbnail":0,"footnotes":""},"categories":[49,3],"tags":[],"class_list":["post-6051","post","type-post","status-publish","format-standard","has-post-thumbnail","hentry","category-podkarpacie","category-wydarzenia"],"_links":{"self":[{"href":"https:\/\/marekkuchcinski.pl\/hu\/wp-json\/wp\/v2\/posts\/6051","targetHints":{"allow":["GET"]}}],"collection":[{"href":"https:\/\/marekkuchcinski.pl\/hu\/wp-json\/wp\/v2\/posts"}],"about":[{"href":"https:\/\/marekkuchcinski.pl\/hu\/wp-json\/wp\/v2\/types\/post"}],"author":[{"embeddable":true,"href":"https:\/\/marekkuchcinski.pl\/hu\/wp-json\/wp\/v2\/users\/6"}],"replies":[{"embeddable":true,"href":"https:\/\/marekkuchcinski.pl\/hu\/wp-json\/wp\/v2\/comments?post=6051"}],"version-history":[{"count":8,"href":"https:\/\/marekkuchcinski.pl\/hu\/wp-json\/wp\/v2\/posts\/6051\/revisions"}],"predecessor-version":[{"id":6077,"href":"https:\/\/marekkuchcinski.pl\/hu\/wp-json\/wp\/v2\/posts\/6051\/revisions\/6077"}],"wp:featuredmedia":[{"embeddable":true,"href":"https:\/\/marekkuchcinski.pl\/hu\/wp-json\/wp\/v2\/media\/6057"}],"wp:attachment":[{"href":"https:\/\/marekkuchcinski.pl\/hu\/wp-json\/wp\/v2\/media?parent=6051"}],"wp:term":[{"taxonomy":"category","embeddable":true,"href":"https:\/\/marekkuchcinski.pl\/hu\/wp-json\/wp\/v2\/categories?post=6051"},{"taxonomy":"post_tag","embeddable":true,"href":"https:\/\/marekkuchcinski.pl\/hu\/wp-json\/wp\/v2\/tags?post=6051"}],"curies":[{"name":"wp","href":"https:\/\/api.w.org\/{rel}","templated":true}]}}