{"id":6033,"date":"2017-04-13T14:45:39","date_gmt":"2017-04-13T12:45:39","guid":{"rendered":"https:\/\/marekkuchcinski.pl\/?p=6033"},"modified":"2017-04-14T09:57:46","modified_gmt":"2017-04-14T07:57:46","slug":"74-rocznica-ujawnienia-zbrodni-katynskiej","status":"publish","type":"post","link":"https:\/\/marekkuchcinski.pl\/hu\/wazne-daty\/74-rocznica-ujawnienia-zbrodni-katynskiej\/","title":{"rendered":"A katyni m\u00e9sz\u00e1rl\u00e1s nyilv\u00e1noss\u00e1gra ker\u00fcl\u00e9s\u00e9nek 74. \u00e9vfordul\u00f3ja"},"content":{"rendered":"<p>A katyni \u00e1ldozatok eml\u00e9knapja annak \u00e9vfordul\u00f3j\u00e1ra esik, hogy a n\u00e9met Transocean \u00dcgyn\u00f6ks\u00e9g k\u00f6zz\u00e9tette a lengyel tisztek t\u00f6megs\u00edrjainak felfedez\u00e9s\u00e9r\u0151l sz\u00f3l\u00f3 els\u0151 inform\u00e1ci\u00f3kat.<\/p>\n<p>Az orosz korm\u00e1ny legmagasabb szintj\u00e9n - Szt\u00e1lin, Berija, Merkulov, Rajohman - 1940 m\u00e1rcius\u00e1ban d\u00f6nt\u00e9s sz\u00fcletett a kozelszki, sztarobelszki \u00e9s oszta\u0161kovi t\u00e1borokban fogva tartott foglyok meggyilkol\u00e1s\u00e1r\u00f3l, akiket a szovjet hatalom ellens\u00e9geinek nyilv\u00e1n\u00edtottak, \u00e9s akikn\u00e9l nem volt rem\u00e9ny a javul\u00e1sra. Egy h\u00f3nappal k\u00e9s\u0151bb megkezd\u0151d\u00f6tt a t\u00e1borok felsz\u00e1mol\u00e1sa.<\/p>\n<p>T\u00f6bb mint 20 000 lengyel tisztet, a lengyel t\u00e1rsadalom elitj\u00e9t gyilkolt\u00e1k meg egy beteges politika nev\u00e9ben. Az oroszok \u00e9vekig nem ismert\u00e9k el ezt a b\u0171nt\u00e9nyt, \u00e9s a kommunista uralom alatt Lengyelorsz\u00e1gban az err\u0151l val\u00f3 besz\u00e9d megtorl\u00e1st kock\u00e1ztatott. Ez a b\u0171ncselekm\u00e9ny, amely n\u00e9pirt\u00e1s, h\u00e1bor\u00fas b\u0171ncselekm\u00e9ny \u00e9s emberis\u00e9g elleni b\u0171ncselekm\u00e9ny, m\u00e9g mindig nem der\u00fclt ki.<\/p>\n<p><a href=\"https:\/\/marekkuchcinski.pl\/wp-content\/uploads\/2017\/04\/C9PHWvXXsAEmOjb.png\"><img fetchpriority=\"high\" decoding=\"async\" class=\"alignnone size-full wp-image-6038\" src=\"https:\/\/marekkuchcinski.pl\/wp-content\/uploads\/2017\/04\/C9PHWvXXsAEmOjb.png\" alt=\"C9PHWvXXsAEmOjb\" width=\"1200\" height=\"675\" srcset=\"https:\/\/marekkuchcinski.pl\/wp-content\/uploads\/2017\/04\/C9PHWvXXsAEmOjb.png 1200w, https:\/\/marekkuchcinski.pl\/wp-content\/uploads\/2017\/04\/C9PHWvXXsAEmOjb-300x169.png 300w, https:\/\/marekkuchcinski.pl\/wp-content\/uploads\/2017\/04\/C9PHWvXXsAEmOjb-768x432.png 768w, https:\/\/marekkuchcinski.pl\/wp-content\/uploads\/2017\/04\/C9PHWvXXsAEmOjb-1024x576.png 1024w\" sizes=\"(max-width: 1200px) 100vw, 1200px\" \/><\/a><\/p>\n<p>&nbsp;<\/p>","protected":false},"excerpt":{"rendered":"<p>Dzie\u0144 Pami\u0119ci Ofiar Zbrodni Katy\u0144skiej przypada w rocznic\u0119 opublikowania przez niemieck\u0105 Agencj\u0119 Transocean\u00a0pierwszych informacji o odkryciu masowych grob\u00f3w polskich oficer\u00f3w. Na najwy\u017cszym szczeblu w\u0142adz rosyjskich \u2013 Stalin, Beria, Mierku\u0142ow, Rajohman \u2013 w marcu 1940 roku zapad\u0142a decyzja o zamordowaniu je\u0144c\u00f3w przetrzymywanych w obozach w Kozielsku, Starobielsku i Ostaszkowie jako zdeklarowanych i nierokuj\u0105cych nadziei poprawy wrog\u00f3w [&hellip;]<\/p>\n","protected":false},"author":6,"featured_media":6034,"comment_status":"open","ping_status":"open","sticky":false,"template":"","format":"standard","meta":{"ngg_post_thumbnail":0,"footnotes":""},"categories":[77],"tags":[],"class_list":["post-6033","post","type-post","status-publish","format-standard","has-post-thumbnail","hentry","category-wazne-daty"],"_links":{"self":[{"href":"https:\/\/marekkuchcinski.pl\/hu\/wp-json\/wp\/v2\/posts\/6033","targetHints":{"allow":["GET"]}}],"collection":[{"href":"https:\/\/marekkuchcinski.pl\/hu\/wp-json\/wp\/v2\/posts"}],"about":[{"href":"https:\/\/marekkuchcinski.pl\/hu\/wp-json\/wp\/v2\/types\/post"}],"author":[{"embeddable":true,"href":"https:\/\/marekkuchcinski.pl\/hu\/wp-json\/wp\/v2\/users\/6"}],"replies":[{"embeddable":true,"href":"https:\/\/marekkuchcinski.pl\/hu\/wp-json\/wp\/v2\/comments?post=6033"}],"version-history":[{"count":3,"href":"https:\/\/marekkuchcinski.pl\/hu\/wp-json\/wp\/v2\/posts\/6033\/revisions"}],"predecessor-version":[{"id":6039,"href":"https:\/\/marekkuchcinski.pl\/hu\/wp-json\/wp\/v2\/posts\/6033\/revisions\/6039"}],"wp:featuredmedia":[{"embeddable":true,"href":"https:\/\/marekkuchcinski.pl\/hu\/wp-json\/wp\/v2\/media\/6034"}],"wp:attachment":[{"href":"https:\/\/marekkuchcinski.pl\/hu\/wp-json\/wp\/v2\/media?parent=6033"}],"wp:term":[{"taxonomy":"category","embeddable":true,"href":"https:\/\/marekkuchcinski.pl\/hu\/wp-json\/wp\/v2\/categories?post=6033"},{"taxonomy":"post_tag","embeddable":true,"href":"https:\/\/marekkuchcinski.pl\/hu\/wp-json\/wp\/v2\/tags?post=6033"}],"curies":[{"name":"wp","href":"https:\/\/api.w.org\/{rel}","templated":true}]}}