{"id":6004,"date":"2017-04-13T10:22:47","date_gmt":"2017-04-13T08:22:47","guid":{"rendered":"https:\/\/marekkuchcinski.pl\/?p=6004"},"modified":"2017-04-13T10:32:26","modified_gmt":"2017-04-13T08:32:26","slug":"marek-kuchcinski-musimy-dbac-o-pamiec-historyczna-o-korzenie-myslac-o-przyszlosci","status":"publish","type":"post","link":"https:\/\/marekkuchcinski.pl\/hu\/wydarzenia\/marek-kuchcinski-musimy-dbac-o-pamiec-historyczna-o-korzenie-myslac-o-przyszlosci\/","title":{"rendered":"Marek Kuchci\u0144ski: T\u00f6r\u0151dn\u00fcnk kell a t\u00f6rt\u00e9nelmi eml\u00e9kezettel, a gy\u00f6kereinkkel, de gondolnunk kell a j\u00f6v\u0151re is."},"content":{"rendered":"<p>T\u00f6bb mint 2,5 milli\u00e1rd zloty t\u00e1mogat\u00e1st kapnak a k\u00f6zepes m\u00e9ret\u0171 v\u00e1rosok a korm\u00e1ny felel\u0151ss\u00e9gteljes fejleszt\u00e9si strat\u00e9gi\u00e1j\u00e1nak r\u00e9szek\u00e9nt. A t\u00e1mogat\u00e1si csomagot Mateusz Morawiecki minisztereln\u00f6k-helyettes, fejleszt\u00e9si \u00e9s p\u00e9nz\u00fcgyminiszter mutatta be Przemy\u015blben. A program 255 v\u00e1rosra terjed ki. A p\u00e9nzt t\u00f6bbek k\u00f6z\u00f6tt a beruh\u00e1z\u00e1sok fellend\u00edt\u00e9s\u00e9re, az adott r\u00e9gi\u00f3 egyedi eszk\u00f6zeinek felhaszn\u00e1l\u00e1s\u00e1val t\u00f6rt\u00e9n\u0151 fejleszt\u00e9sre sz\u00e1nj\u00e1k.<\/p>\n<p>Az avat\u00e1son jelen volt Marek Kuchci\u0144ski, a szejm eln\u00f6ke, Mateusz Morawiecki minisztereln\u00f6k-helyettes, Jerzy Kwieci\u0144ski, a Fejleszt\u00e9si Miniszt\u00e9rium \u00e1llamtitk\u00e1ra, W\u0142adys\u0142aw Ortyl, a Podkarpatszkaja r\u00e9gi\u00f3 marsallja \u00e9s Ewa Leniart, Podkarpatszkaja vajd\u00e1ja is.<\/p>\n<p>Marek Kuchci\u0144ski szerint Przemy\u015bl olyan v\u00e1rosnak t\u0171nik, amely nemcsak f\u00f6ldrajzi r\u00e9gi\u00f3kat, hanem t\u00f6bb mint 1000 \u00e9v k\u00fcl\u00f6nb\u00f6z\u0151 kezdem\u00e9nyez\u00e9seit is egyes\u00edti. - \u00d6r\u00fcl\u00f6k, hogy a lengyel korm\u00e1ny, hogy a fejleszt\u00e9si \u00e9s p\u00e9nz\u00fcgyminiszter programot hirdethet a k\u00f6zepes m\u00e9ret\u0171 v\u00e1rosok sz\u00e1m\u00e1ra, \u00e9ppen Przemy\u015blben, amely a Visztula jobb partj\u00e1ra n\u00e9zve a legt\u00f6bb m\u0171eml\u00e9kkel rendelkez\u0151 v\u00e1rosok k\u00f6z\u00e9 tartozik. Nagy er\u0151 rejlik benn\u00fck, \u00e9s nek\u00fcnk, mint t\u00f6rt\u00e9nelmi nemzetnek, \u00e1polnunk kell a t\u00f6rt\u00e9nelmi eml\u00e9kezetet \u00e9s a gy\u00f6kereinket, de gondolnunk kell a j\u00f6v\u0151re is, mert a fejl\u0151d\u00e9s alapja a gazdas\u00e1g \u00e9s a p\u00e9nz\u00fcgyek. Rem\u00e9lem, hogy a program megfelel majd az elv\u00e1r\u00e1sainknak\" - mondta.<\/p>\n<p><a href=\"https:\/\/marekkuchcinski.pl\/wp-content\/uploads\/2017\/04\/C9M5YiYW0AQO8s2.png\"><img fetchpriority=\"high\" decoding=\"async\" class=\"alignnone size-full wp-image-6005\" src=\"https:\/\/marekkuchcinski.pl\/wp-content\/uploads\/2017\/04\/C9M5YiYW0AQO8s2.png\" alt=\"C9M5YiYW0AQO8s2\" width=\"1024\" height=\"512\" srcset=\"https:\/\/marekkuchcinski.pl\/wp-content\/uploads\/2017\/04\/C9M5YiYW0AQO8s2.png 1024w, https:\/\/marekkuchcinski.pl\/wp-content\/uploads\/2017\/04\/C9M5YiYW0AQO8s2-300x150.png 300w, https:\/\/marekkuchcinski.pl\/wp-content\/uploads\/2017\/04\/C9M5YiYW0AQO8s2-768x384.png 768w\" sizes=\"(max-width: 1024px) 100vw, 1024px\" \/><\/a><\/p>\n<p>M\u00e1jusban az Infrastrukt\u00fara \u00e9s K\u00f6rnyezetv\u00e9delmi Program (OPI&amp;E) a leromlott v\u00e1rosi ter\u00fcletek v\u00e1rosi k\u00f6rnyezet\u00e9nek jav\u00edt\u00e1s\u00e1ra ir\u00e1nyul\u00f3 p\u00e1ly\u00e1zatot tervez, amelynek keret\u00e9ben 255 k\u00f6zepes m\u00e9ret\u0171 v\u00e1ros sz\u00e1m\u00e1ra 100 milli\u00f3 PLN-t k\u00fcl\u00f6n keretet biztos\u00edtanak, ebb\u0151l 50 milli\u00f3 PLN-t 122 k\u00f6zepes m\u00e9ret\u0171, t\u00e1rsadalmi-gazdas\u00e1gi funkci\u00f3t vesztett v\u00e1ros sz\u00e1m\u00e1ra;<\/p>\n<p>J\u00faniusban\/j\u00faliusban a Kelet-Lengyelorsz\u00e1g program (POPW) keret\u00e9ben 60 milli\u00f3 PLN \u00f6sszeg\u0171 k\u00fcl\u00f6n keret\u00f6sszeggel versenyt hirdetnek a kelet-lengyelorsz\u00e1gi, t\u00e1rsadalmi-gazdas\u00e1gi funkci\u00f3kat veszt\u0151 k\u00f6z\u00e9pv\u00e1rosokban tal\u00e1lhat\u00f3, a kkv-k \u00e1ltal v\u00e9grehajtott innov\u00e1ci\u00f3ra vonatkoz\u00f3 projektek sz\u00e1m\u00e1ra;<\/p>\n<p>Okt\u00f3berben a Tud\u00e1s-oktat\u00e1s-fejleszt\u00e9si program (POWER) keret\u00e9ben 15 milli\u00f3 PLN \u00e9rt\u00e9k\u0171 p\u00e1ly\u00e1zatot terveznek a t\u00e1rsadalmi \u00fajj\u00e1\u00e9leszt\u00e9s ter\u00fclet\u00e9n t\u00f6rt\u00e9n\u0151 transznacion\u00e1lis egy\u00fcttm\u0171k\u00f6d\u00e9sre, amely 122, t\u00e1rsadalmi-gazdas\u00e1gi funkci\u00f3jukat vesztett k\u00f6zepes m\u00e9ret\u0171 v\u00e1rosnak sz\u00f3l;<\/p>\n<p>Az \u00e9v v\u00e9g\u00e9re az Intelligens Fejleszt\u00e9si Program (IE OP) 400 milli\u00f3 PLN \u00e9rt\u00e9k\u0171 p\u00e1ly\u00e1zatot tervez a piac sz\u00e1m\u00e1ra t\u00f6rt\u00e9n\u0151 kutat\u00e1sra, amely teljes eg\u00e9sz\u00e9ben 255 k\u00f6zepes m\u00e9ret\u0171 v\u00e1rosban megval\u00f3s\u00edtott projektekre ir\u00e1nyul.<\/p>\n<p>Az elk\u00f6vetkez\u0151 \u00e9vekre tervezett nemzeti operat\u00edv programokban a csomagon bel\u00fcl a k\u00f6zepes m\u00e9ret\u0171 v\u00e1rosok sz\u00e1m\u00e1ra ki\u00edrt p\u00e1ly\u00e1zatokban a forr\u00e1sok teljes \u00f6sszege k\u00f6zel 2,5 milli\u00e1rd PLN, bele\u00e9rtve: POWER k\u00f6r\u00fclbel\u00fcl 970 milli\u00f3 PLN, POIR k\u00f6r\u00fclbel\u00fcl 900 milli\u00f3 PLN, POIi\u015a k\u00f6r\u00fclbel\u00fcl 520 milli\u00f3 PLN, POPW k\u00f6r\u00fclbel\u00fcl 60 milli\u00f3 PLN.<\/p>\n<p><strong>Helyi \u00d6nkorm\u00e1nyzati Beruh\u00e1z\u00e1si Alap<\/strong><\/p>\n<p>A k\u00f6zepes m\u00e9ret\u0171 v\u00e1rosok t\u00e1mogat\u00e1s\u00e1nak m\u00e1sik m\u00f3dja az ad\u00f3ss\u00e1gt\u00f3l vagy t\u00e1mogat\u00e1st\u00f3l elt\u00e9r\u0151 eszk\u00f6z\u00f6k alkalmaz\u00e1sa, amelyeket a Lengyel Fejleszt\u00e9si Alap \u00e1ltal kezelt Helyi \u00d6nkorm\u00e1nyzati Beruh\u00e1z\u00e1si Alap (SIF) k\u00edn\u00e1l. Az alap keret\u00e9ben lehet\u0151s\u00e9g van arra, hogy a teljes eg\u00e9sz\u00e9ben hazai forr\u00e1sokb\u00f3l finansz\u00edrozott beruh\u00e1z\u00e1sokhoz t\u00e1mogat\u00e1st kapjanak, vagy hogy az uni\u00f3s forr\u00e1sokb\u00f3l finansz\u00edrozott projektekhez saj\u00e1t hozz\u00e1j\u00e1rul\u00e1sk\u00e9nt t\u0151k\u00e9t szerezzenek. A lehets\u00e9ges t\u00e1mogat\u00e1si ter\u00fcletek a k\u00f6vetkez\u0151k: utak, v\u00edz- \u00e9s csatornaszektor, hullad\u00e9kgazd\u00e1lkod\u00e1s, energia- \u00e9s g\u00e1zell\u00e1t\u00e1s, szoci\u00e1lis infrastrukt\u00fara, revitaliz\u00e1ci\u00f3, t\u00f6megk\u00f6zleked\u00e9s \u00e9s eg\u00e9szs\u00e9g\u00fcgy.<\/p>\n<p><em>info: portalsamorzadowy.pl<\/em><\/p>\n<p><em>Fot\u00f3: Michal Mielniczuk UMWP<\/em><\/p>\n<p><a href=\"https:\/\/marekkuchcinski.pl\/wp-content\/uploads\/2017\/04\/09.jpg\"><img decoding=\"async\" class=\"alignnone size-full wp-image-6006\" src=\"https:\/\/marekkuchcinski.pl\/wp-content\/uploads\/2017\/04\/09.jpg\" alt=\"09\" width=\"2560\" height=\"1999\" srcset=\"https:\/\/marekkuchcinski.pl\/wp-content\/uploads\/2017\/04\/09.jpg 2048w, https:\/\/marekkuchcinski.pl\/wp-content\/uploads\/2017\/04\/09-300x234.jpg 300w, https:\/\/marekkuchcinski.pl\/wp-content\/uploads\/2017\/04\/09-768x600.jpg 768w, https:\/\/marekkuchcinski.pl\/wp-content\/uploads\/2017\/04\/09-1024x800.jpg 1024w\" sizes=\"(max-width: 2560px) 100vw, 2560px\" \/><\/a><a href=\"https:\/\/marekkuchcinski.pl\/wp-content\/uploads\/2017\/04\/14.jpg\"><img decoding=\"async\" class=\"alignnone size-full wp-image-6008\" src=\"https:\/\/marekkuchcinski.pl\/wp-content\/uploads\/2017\/04\/14.jpg\" alt=\"14\" width=\"2999\" height=\"1999\" srcset=\"https:\/\/marekkuchcinski.pl\/wp-content\/uploads\/2017\/04\/14.jpg 2048w, https:\/\/marekkuchcinski.pl\/wp-content\/uploads\/2017\/04\/14-300x200.jpg 300w, https:\/\/marekkuchcinski.pl\/wp-content\/uploads\/2017\/04\/14-768x512.jpg 768w, https:\/\/marekkuchcinski.pl\/wp-content\/uploads\/2017\/04\/14-1024x683.jpg 1024w\" sizes=\"(max-width: 2999px) 100vw, 2999px\" \/><\/a><a href=\"https:\/\/marekkuchcinski.pl\/wp-content\/uploads\/2017\/04\/22.jpg\"><img loading=\"lazy\" decoding=\"async\" class=\"alignnone size-full wp-image-6009\" src=\"https:\/\/marekkuchcinski.pl\/wp-content\/uploads\/2017\/04\/22.jpg\" alt=\"22\" width=\"2999\" height=\"1999\" srcset=\"https:\/\/marekkuchcinski.pl\/wp-content\/uploads\/2017\/04\/22.jpg 2048w, https:\/\/marekkuchcinski.pl\/wp-content\/uploads\/2017\/04\/22-300x200.jpg 300w, https:\/\/marekkuchcinski.pl\/wp-content\/uploads\/2017\/04\/22-768x512.jpg 768w, https:\/\/marekkuchcinski.pl\/wp-content\/uploads\/2017\/04\/22-1024x683.jpg 1024w\" sizes=\"(max-width: 2999px) 100vw, 2999px\" \/><\/a><a href=\"https:\/\/marekkuchcinski.pl\/wp-content\/uploads\/2017\/04\/23.jpg\"><img loading=\"lazy\" decoding=\"async\" class=\"alignnone size-full wp-image-6010\" src=\"https:\/\/marekkuchcinski.pl\/wp-content\/uploads\/2017\/04\/23.jpg\" alt=\"23\" width=\"2999\" height=\"1999\" srcset=\"https:\/\/marekkuchcinski.pl\/wp-content\/uploads\/2017\/04\/23.jpg 2048w, https:\/\/marekkuchcinski.pl\/wp-content\/uploads\/2017\/04\/23-300x200.jpg 300w, https:\/\/marekkuchcinski.pl\/wp-content\/uploads\/2017\/04\/23-768x512.jpg 768w, https:\/\/marekkuchcinski.pl\/wp-content\/uploads\/2017\/04\/23-1024x683.jpg 1024w\" sizes=\"(max-width: 2999px) 100vw, 2999px\" \/><\/a><a href=\"https:\/\/marekkuchcinski.pl\/wp-content\/uploads\/2017\/04\/26.jpg\"><img loading=\"lazy\" decoding=\"async\" class=\"alignnone size-full wp-image-6011\" src=\"https:\/\/marekkuchcinski.pl\/wp-content\/uploads\/2017\/04\/26.jpg\" alt=\"26\" width=\"2999\" height=\"1999\" srcset=\"https:\/\/marekkuchcinski.pl\/wp-content\/uploads\/2017\/04\/26.jpg 2048w, https:\/\/marekkuchcinski.pl\/wp-content\/uploads\/2017\/04\/26-300x200.jpg 300w, https:\/\/marekkuchcinski.pl\/wp-content\/uploads\/2017\/04\/26-768x512.jpg 768w, https:\/\/marekkuchcinski.pl\/wp-content\/uploads\/2017\/04\/26-1024x683.jpg 1024w\" sizes=\"(max-width: 2999px) 100vw, 2999px\" \/><\/a><a href=\"https:\/\/marekkuchcinski.pl\/wp-content\/uploads\/2017\/04\/A88A0671.jpg\"><img loading=\"lazy\" decoding=\"async\" class=\"alignnone size-full wp-image-6012\" src=\"https:\/\/marekkuchcinski.pl\/wp-content\/uploads\/2017\/04\/A88A0671.jpg\" alt=\"A88A0671\" width=\"2999\" height=\"1999\" srcset=\"https:\/\/marekkuchcinski.pl\/wp-content\/uploads\/2017\/04\/A88A0671.jpg 2048w, https:\/\/marekkuchcinski.pl\/wp-content\/uploads\/2017\/04\/A88A0671-300x200.jpg 300w, https:\/\/marekkuchcinski.pl\/wp-content\/uploads\/2017\/04\/A88A0671-768x512.jpg 768w, https:\/\/marekkuchcinski.pl\/wp-content\/uploads\/2017\/04\/A88A0671-1024x683.jpg 1024w\" sizes=\"(max-width: 2999px) 100vw, 2999px\" \/><\/a><a href=\"https:\/\/marekkuchcinski.pl\/wp-content\/uploads\/2017\/04\/01-2.jpg\"><img loading=\"lazy\" decoding=\"async\" class=\"alignnone size-full wp-image-6013\" src=\"https:\/\/marekkuchcinski.pl\/wp-content\/uploads\/2017\/04\/01-2.jpg\" alt=\"01 2\" width=\"2999\" height=\"1999\" srcset=\"https:\/\/marekkuchcinski.pl\/wp-content\/uploads\/2017\/04\/01-2.jpg 2048w, https:\/\/marekkuchcinski.pl\/wp-content\/uploads\/2017\/04\/01-2-300x200.jpg 300w, https:\/\/marekkuchcinski.pl\/wp-content\/uploads\/2017\/04\/01-2-768x512.jpg 768w, https:\/\/marekkuchcinski.pl\/wp-content\/uploads\/2017\/04\/01-2-1024x683.jpg 1024w\" sizes=\"(max-width: 2999px) 100vw, 2999px\" \/><\/a><a href=\"https:\/\/marekkuchcinski.pl\/wp-content\/uploads\/2017\/04\/01.jpg\"><img loading=\"lazy\" decoding=\"async\" class=\"alignnone size-full wp-image-6014\" src=\"https:\/\/marekkuchcinski.pl\/wp-content\/uploads\/2017\/04\/01.jpg\" alt=\"01\" width=\"2999\" height=\"1999\" srcset=\"https:\/\/marekkuchcinski.pl\/wp-content\/uploads\/2017\/04\/01.jpg 2048w, https:\/\/marekkuchcinski.pl\/wp-content\/uploads\/2017\/04\/01-300x200.jpg 300w, https:\/\/marekkuchcinski.pl\/wp-content\/uploads\/2017\/04\/01-768x512.jpg 768w, https:\/\/marekkuchcinski.pl\/wp-content\/uploads\/2017\/04\/01-1024x683.jpg 1024w\" sizes=\"(max-width: 2999px) 100vw, 2999px\" \/><\/a><a href=\"https:\/\/marekkuchcinski.pl\/wp-content\/uploads\/2017\/04\/02.jpg\"><img loading=\"lazy\" decoding=\"async\" class=\"alignnone size-full wp-image-6015\" src=\"https:\/\/marekkuchcinski.pl\/wp-content\/uploads\/2017\/04\/02.jpg\" alt=\"02\" width=\"2999\" height=\"1999\" srcset=\"https:\/\/marekkuchcinski.pl\/wp-content\/uploads\/2017\/04\/02.jpg 2048w, https:\/\/marekkuchcinski.pl\/wp-content\/uploads\/2017\/04\/02-300x200.jpg 300w, https:\/\/marekkuchcinski.pl\/wp-content\/uploads\/2017\/04\/02-768x512.jpg 768w, https:\/\/marekkuchcinski.pl\/wp-content\/uploads\/2017\/04\/02-1024x683.jpg 1024w\" sizes=\"(max-width: 2999px) 100vw, 2999px\" \/><\/a><a href=\"https:\/\/marekkuchcinski.pl\/wp-content\/uploads\/2017\/04\/03.jpg\"><img loading=\"lazy\" decoding=\"async\" class=\"alignnone size-full wp-image-6016\" src=\"https:\/\/marekkuchcinski.pl\/wp-content\/uploads\/2017\/04\/03.jpg\" alt=\"03\" width=\"2999\" height=\"1999\" srcset=\"https:\/\/marekkuchcinski.pl\/wp-content\/uploads\/2017\/04\/03.jpg 2048w, https:\/\/marekkuchcinski.pl\/wp-content\/uploads\/2017\/04\/03-300x200.jpg 300w, https:\/\/marekkuchcinski.pl\/wp-content\/uploads\/2017\/04\/03-768x512.jpg 768w, https:\/\/marekkuchcinski.pl\/wp-content\/uploads\/2017\/04\/03-1024x683.jpg 1024w\" sizes=\"(max-width: 2999px) 100vw, 2999px\" \/><\/a><a href=\"https:\/\/marekkuchcinski.pl\/wp-content\/uploads\/2017\/04\/04.jpg\"><img loading=\"lazy\" decoding=\"async\" class=\"alignnone size-full wp-image-6017\" src=\"https:\/\/marekkuchcinski.pl\/wp-content\/uploads\/2017\/04\/04.jpg\" alt=\"04\" width=\"2999\" height=\"1999\" srcset=\"https:\/\/marekkuchcinski.pl\/wp-content\/uploads\/2017\/04\/04.jpg 2048w, https:\/\/marekkuchcinski.pl\/wp-content\/uploads\/2017\/04\/04-300x200.jpg 300w, https:\/\/marekkuchcinski.pl\/wp-content\/uploads\/2017\/04\/04-768x512.jpg 768w, https:\/\/marekkuchcinski.pl\/wp-content\/uploads\/2017\/04\/04-1024x683.jpg 1024w\" sizes=\"(max-width: 2999px) 100vw, 2999px\" \/><\/a><a href=\"https:\/\/marekkuchcinski.pl\/wp-content\/uploads\/2017\/04\/05a.jpg\"><img loading=\"lazy\" decoding=\"async\" class=\"alignnone size-full wp-image-6018\" src=\"https:\/\/marekkuchcinski.pl\/wp-content\/uploads\/2017\/04\/05a.jpg\" alt=\"05a\" width=\"2999\" height=\"1999\" srcset=\"https:\/\/marekkuchcinski.pl\/wp-content\/uploads\/2017\/04\/05a.jpg 2048w, https:\/\/marekkuchcinski.pl\/wp-content\/uploads\/2017\/04\/05a-300x200.jpg 300w, https:\/\/marekkuchcinski.pl\/wp-content\/uploads\/2017\/04\/05a-768x512.jpg 768w, https:\/\/marekkuchcinski.pl\/wp-content\/uploads\/2017\/04\/05a-1024x683.jpg 1024w\" sizes=\"(max-width: 2999px) 100vw, 2999px\" \/><\/a><a href=\"https:\/\/marekkuchcinski.pl\/wp-content\/uploads\/2017\/04\/06.jpg\"><img loading=\"lazy\" decoding=\"async\" class=\"alignnone size-full wp-image-6019\" src=\"https:\/\/marekkuchcinski.pl\/wp-content\/uploads\/2017\/04\/06.jpg\" alt=\"06\" width=\"2999\" height=\"1999\" srcset=\"https:\/\/marekkuchcinski.pl\/wp-content\/uploads\/2017\/04\/06.jpg 2048w, https:\/\/marekkuchcinski.pl\/wp-content\/uploads\/2017\/04\/06-300x200.jpg 300w, https:\/\/marekkuchcinski.pl\/wp-content\/uploads\/2017\/04\/06-768x512.jpg 768w, https:\/\/marekkuchcinski.pl\/wp-content\/uploads\/2017\/04\/06-1024x683.jpg 1024w\" sizes=\"(max-width: 2999px) 100vw, 2999px\" \/><\/a><a href=\"https:\/\/marekkuchcinski.pl\/wp-content\/uploads\/2017\/04\/07.jpg\"><img loading=\"lazy\" decoding=\"async\" class=\"alignnone size-full wp-image-6020\" src=\"https:\/\/marekkuchcinski.pl\/wp-content\/uploads\/2017\/04\/07.jpg\" alt=\"07\" width=\"2999\" height=\"1999\" srcset=\"https:\/\/marekkuchcinski.pl\/wp-content\/uploads\/2017\/04\/07.jpg 2048w, https:\/\/marekkuchcinski.pl\/wp-content\/uploads\/2017\/04\/07-300x200.jpg 300w, https:\/\/marekkuchcinski.pl\/wp-content\/uploads\/2017\/04\/07-768x512.jpg 768w, https:\/\/marekkuchcinski.pl\/wp-content\/uploads\/2017\/04\/07-1024x683.jpg 1024w\" sizes=\"(max-width: 2999px) 100vw, 2999px\" \/><\/a><a href=\"https:\/\/marekkuchcinski.pl\/wp-content\/uploads\/2017\/04\/10-2.jpg\"><img loading=\"lazy\" decoding=\"async\" class=\"alignnone size-full wp-image-6021\" src=\"https:\/\/marekkuchcinski.pl\/wp-content\/uploads\/2017\/04\/10-2.jpg\" alt=\"10 2\" width=\"2999\" height=\"1999\" srcset=\"https:\/\/marekkuchcinski.pl\/wp-content\/uploads\/2017\/04\/10-2.jpg 2048w, https:\/\/marekkuchcinski.pl\/wp-content\/uploads\/2017\/04\/10-2-300x200.jpg 300w, https:\/\/marekkuchcinski.pl\/wp-content\/uploads\/2017\/04\/10-2-768x512.jpg 768w, https:\/\/marekkuchcinski.pl\/wp-content\/uploads\/2017\/04\/10-2-1024x683.jpg 1024w\" sizes=\"(max-width: 2999px) 100vw, 2999px\" \/><\/a><a href=\"https:\/\/marekkuchcinski.pl\/wp-content\/uploads\/2017\/04\/10.jpg\"><img loading=\"lazy\" decoding=\"async\" class=\"alignnone size-full wp-image-6022\" src=\"https:\/\/marekkuchcinski.pl\/wp-content\/uploads\/2017\/04\/10.jpg\" alt=\"10\" width=\"2999\" height=\"1999\" srcset=\"https:\/\/marekkuchcinski.pl\/wp-content\/uploads\/2017\/04\/10.jpg 2048w, https:\/\/marekkuchcinski.pl\/wp-content\/uploads\/2017\/04\/10-300x200.jpg 300w, https:\/\/marekkuchcinski.pl\/wp-content\/uploads\/2017\/04\/10-768x512.jpg 768w, https:\/\/marekkuchcinski.pl\/wp-content\/uploads\/2017\/04\/10-1024x683.jpg 1024w\" sizes=\"(max-width: 2999px) 100vw, 2999px\" \/><\/a><a href=\"https:\/\/marekkuchcinski.pl\/wp-content\/uploads\/2017\/04\/11.jpg\"><img loading=\"lazy\" decoding=\"async\" class=\"alignnone size-full wp-image-6023\" src=\"https:\/\/marekkuchcinski.pl\/wp-content\/uploads\/2017\/04\/11.jpg\" alt=\"11\" width=\"2999\" height=\"1999\" srcset=\"https:\/\/marekkuchcinski.pl\/wp-content\/uploads\/2017\/04\/11.jpg 2048w, https:\/\/marekkuchcinski.pl\/wp-content\/uploads\/2017\/04\/11-300x200.jpg 300w, https:\/\/marekkuchcinski.pl\/wp-content\/uploads\/2017\/04\/11-768x512.jpg 768w, https:\/\/marekkuchcinski.pl\/wp-content\/uploads\/2017\/04\/11-1024x683.jpg 1024w\" sizes=\"(max-width: 2999px) 100vw, 2999px\" \/><\/a><a href=\"https:\/\/marekkuchcinski.pl\/wp-content\/uploads\/2017\/04\/14-2.jpg\"><img loading=\"lazy\" decoding=\"async\" class=\"alignnone size-full wp-image-6024\" src=\"https:\/\/marekkuchcinski.pl\/wp-content\/uploads\/2017\/04\/14-2.jpg\" alt=\"14 2\" width=\"2999\" height=\"1999\" srcset=\"https:\/\/marekkuchcinski.pl\/wp-content\/uploads\/2017\/04\/14-2.jpg 2048w, https:\/\/marekkuchcinski.pl\/wp-content\/uploads\/2017\/04\/14-2-300x200.jpg 300w, https:\/\/marekkuchcinski.pl\/wp-content\/uploads\/2017\/04\/14-2-768x512.jpg 768w, https:\/\/marekkuchcinski.pl\/wp-content\/uploads\/2017\/04\/14-2-1024x683.jpg 1024w\" sizes=\"(max-width: 2999px) 100vw, 2999px\" \/><\/a><\/p>\n<p><em>Egy\u00e9b fot\u00f3k: Marek Kuchcinski parlamenti k\u00e9pvisel\u0151 irod\u00e1ja Przemy\u015blben:<\/em><\/p>\n<p><a href=\"https:\/\/marekkuchcinski.pl\/wp-content\/uploads\/2017\/04\/DSCN0401.jpg\"><img loading=\"lazy\" decoding=\"async\" class=\"alignnone  wp-image-6026\" src=\"https:\/\/marekkuchcinski.pl\/wp-content\/uploads\/2017\/04\/DSCN0401.jpg\" alt=\"DSCN0401\" width=\"546\" height=\"352\" srcset=\"https:\/\/marekkuchcinski.pl\/wp-content\/uploads\/2017\/04\/DSCN0401.jpg 549w, https:\/\/marekkuchcinski.pl\/wp-content\/uploads\/2017\/04\/DSCN0401-300x193.jpg 300w\" sizes=\"(max-width: 546px) 100vw, 546px\" \/><\/a> <a href=\"https:\/\/marekkuchcinski.pl\/wp-content\/uploads\/2017\/04\/DSCN0404.jpg\"><img loading=\"lazy\" decoding=\"async\" class=\"alignnone  wp-image-6028\" src=\"https:\/\/marekkuchcinski.pl\/wp-content\/uploads\/2017\/04\/DSCN0404.jpg\" alt=\"DSCN0404\" width=\"554\" height=\"418\" srcset=\"https:\/\/marekkuchcinski.pl\/wp-content\/uploads\/2017\/04\/DSCN0404.jpg 518w, https:\/\/marekkuchcinski.pl\/wp-content\/uploads\/2017\/04\/DSCN0404-300x226.jpg 300w\" sizes=\"(max-width: 554px) 100vw, 554px\" \/><\/a> <a href=\"https:\/\/marekkuchcinski.pl\/wp-content\/uploads\/2017\/04\/DSCN0406.jpg\"><img loading=\"lazy\" decoding=\"async\" class=\"alignnone  wp-image-6029\" src=\"https:\/\/marekkuchcinski.pl\/wp-content\/uploads\/2017\/04\/DSCN0406.jpg\" alt=\"DSCN0406\" width=\"554\" height=\"384\" srcset=\"https:\/\/marekkuchcinski.pl\/wp-content\/uploads\/2017\/04\/DSCN0406.jpg 631w, https:\/\/marekkuchcinski.pl\/wp-content\/uploads\/2017\/04\/DSCN0406-300x208.jpg 300w\" sizes=\"(max-width: 554px) 100vw, 554px\" \/><\/a><\/p>\n<p>&nbsp;<\/p>\n<p>&nbsp;<\/p>","protected":false},"excerpt":{"rendered":"<p>Ponad 2,5 mld z\u0142 wsparcia trafi do \u015brednich miast w ramach rz\u0105dowej Strategii na rzecz Odpowiedzialnego Rozwoju. Pakiet wsparcia przedstawi\u0142 w Przemy\u015blu wicepremier, minister rozwoju i finans\u00f3w Mateusz Morawiecki. Program obejmie 255 miast. Pieni\u0105dze maj\u0105 by\u0107 przeznaczone m.in. na pobudzenie inwestycji, rozw\u00f3j z wykorzystaniem indywidualnych walor\u00f3w danego regionu. Na inauguracji obecni byli tak\u017ce marsza\u0142ek Sejmu [&hellip;]<\/p>\n","protected":false},"author":6,"featured_media":6007,"comment_status":"open","ping_status":"open","sticky":false,"template":"","format":"standard","meta":{"ngg_post_thumbnail":0,"footnotes":""},"categories":[49,82,3],"tags":[],"class_list":["post-6004","post","type-post","status-publish","format-standard","has-post-thumbnail","hentry","category-podkarpacie","category-prawo-i-sprawiedliwosc","category-wydarzenia"],"_links":{"self":[{"href":"https:\/\/marekkuchcinski.pl\/hu\/wp-json\/wp\/v2\/posts\/6004","targetHints":{"allow":["GET"]}}],"collection":[{"href":"https:\/\/marekkuchcinski.pl\/hu\/wp-json\/wp\/v2\/posts"}],"about":[{"href":"https:\/\/marekkuchcinski.pl\/hu\/wp-json\/wp\/v2\/types\/post"}],"author":[{"embeddable":true,"href":"https:\/\/marekkuchcinski.pl\/hu\/wp-json\/wp\/v2\/users\/6"}],"replies":[{"embeddable":true,"href":"https:\/\/marekkuchcinski.pl\/hu\/wp-json\/wp\/v2\/comments?post=6004"}],"version-history":[{"count":3,"href":"https:\/\/marekkuchcinski.pl\/hu\/wp-json\/wp\/v2\/posts\/6004\/revisions"}],"predecessor-version":[{"id":6032,"href":"https:\/\/marekkuchcinski.pl\/hu\/wp-json\/wp\/v2\/posts\/6004\/revisions\/6032"}],"wp:featuredmedia":[{"embeddable":true,"href":"https:\/\/marekkuchcinski.pl\/hu\/wp-json\/wp\/v2\/media\/6007"}],"wp:attachment":[{"href":"https:\/\/marekkuchcinski.pl\/hu\/wp-json\/wp\/v2\/media?parent=6004"}],"wp:term":[{"taxonomy":"category","embeddable":true,"href":"https:\/\/marekkuchcinski.pl\/hu\/wp-json\/wp\/v2\/categories?post=6004"},{"taxonomy":"post_tag","embeddable":true,"href":"https:\/\/marekkuchcinski.pl\/hu\/wp-json\/wp\/v2\/tags?post=6004"}],"curies":[{"name":"wp","href":"https:\/\/api.w.org\/{rel}","templated":true}]}}