{"id":5800,"date":"2017-04-06T14:32:21","date_gmt":"2017-04-06T12:32:21","guid":{"rendered":"https:\/\/marekkuchcinski.pl\/?p=5800"},"modified":"2017-04-06T14:32:21","modified_gmt":"2017-04-06T12:32:21","slug":"sto-temu-tymczasowa-rada-stanu-wydala-deklaracje-dotyczaca-przynaleznosci-panstwowej-kresow","status":"publish","type":"post","link":"https:\/\/marekkuchcinski.pl\/hu\/wazne-daty\/sto-temu-tymczasowa-rada-stanu-wydala-deklaracje-dotyczaca-przynaleznosci-panstwowej-kresow\/","title":{"rendered":"Sz\u00e1z \u00e9vvel ezel\u0151tt az Ideiglenes \u00c1llamtan\u00e1cs nyilatkozatot adott ki a Hat\u00e1rvid\u00e9k \u00e1llami hovatartoz\u00e1s\u00e1r\u00f3l."},"content":{"rendered":"<p><strong>1917. \u00e1prilis 6-\u00e1n az Ideiglenes \u00c1llamtan\u00e1cs nem fogadta el az orosz ki\u00e1ltv\u00e1nyt, amely t\u00f6bbek k\u00f6z\u00f6tt kimondta, hogy az \u00fajj\u00e1sz\u00fclet\u0151 Lengyelorsz\u00e1got katonai sz\u00f6vets\u00e9g fogja egyes\u00edteni Oroszorsz\u00e1ggal, \u00e9s hogy Lengyelorsz\u00e1g hat\u00e1rainak alakj\u00e1r\u00f3l egy orosz alkotm\u00e1nyoz\u00f3 gy\u0171l\u00e9s fog d\u00f6nteni.<\/p>\n<p><\/strong><\/p>","protected":false},"excerpt":{"rendered":"<p>1917. \u00e1prilis 6-\u00e1n az Ideiglenes \u00c1llamtan\u00e1cs nem fogadta el az orosz ki\u00e1ltv\u00e1nyt, amely t\u00f6bbek k\u00f6z\u00f6tt kimondta, hogy az \u00fajj\u00e1sz\u00fclet\u0151 Lengyelorsz\u00e1got katonai sz\u00f6vets\u00e9g fogja egyes\u00edteni Oroszorsz\u00e1ggal, \u00e9s hogy Lengyelorsz\u00e1g hat\u00e1rainak alakj\u00e1r\u00f3l egy orosz alkotm\u00e1nyoz\u00f3 gy\u0171l\u00e9s fog d\u00f6nteni.<\/p>","protected":false},"author":6,"featured_media":5802,"comment_status":"open","ping_status":"open","sticky":false,"template":"","format":"standard","meta":{"ngg_post_thumbnail":0,"footnotes":""},"categories":[77],"tags":[],"class_list":["post-5800","post","type-post","status-publish","format-standard","has-post-thumbnail","hentry","category-wazne-daty"],"yoast_head":"<!-- This site is optimized with the Yoast SEO plugin v24.7 - https:\/\/yoast.com\/wordpress\/plugins\/seo\/ -->\n<title>Sto lat temu Tymczasowa Rada Stanu wyda\u0142a deklaracj\u0119 dotycz\u0105c\u0105 przynale\u017cno\u015bci pa\u0144stwowej Kres\u00f3w &#8211; Marek Kuchci\u0144ski<\/title>\n<meta name=\"robots\" content=\"index, follow, max-snippet:-1, max-image-preview:large, max-video-preview:-1\" \/>\n<link rel=\"canonical\" href=\"https:\/\/marekkuchcinski.pl\/hu\/wazne-daty\/sto-temu-tymczasowa-rada-stanu-wydala-deklaracje-dotyczaca-przynaleznosci-panstwowej-kresow\/\" \/>\n<meta property=\"og:locale\" content=\"hu_HU\" \/>\n<meta property=\"og:type\" content=\"article\" \/>\n<meta property=\"og:title\" content=\"Sto lat temu Tymczasowa Rada Stanu wyda\u0142a deklaracj\u0119 dotycz\u0105c\u0105 przynale\u017cno\u015bci pa\u0144stwowej Kres\u00f3w &#8211; Marek Kuchci\u0144ski\" \/>\n<meta property=\"og:description\" content=\"6 kwietnia 1917 roku Tymczasowa Rada Stanu nie zgodzi\u0142a si\u0119 na rosyjsk\u0105 proklamacj\u0119, w kt\u00f3rej zaznaczono m.in., \u017ce odrodzona Polska mia\u0142aby by\u0107 po\u0142\u0105czona sojuszem wojskowym z\u00a0Rosj\u0105, a\u00a0o kszta\u0142cie granic Polski zadecydowa\u0107 mia\u0142oby rosyjskie zgromadzenie konstytucyjne.\" \/>\n<meta property=\"og:url\" content=\"https:\/\/marekkuchcinski.pl\/hu\/wazne-daty\/sto-temu-tymczasowa-rada-stanu-wydala-deklaracje-dotyczaca-przynaleznosci-panstwowej-kresow\/\" \/>\n<meta property=\"og:site_name\" content=\"Marek Kuchci\u0144ski\" \/>\n<meta property=\"article:published_time\" content=\"2017-04-06T12:32:21+00:00\" \/>\n<meta property=\"og:image\" content=\"https:\/\/marekkuchcinski.pl\/wp-content\/uploads\/2017\/04\/fuks3-1.jpg\" \/>\n\t<meta property=\"og:image:width\" content=\"804\" \/>\n\t<meta property=\"og:image:height\" content=\"632\" \/>\n\t<meta property=\"og:image:type\" content=\"image\/jpeg\" \/>\n<meta name=\"author\" content=\"admin\" \/>\n<meta name=\"twitter:card\" content=\"summary_large_image\" \/>\n<meta name=\"twitter:label1\" content=\"Szerz\u0151:\" \/>\n\t<meta name=\"twitter:data1\" content=\"admin\" \/>\n<script type=\"application\/ld+json\" class=\"yoast-schema-graph\">{\"@context\":\"https:\/\/schema.org\",\"@graph\":[{\"@type\":\"Article\",\"@id\":\"https:\/\/marekkuchcinski.pl\/en\/wazne-daty\/sto-temu-tymczasowa-rada-stanu-wydala-deklaracje-dotyczaca-przynaleznosci-panstwowej-kresow\/#article\",\"isPartOf\":{\"@id\":\"https:\/\/marekkuchcinski.pl\/en\/wazne-daty\/sto-temu-tymczasowa-rada-stanu-wydala-deklaracje-dotyczaca-przynaleznosci-panstwowej-kresow\/\"},\"author\":{\"name\":\"admin\",\"@id\":\"https:\/\/marekkuchcinski.pl\/#\/schema\/person\/6f62700996b4d950b6ea2d1183b6c6be\"},\"headline\":\"Sto lat temu Tymczasowa Rada Stanu wyda\u0142a deklaracj\u0119 dotycz\u0105c\u0105 przynale\u017cno\u015bci pa\u0144stwowej Kres\u00f3w\",\"datePublished\":\"2017-04-06T12:32:21+00:00\",\"mainEntityOfPage\":{\"@id\":\"https:\/\/marekkuchcinski.pl\/en\/wazne-daty\/sto-temu-tymczasowa-rada-stanu-wydala-deklaracje-dotyczaca-przynaleznosci-panstwowej-kresow\/\"},\"wordCount\":60,\"commentCount\":0,\"publisher\":{\"@id\":\"https:\/\/marekkuchcinski.pl\/#organization\"},\"image\":{\"@id\":\"https:\/\/marekkuchcinski.pl\/en\/wazne-daty\/sto-temu-tymczasowa-rada-stanu-wydala-deklaracje-dotyczaca-przynaleznosci-panstwowej-kresow\/#primaryimage\"},\"thumbnailUrl\":\"https:\/\/marekkuchcinski.pl\/wp-content\/uploads\/2017\/04\/fuks3-1.jpg\",\"articleSection\":[\"Wa\u017cne daty\"],\"inLanguage\":\"hu\",\"potentialAction\":[{\"@type\":\"CommentAction\",\"name\":\"Comment\",\"target\":[\"https:\/\/marekkuchcinski.pl\/en\/wazne-daty\/sto-temu-tymczasowa-rada-stanu-wydala-deklaracje-dotyczaca-przynaleznosci-panstwowej-kresow\/#respond\"]}]},{\"@type\":\"WebPage\",\"@id\":\"https:\/\/marekkuchcinski.pl\/en\/wazne-daty\/sto-temu-tymczasowa-rada-stanu-wydala-deklaracje-dotyczaca-przynaleznosci-panstwowej-kresow\/\",\"url\":\"https:\/\/marekkuchcinski.pl\/en\/wazne-daty\/sto-temu-tymczasowa-rada-stanu-wydala-deklaracje-dotyczaca-przynaleznosci-panstwowej-kresow\/\",\"name\":\"Sto lat temu Tymczasowa Rada Stanu wyda\u0142a deklaracj\u0119 dotycz\u0105c\u0105 przynale\u017cno\u015bci pa\u0144stwowej Kres\u00f3w &#8211; Marek Kuchci\u0144ski\",\"isPartOf\":{\"@id\":\"https:\/\/marekkuchcinski.pl\/#website\"},\"primaryImageOfPage\":{\"@id\":\"https:\/\/marekkuchcinski.pl\/en\/wazne-daty\/sto-temu-tymczasowa-rada-stanu-wydala-deklaracje-dotyczaca-przynaleznosci-panstwowej-kresow\/#primaryimage\"},\"image\":{\"@id\":\"https:\/\/marekkuchcinski.pl\/en\/wazne-daty\/sto-temu-tymczasowa-rada-stanu-wydala-deklaracje-dotyczaca-przynaleznosci-panstwowej-kresow\/#primaryimage\"},\"thumbnailUrl\":\"https:\/\/marekkuchcinski.pl\/wp-content\/uploads\/2017\/04\/fuks3-1.jpg\",\"datePublished\":\"2017-04-06T12:32:21+00:00\",\"breadcrumb\":{\"@id\":\"https:\/\/marekkuchcinski.pl\/en\/wazne-daty\/sto-temu-tymczasowa-rada-stanu-wydala-deklaracje-dotyczaca-przynaleznosci-panstwowej-kresow\/#breadcrumb\"},\"inLanguage\":\"hu\",\"potentialAction\":[{\"@type\":\"ReadAction\",\"target\":[\"https:\/\/marekkuchcinski.pl\/en\/wazne-daty\/sto-temu-tymczasowa-rada-stanu-wydala-deklaracje-dotyczaca-przynaleznosci-panstwowej-kresow\/\"]}]},{\"@type\":\"ImageObject\",\"inLanguage\":\"hu\",\"@id\":\"https:\/\/marekkuchcinski.pl\/en\/wazne-daty\/sto-temu-tymczasowa-rada-stanu-wydala-deklaracje-dotyczaca-przynaleznosci-panstwowej-kresow\/#primaryimage\",\"url\":\"https:\/\/marekkuchcinski.pl\/wp-content\/uploads\/2017\/04\/fuks3-1.jpg\",\"contentUrl\":\"https:\/\/marekkuchcinski.pl\/wp-content\/uploads\/2017\/04\/fuks3-1.jpg\",\"width\":804,\"height\":632},{\"@type\":\"BreadcrumbList\",\"@id\":\"https:\/\/marekkuchcinski.pl\/en\/wazne-daty\/sto-temu-tymczasowa-rada-stanu-wydala-deklaracje-dotyczaca-przynaleznosci-panstwowej-kresow\/#breadcrumb\",\"itemListElement\":[{\"@type\":\"ListItem\",\"position\":1,\"name\":\"Strona g\u0142\u00f3wna\",\"item\":\"https:\/\/marekkuchcinski.pl\/\"},{\"@type\":\"ListItem\",\"position\":2,\"name\":\"Sto lat temu Tymczasowa Rada Stanu wyda\u0142a deklaracj\u0119 dotycz\u0105c\u0105 przynale\u017cno\u015bci pa\u0144stwowej Kres\u00f3w\"}]},{\"@type\":\"WebSite\",\"@id\":\"https:\/\/marekkuchcinski.pl\/#website\",\"url\":\"https:\/\/marekkuchcinski.pl\/\",\"name\":\"Marek Kuchci\u0144ski\",\"description\":\"Pose\u0142 na sejm RP &ndash; okr\u0119g nr 22\",\"publisher\":{\"@id\":\"https:\/\/marekkuchcinski.pl\/#organization\"},\"potentialAction\":[{\"@type\":\"SearchAction\",\"target\":{\"@type\":\"EntryPoint\",\"urlTemplate\":\"https:\/\/marekkuchcinski.pl\/?s={search_term_string}\"},\"query-input\":{\"@type\":\"PropertyValueSpecification\",\"valueRequired\":true,\"valueName\":\"search_term_string\"}}],\"inLanguage\":\"hu\"},{\"@type\":\"Organization\",\"@id\":\"https:\/\/marekkuchcinski.pl\/#organization\",\"name\":\"Marek Kuchci\u0144ski\",\"url\":\"https:\/\/marekkuchcinski.pl\/\",\"logo\":{\"@type\":\"ImageObject\",\"inLanguage\":\"hu\",\"@id\":\"https:\/\/marekkuchcinski.pl\/#\/schema\/logo\/image\/\",\"url\":\"https:\/\/marekkuchcinski.pl\/wp-content\/uploads\/2022\/09\/Marek.jpg\",\"contentUrl\":\"https:\/\/marekkuchcinski.pl\/wp-content\/uploads\/2022\/09\/Marek.jpg\",\"width\":1600,\"height\":971,\"caption\":\"Marek Kuchci\u0144ski\"},\"image\":{\"@id\":\"https:\/\/marekkuchcinski.pl\/#\/schema\/logo\/image\/\"}},{\"@type\":\"Person\",\"@id\":\"https:\/\/marekkuchcinski.pl\/#\/schema\/person\/6f62700996b4d950b6ea2d1183b6c6be\",\"name\":\"admin\",\"image\":{\"@type\":\"ImageObject\",\"inLanguage\":\"hu\",\"@id\":\"https:\/\/marekkuchcinski.pl\/#\/schema\/person\/image\/\",\"url\":\"https:\/\/secure.gravatar.com\/avatar\/4bab693b9d55c3d6b52c0296a8765085?s=96&d=mm&r=g\",\"contentUrl\":\"https:\/\/secure.gravatar.com\/avatar\/4bab693b9d55c3d6b52c0296a8765085?s=96&d=mm&r=g\",\"caption\":\"admin\"},\"url\":\"https:\/\/marekkuchcinski.pl\/hu\/author\/marta-olejnik\/\"}]}<\/script>\n<!-- \/ Yoast SEO plugin. -->","yoast_head_json":{"title":"Sto lat temu Tymczasowa Rada Stanu wyda\u0142a deklaracj\u0119 dotycz\u0105c\u0105 przynale\u017cno\u015bci pa\u0144stwowej Kres\u00f3w &#8211; Marek Kuchci\u0144ski","robots":{"index":"index","follow":"follow","max-snippet":"max-snippet:-1","max-image-preview":"max-image-preview:large","max-video-preview":"max-video-preview:-1"},"canonical":"https:\/\/marekkuchcinski.pl\/hu\/wazne-daty\/sto-temu-tymczasowa-rada-stanu-wydala-deklaracje-dotyczaca-przynaleznosci-panstwowej-kresow\/","og_locale":"hu_HU","og_type":"article","og_title":"Sto lat temu Tymczasowa Rada Stanu wyda\u0142a deklaracj\u0119 dotycz\u0105c\u0105 przynale\u017cno\u015bci pa\u0144stwowej Kres\u00f3w &#8211; Marek Kuchci\u0144ski","og_description":"6 kwietnia 1917 roku Tymczasowa Rada Stanu nie zgodzi\u0142a si\u0119 na rosyjsk\u0105 proklamacj\u0119, w kt\u00f3rej zaznaczono m.in., \u017ce odrodzona Polska mia\u0142aby by\u0107 po\u0142\u0105czona sojuszem wojskowym z\u00a0Rosj\u0105, a\u00a0o kszta\u0142cie granic Polski zadecydowa\u0107 mia\u0142oby rosyjskie zgromadzenie konstytucyjne.","og_url":"https:\/\/marekkuchcinski.pl\/hu\/wazne-daty\/sto-temu-tymczasowa-rada-stanu-wydala-deklaracje-dotyczaca-przynaleznosci-panstwowej-kresow\/","og_site_name":"Marek Kuchci\u0144ski","article_published_time":"2017-04-06T12:32:21+00:00","og_image":[{"width":804,"height":632,"url":"https:\/\/marekkuchcinski.pl\/wp-content\/uploads\/2017\/04\/fuks3-1.jpg","type":"image\/jpeg"}],"author":"admin","twitter_card":"summary_large_image","twitter_misc":{"Szerz\u0151:":"admin"},"schema":{"@context":"https:\/\/schema.org","@graph":[{"@type":"Article","@id":"https:\/\/marekkuchcinski.pl\/en\/wazne-daty\/sto-temu-tymczasowa-rada-stanu-wydala-deklaracje-dotyczaca-przynaleznosci-panstwowej-kresow\/#article","isPartOf":{"@id":"https:\/\/marekkuchcinski.pl\/en\/wazne-daty\/sto-temu-tymczasowa-rada-stanu-wydala-deklaracje-dotyczaca-przynaleznosci-panstwowej-kresow\/"},"author":{"name":"admin","@id":"https:\/\/marekkuchcinski.pl\/#\/schema\/person\/6f62700996b4d950b6ea2d1183b6c6be"},"headline":"Sto lat temu Tymczasowa Rada Stanu wyda\u0142a deklaracj\u0119 dotycz\u0105c\u0105 przynale\u017cno\u015bci pa\u0144stwowej Kres\u00f3w","datePublished":"2017-04-06T12:32:21+00:00","mainEntityOfPage":{"@id":"https:\/\/marekkuchcinski.pl\/en\/wazne-daty\/sto-temu-tymczasowa-rada-stanu-wydala-deklaracje-dotyczaca-przynaleznosci-panstwowej-kresow\/"},"wordCount":60,"commentCount":0,"publisher":{"@id":"https:\/\/marekkuchcinski.pl\/#organization"},"image":{"@id":"https:\/\/marekkuchcinski.pl\/en\/wazne-daty\/sto-temu-tymczasowa-rada-stanu-wydala-deklaracje-dotyczaca-przynaleznosci-panstwowej-kresow\/#primaryimage"},"thumbnailUrl":"https:\/\/marekkuchcinski.pl\/wp-content\/uploads\/2017\/04\/fuks3-1.jpg","articleSection":["Wa\u017cne daty"],"inLanguage":"hu","potentialAction":[{"@type":"CommentAction","name":"Comment","target":["https:\/\/marekkuchcinski.pl\/en\/wazne-daty\/sto-temu-tymczasowa-rada-stanu-wydala-deklaracje-dotyczaca-przynaleznosci-panstwowej-kresow\/#respond"]}]},{"@type":"WebPage","@id":"https:\/\/marekkuchcinski.pl\/en\/wazne-daty\/sto-temu-tymczasowa-rada-stanu-wydala-deklaracje-dotyczaca-przynaleznosci-panstwowej-kresow\/","url":"https:\/\/marekkuchcinski.pl\/en\/wazne-daty\/sto-temu-tymczasowa-rada-stanu-wydala-deklaracje-dotyczaca-przynaleznosci-panstwowej-kresow\/","name":"Sto lat temu Tymczasowa Rada Stanu wyda\u0142a deklaracj\u0119 dotycz\u0105c\u0105 przynale\u017cno\u015bci pa\u0144stwowej Kres\u00f3w &#8211; Marek Kuchci\u0144ski","isPartOf":{"@id":"https:\/\/marekkuchcinski.pl\/#website"},"primaryImageOfPage":{"@id":"https:\/\/marekkuchcinski.pl\/en\/wazne-daty\/sto-temu-tymczasowa-rada-stanu-wydala-deklaracje-dotyczaca-przynaleznosci-panstwowej-kresow\/#primaryimage"},"image":{"@id":"https:\/\/marekkuchcinski.pl\/en\/wazne-daty\/sto-temu-tymczasowa-rada-stanu-wydala-deklaracje-dotyczaca-przynaleznosci-panstwowej-kresow\/#primaryimage"},"thumbnailUrl":"https:\/\/marekkuchcinski.pl\/wp-content\/uploads\/2017\/04\/fuks3-1.jpg","datePublished":"2017-04-06T12:32:21+00:00","breadcrumb":{"@id":"https:\/\/marekkuchcinski.pl\/en\/wazne-daty\/sto-temu-tymczasowa-rada-stanu-wydala-deklaracje-dotyczaca-przynaleznosci-panstwowej-kresow\/#breadcrumb"},"inLanguage":"hu","potentialAction":[{"@type":"ReadAction","target":["https:\/\/marekkuchcinski.pl\/en\/wazne-daty\/sto-temu-tymczasowa-rada-stanu-wydala-deklaracje-dotyczaca-przynaleznosci-panstwowej-kresow\/"]}]},{"@type":"ImageObject","inLanguage":"hu","@id":"https:\/\/marekkuchcinski.pl\/en\/wazne-daty\/sto-temu-tymczasowa-rada-stanu-wydala-deklaracje-dotyczaca-przynaleznosci-panstwowej-kresow\/#primaryimage","url":"https:\/\/marekkuchcinski.pl\/wp-content\/uploads\/2017\/04\/fuks3-1.jpg","contentUrl":"https:\/\/marekkuchcinski.pl\/wp-content\/uploads\/2017\/04\/fuks3-1.jpg","width":804,"height":632},{"@type":"BreadcrumbList","@id":"https:\/\/marekkuchcinski.pl\/en\/wazne-daty\/sto-temu-tymczasowa-rada-stanu-wydala-deklaracje-dotyczaca-przynaleznosci-panstwowej-kresow\/#breadcrumb","itemListElement":[{"@type":"ListItem","position":1,"name":"Strona g\u0142\u00f3wna","item":"https:\/\/marekkuchcinski.pl\/"},{"@type":"ListItem","position":2,"name":"Sto lat temu Tymczasowa Rada Stanu wyda\u0142a deklaracj\u0119 dotycz\u0105c\u0105 przynale\u017cno\u015bci pa\u0144stwowej Kres\u00f3w"}]},{"@type":"WebSite","@id":"https:\/\/marekkuchcinski.pl\/#website","url":"https:\/\/marekkuchcinski.pl\/","name":"Marek Kuchci\u0144ski","description":"Pose\u0142 na sejm RP &ndash; okr\u0119g nr 22","publisher":{"@id":"https:\/\/marekkuchcinski.pl\/#organization"},"potentialAction":[{"@type":"SearchAction","target":{"@type":"EntryPoint","urlTemplate":"https:\/\/marekkuchcinski.pl\/?s={search_term_string}"},"query-input":{"@type":"PropertyValueSpecification","valueRequired":true,"valueName":"search_term_string"}}],"inLanguage":"hu"},{"@type":"Organization","@id":"https:\/\/marekkuchcinski.pl\/#organization","name":"Marek Kuchci\u0144ski","url":"https:\/\/marekkuchcinski.pl\/","logo":{"@type":"ImageObject","inLanguage":"hu","@id":"https:\/\/marekkuchcinski.pl\/#\/schema\/logo\/image\/","url":"https:\/\/marekkuchcinski.pl\/wp-content\/uploads\/2022\/09\/Marek.jpg","contentUrl":"https:\/\/marekkuchcinski.pl\/wp-content\/uploads\/2022\/09\/Marek.jpg","width":1600,"height":971,"caption":"Marek Kuchci\u0144ski"},"image":{"@id":"https:\/\/marekkuchcinski.pl\/#\/schema\/logo\/image\/"}},{"@type":"Person","@id":"https:\/\/marekkuchcinski.pl\/#\/schema\/person\/6f62700996b4d950b6ea2d1183b6c6be","name":"admin","image":{"@type":"ImageObject","inLanguage":"hu","@id":"https:\/\/marekkuchcinski.pl\/#\/schema\/person\/image\/","url":"https:\/\/secure.gravatar.com\/avatar\/4bab693b9d55c3d6b52c0296a8765085?s=96&d=mm&r=g","contentUrl":"https:\/\/secure.gravatar.com\/avatar\/4bab693b9d55c3d6b52c0296a8765085?s=96&d=mm&r=g","caption":"admin"},"url":"https:\/\/marekkuchcinski.pl\/hu\/author\/marta-olejnik\/"}]}},"_links":{"self":[{"href":"https:\/\/marekkuchcinski.pl\/hu\/wp-json\/wp\/v2\/posts\/5800","targetHints":{"allow":["GET"]}}],"collection":[{"href":"https:\/\/marekkuchcinski.pl\/hu\/wp-json\/wp\/v2\/posts"}],"about":[{"href":"https:\/\/marekkuchcinski.pl\/hu\/wp-json\/wp\/v2\/types\/post"}],"author":[{"embeddable":true,"href":"https:\/\/marekkuchcinski.pl\/hu\/wp-json\/wp\/v2\/users\/6"}],"replies":[{"embeddable":true,"href":"https:\/\/marekkuchcinski.pl\/hu\/wp-json\/wp\/v2\/comments?post=5800"}],"version-history":[{"count":1,"href":"https:\/\/marekkuchcinski.pl\/hu\/wp-json\/wp\/v2\/posts\/5800\/revisions"}],"predecessor-version":[{"id":5803,"href":"https:\/\/marekkuchcinski.pl\/hu\/wp-json\/wp\/v2\/posts\/5800\/revisions\/5803"}],"wp:featuredmedia":[{"embeddable":true,"href":"https:\/\/marekkuchcinski.pl\/hu\/wp-json\/wp\/v2\/media\/5802"}],"wp:attachment":[{"href":"https:\/\/marekkuchcinski.pl\/hu\/wp-json\/wp\/v2\/media?parent=5800"}],"wp:term":[{"taxonomy":"category","embeddable":true,"href":"https:\/\/marekkuchcinski.pl\/hu\/wp-json\/wp\/v2\/categories?post=5800"},{"taxonomy":"post_tag","embeddable":true,"href":"https:\/\/marekkuchcinski.pl\/hu\/wp-json\/wp\/v2\/tags?post=5800"}],"curies":[{"name":"wp","href":"https:\/\/api.w.org\/{rel}","templated":true}]}}