{"id":5778,"date":"2017-04-05T15:10:02","date_gmt":"2017-04-05T13:10:02","guid":{"rendered":"https:\/\/marekkuchcinski.pl\/?p=5778"},"modified":"2017-04-05T15:10:02","modified_gmt":"2017-04-05T13:10:02","slug":"zmarla-olga-johann-wiceprzewodniczaca-rady-m-st-warszawy-radna-pis","status":"publish","type":"post","link":"https:\/\/marekkuchcinski.pl\/hu\/wydarzenia\/zmarla-olga-johann-wiceprzewodniczaca-rady-m-st-warszawy-radna-pis\/","title":{"rendered":"Meghalt Olga Johann, a vars\u00f3i v\u00e1rosi tan\u00e1cs eln\u00f6khelyettese, a Jog \u00e9s Igazs\u00e1goss\u00e1g (PiS) p\u00e1rt tagja."},"content":{"rendered":"<p>Johann Olga mindig a jobb oldalon \u00e1llt. Nagyon tisztelte a haz\u00e1j\u00e1t, \u00e9s nagy sz\u00edve volt az emberek ir\u00e1nt. Tagja volt az Oktat\u00e1si Miniszt\u00e9riumban a fogyat\u00e9kkal \u00e9l\u0151 fiatalok probl\u00e9m\u00e1ival foglalkoz\u00f3 bizotts\u00e1gnak. Dolgozott az Ifj\u00fas\u00e1gi Seg\u00e9lyvonalban is, volt szak\u00e9rt\u0151 a fiatalkor\u00faak b\u00edr\u00f3s\u00e1g\u00e1n, majd a gyermekjogi ombudsman jog\u00e1szjel\u00f6ltje. Vars\u00f3i tan\u00e1csosk\u00e9nt harcolt a r\u00e9gi b\u00e9rh\u00e1zak\u00e9rt, a Bierut-dekr\u00e9tum alapj\u00e1n felhagyott f\u00f6ldek\u00e9rt, az utc\u00e1k dekommuniz\u00e1l\u00e1s\u00e1\u00e9rt \u00e9s a r\u00e9gi, h\u00e1bor\u00fa el\u0151tti nevek visszaad\u00e1s\u00e1\u00e9rt. \"Harcolnunk kell a t\u00f6rt\u00e9nelmi igazs\u00e1g\u00e9rt\" - mondta.<\/p>\n<p>2002-2006 k\u00f6z\u00f6tt a Maz\u00f3viai Vajdas\u00e1gi K\u00e9pvisel\u0151h\u00e1z aleln\u00f6ke volt. A Jogi \u00e9s Igazs\u00e1g\u00fcgyi Nemzeti Ellen\u0151rz\u0151 Bizotts\u00e1g eln\u00f6ke is volt.<\/p>\n<p>2016. december 13-\u00e1n, a lengyelorsz\u00e1gi hadi\u00e1llapot bevezet\u00e9s\u00e9nek 35. \u00e9vfordul\u00f3j\u00e1n - a lengyelorsz\u00e1gi demokratikus v\u00e1ltoz\u00e1sok\u00e9rt folytatott tev\u00e9kenys\u00e9gben szerzett kiemelked\u0151 \u00e9rdemei\u00e9rt, az orsz\u00e1g jav\u00e1ra v\u00e9gzett szakmai \u00e9s t\u00e1rsadalmi munk\u00e1ban el\u00e9rt eredm\u00e9nyei\u00e9rt - Andrzej Duda, a Lengyel K\u00f6zt\u00e1rsas\u00e1g eln\u00f6ke a Lengyelorsz\u00e1g \u00dajj\u00e1sz\u00fclet\u00e9se Rend lovagkeresztj\u00e9vel t\u00fcntette ki Olga Johannt.<\/p>\n<p><a href=\"https:\/\/marekkuchcinski.pl\/wp-content\/uploads\/2017\/04\/dwnld68971816-1.jpg\"><img fetchpriority=\"high\" decoding=\"async\" class=\"alignnone size-full wp-image-5779\" src=\"https:\/\/marekkuchcinski.pl\/wp-content\/uploads\/2017\/04\/dwnld68971816-1.jpg\" alt=\"dwnld68971816 (1)\" width=\"1500\" height=\"1000\" srcset=\"https:\/\/marekkuchcinski.pl\/wp-content\/uploads\/2017\/04\/dwnld68971816-1.jpg 1500w, https:\/\/marekkuchcinski.pl\/wp-content\/uploads\/2017\/04\/dwnld68971816-1-300x200.jpg 300w, https:\/\/marekkuchcinski.pl\/wp-content\/uploads\/2017\/04\/dwnld68971816-1-768x512.jpg 768w, https:\/\/marekkuchcinski.pl\/wp-content\/uploads\/2017\/04\/dwnld68971816-1-1024x683.jpg 1024w\" sizes=\"(max-width: 1500px) 100vw, 1500px\" \/><\/a><\/p>\n<p><em>Fot\u00f3: Krzysztof Sitkowski \/KPRP<\/em><\/p>","protected":false},"excerpt":{"rendered":"<p>Olga Johann zawsze sta\u0142a po odpowiedniej stronie.\u00a0Mia\u0142a wielki szacunek dla swojego kraju i wielkie serce dla ludzi. By\u0142a cz\u0142onkini\u0105 komisji w Ministerstwie O\u015bwiaty zajmuj\u0105c\u0105 si\u0119 problematyk\u0105 m\u0142odzie\u017cy niepe\u0142nosprawnej. Pracowa\u0142a tak\u017ce w M\u0142odzie\u017cowym Telefonie Zaufania, by\u0142a bieg\u0142\u0105 w s\u0105dzie dla nieletnich, potem kandydatk\u0105 PiS na rzecznika praw dziecka. Jako radna Warszawy walczy\u0142a o stare kamienice, grunty [&hellip;]<\/p>\n","protected":false},"author":6,"featured_media":5779,"comment_status":"open","ping_status":"open","sticky":false,"template":"","format":"standard","meta":{"ngg_post_thumbnail":0,"footnotes":""},"categories":[82,77,3],"tags":[],"class_list":["post-5778","post","type-post","status-publish","format-standard","has-post-thumbnail","hentry","category-prawo-i-sprawiedliwosc","category-wazne-daty","category-wydarzenia"],"_links":{"self":[{"href":"https:\/\/marekkuchcinski.pl\/hu\/wp-json\/wp\/v2\/posts\/5778","targetHints":{"allow":["GET"]}}],"collection":[{"href":"https:\/\/marekkuchcinski.pl\/hu\/wp-json\/wp\/v2\/posts"}],"about":[{"href":"https:\/\/marekkuchcinski.pl\/hu\/wp-json\/wp\/v2\/types\/post"}],"author":[{"embeddable":true,"href":"https:\/\/marekkuchcinski.pl\/hu\/wp-json\/wp\/v2\/users\/6"}],"replies":[{"embeddable":true,"href":"https:\/\/marekkuchcinski.pl\/hu\/wp-json\/wp\/v2\/comments?post=5778"}],"version-history":[{"count":1,"href":"https:\/\/marekkuchcinski.pl\/hu\/wp-json\/wp\/v2\/posts\/5778\/revisions"}],"predecessor-version":[{"id":5780,"href":"https:\/\/marekkuchcinski.pl\/hu\/wp-json\/wp\/v2\/posts\/5778\/revisions\/5780"}],"wp:featuredmedia":[{"embeddable":true,"href":"https:\/\/marekkuchcinski.pl\/hu\/wp-json\/wp\/v2\/media\/5779"}],"wp:attachment":[{"href":"https:\/\/marekkuchcinski.pl\/hu\/wp-json\/wp\/v2\/media?parent=5778"}],"wp:term":[{"taxonomy":"category","embeddable":true,"href":"https:\/\/marekkuchcinski.pl\/hu\/wp-json\/wp\/v2\/categories?post=5778"},{"taxonomy":"post_tag","embeddable":true,"href":"https:\/\/marekkuchcinski.pl\/hu\/wp-json\/wp\/v2\/tags?post=5778"}],"curies":[{"name":"wp","href":"https:\/\/api.w.org\/{rel}","templated":true}]}}