{"id":5756,"date":"2017-04-04T14:41:41","date_gmt":"2017-04-04T12:41:41","guid":{"rendered":"https:\/\/marekkuchcinski.pl\/?p=5756"},"modified":"2017-04-04T14:46:38","modified_gmt":"2017-04-04T12:46:38","slug":"marszalek-kuchcinski-expo-2022-lodzi-pelne-poparcie-polskiego-parlamentu","status":"publish","type":"post","link":"https:\/\/marekkuchcinski.pl\/hu\/wydarzenia\/marszalek-kuchcinski-expo-2022-lodzi-pelne-poparcie-polskiego-parlamentu\/","title":{"rendered":"Kuchci\u0144ski h\u00e1zeln\u00f6k: a \u0141\u00f3d\u017ai Expo 2022 a lengyel parlament teljes t\u00e1mogat\u00e1s\u00e1t \u00e9lvezi"},"content":{"rendered":"<p>Marek Kuchci\u0144ski, a szejm eln\u00f6ke tal\u00e1lkozott a Nemzetk\u00f6zi Ki\u00e1ll\u00edt\u00e1si Iroda (BIE) \u00e9rt\u00e9kel\u0151 k\u00fcld\u00f6tts\u00e9g\u00e9vel. A tal\u00e1lkoz\u00f3 c\u00e9lja a 2022-es l\u00f3dzi Expo 2022 vil\u00e1gki\u00e1ll\u00edt\u00e1s megszervez\u00e9s\u00e9nek megvitat\u00e1sa volt. <a href=\"https:\/\/marekkuchcinski.pl\/wp-content\/uploads\/2017\/04\/56e15c9975033_o-3.jpg\"><img fetchpriority=\"high\" decoding=\"async\" class=\"wp-image-5763 alignleft\" src=\"https:\/\/marekkuchcinski.pl\/wp-content\/uploads\/2017\/04\/56e15c9975033_o-3.jpg\" alt=\"56e15c9975033_o (3)\" width=\"219\" height=\"282\" srcset=\"https:\/\/marekkuchcinski.pl\/wp-content\/uploads\/2017\/04\/56e15c9975033_o-3.jpg 323w, https:\/\/marekkuchcinski.pl\/wp-content\/uploads\/2017\/04\/56e15c9975033_o-3-233x300.jpg 233w\" sizes=\"(max-width: 219px) 100vw, 219px\" \/><\/a>A projekt a lengyel hat\u00f3s\u00e1gok azon kezdem\u00e9nyez\u00e9sei k\u00f6z\u00e9 tartozik, amelyek c\u00e9lja, hogy orsz\u00e1gszerte nagyszab\u00e1s\u00fa revitaliz\u00e1ci\u00f3s projekteket ind\u00edtsanak.<\/p>\n<p>- A korm\u00e1nnyal egy\u00fctt elt\u00f6k\u00e9lt sz\u00e1nd\u00e9kunk, hogy Lengyelorsz\u00e1g adjon otthont az exp\u00f3nak\" - \u00e9rvelt a marsall. - \u00c1talakul\u00e1sa, hagyom\u00e1nyai, multikulturalizmusa \u00e9s \u0151seink eredm\u00e9nyei miatt \u0141\u00f3d\u017a ide\u00e1lis helysz\u00edn a 2022-es Expo megrendez\u00e9s\u00e9re.<\/p>\n<p>A h\u00e1zeln\u00f6k biztos\u00edtotta tov\u00e1bb\u00e1 a Parlament teljes t\u00e1mogat\u00e1s\u00e1r\u00f3l a kezdem\u00e9nyez\u00e9st illet\u0151en, valamint a v\u00e1llalkoz\u00e1s sz\u00fcks\u00e9gess\u00e9g\u00e9r\u0151l Eur\u00f3pa ezen r\u00e9sze szempontj\u00e1b\u00f3l, ahol eddig m\u00e9g nem szerveztek exp\u00f3t. - Sikerre \u00e9hesek vagyunk, az eg\u00e9sz vil\u00e1g tud\u00e1s\u00e1b\u00f3l akarunk mer\u00edteni, de a r\u00e9gi\u00f3 vezet\u0151jek\u00e9nt - az Adri\u00e1t\u00f3l a Baltikumig - sok k\u00f6z\u00f6s tapasztalatunk van az \u00e1talakul\u00e1s ut\u00e1ni orsz\u00e1g tapasztalataiban - \u00e9rvelt.<\/p>\n<p>Lengyelorsz\u00e1g azt javasolja, hogy t\u00e9rjen vissza gy\u00f6kereihez \u00e9s a vil\u00e1gki\u00e1ll\u00edt\u00e1sok hagyom\u00e1ny\u00e1hoz. \u0141\u00f3d\u017anak lehet\u0151s\u00e9ge van arra, hogy a ki\u00e1ll\u00edt\u00e1st a v\u00e1ros sz\u00edv\u00e9ben, \u0141\u00f3d\u017a \u00daj K\u00f6zpontj\u00e1nak \u00e9s az \u00faj \u0141\u00f3d\u017a Fabryczna vas\u00fat\u00e1llom\u00e1snak a ter\u00fclet\u00e9n rendezze meg.<\/p>\n<p>A l\u00f3dzi EXPO vil\u00e1gszerte hozz\u00e1j\u00e1rul a revitaliz\u00e1ci\u00f3s projektek fejleszt\u00e9s\u00e9hez. A \u0141\u00f3d\u017aban megrendez\u00e9sre ker\u00fcl\u0151 EXPO 2022 kiv\u00e1l\u00f3 platform lesz sz\u00e1mukra az eszme- \u00e9s tapasztalatcser\u00e9re, \u00e9s a megszerzett tud\u00e1st \u00e1t tudj\u00e1k majd \u00fcltetni saj\u00e1t helyi terep\u00fckre.<\/p>\n<p>A t\u00e9ma a City Re:Invented - v\u00e1rosi meg\u00fajul\u00e1s. Ez az eg\u00e9sz vil\u00e1g sz\u00e1m\u00e1ra relev\u00e1ns, \u00e9s illeszkedik az intelligens v\u00e1rosok, a magas \u00e9letmin\u0151s\u00e9g\u0171 v\u00e1rosi \u00e9let, bele\u00e9rtve a fenntarthat\u00f3 k\u00f6zleked\u00e9st, a z\u00f6ld v\u00e1rosokat, a szabadid\u0151s kult\u00far\u00e1t \u00e9s a lakosbar\u00e1t v\u00e1rosokat.<\/p>\n<p>Az EXPO-n l\u00e9trehozott l\u00e9tes\u00edtm\u00e9nyeket a ki\u00e1ll\u00edt\u00e1s ut\u00e1n teljes m\u00e9rt\u00e9kben ki fogj\u00e1k haszn\u00e1lni.  A becsl\u00e9sek szerint 86% ki\u00e1ll\u00edt\u00e1si infrastrukt\u00fara a v\u00e1ros \u00e1lland\u00f3 r\u00e9sz\u00e9v\u00e9 v\u00e1lik, m\u00edg a fennmarad\u00f3 14% \u00fajrahasznos\u00edt\u00e1sra \u00e9s m\u00e1shol t\u00f6rt\u00e9n\u0151 felhaszn\u00e1l\u00e1sra ker\u00fcl.<\/p>\n<p>Az EXPO 2022\/2023 rendez\u00e9si jog\u00e1nak oda\u00edt\u00e9l\u00e9s\u00e9r\u0151l a BIE k\u00fcld\u00f6ttei a 2017 november\u00e9ben tartand\u00f3 BIE k\u00f6zgy\u0171l\u00e9sen szavaznak. A BIE-nek 168 orsz\u00e1g a tagja.<\/p>\n<p>A ki\u00e1ll\u00edt\u00e1s id\u0151pontja: j\u00fanius 15-t\u0151l 2022. szeptember 15-ig.<\/p>\n<p><a href=\"https:\/\/marekkuchcinski.pl\/wp-content\/uploads\/2017\/04\/RZ__3654-1.jpg\"><img decoding=\"async\" class=\"alignnone size-full wp-image-5757\" src=\"https:\/\/marekkuchcinski.pl\/wp-content\/uploads\/2017\/04\/RZ__3654-1.jpg\" alt=\"RZ__3654 (1)\" width=\"2835\" height=\"1890\" srcset=\"https:\/\/marekkuchcinski.pl\/wp-content\/uploads\/2017\/04\/RZ__3654-1.jpg 2048w, https:\/\/marekkuchcinski.pl\/wp-content\/uploads\/2017\/04\/RZ__3654-1-300x200.jpg 300w, https:\/\/marekkuchcinski.pl\/wp-content\/uploads\/2017\/04\/RZ__3654-1-768x512.jpg 768w, https:\/\/marekkuchcinski.pl\/wp-content\/uploads\/2017\/04\/RZ__3654-1-1024x683.jpg 1024w\" sizes=\"(max-width: 2835px) 100vw, 2835px\" \/><\/a><\/p>","protected":false},"excerpt":{"rendered":"<p>Marsza\u0142ek Sejmu Marek Kuchci\u0144ski spotka\u0142 si\u0119 z Misj\u0105 Ewaluacyjn\u0105 Mi\u0119dzynarodowego Biura Wystaw (BIE). Celem spotkania by\u0142a rozmowa na temat organizacji \u015bwiatowej wystawy Expo 2022 w \u0141odzi. Wpisuje si\u0119 ona w szereg podejmowanych przez w\u0142adze Polski inicjatyw, kt\u00f3re maj\u0105 na celu uruchomienie szeroko zakrojonych projekt\u00f3w rewitalizacyjnych w ca\u0142ym kraju. \u2013 Razem z rz\u0105dem jeste\u015bmy zdeterminowani, by [&hellip;]<\/p>\n","protected":false},"author":6,"featured_media":5757,"comment_status":"open","ping_status":"open","sticky":false,"template":"","format":"standard","meta":{"ngg_post_thumbnail":0,"footnotes":""},"categories":[81,50,3],"tags":[],"class_list":["post-5756","post","type-post","status-publish","format-standard","has-post-thumbnail","hentry","category-wiesci-z-sejmu","category-wspolpraca-miedzynarodowa","category-wydarzenia"],"_links":{"self":[{"href":"https:\/\/marekkuchcinski.pl\/hu\/wp-json\/wp\/v2\/posts\/5756","targetHints":{"allow":["GET"]}}],"collection":[{"href":"https:\/\/marekkuchcinski.pl\/hu\/wp-json\/wp\/v2\/posts"}],"about":[{"href":"https:\/\/marekkuchcinski.pl\/hu\/wp-json\/wp\/v2\/types\/post"}],"author":[{"embeddable":true,"href":"https:\/\/marekkuchcinski.pl\/hu\/wp-json\/wp\/v2\/users\/6"}],"replies":[{"embeddable":true,"href":"https:\/\/marekkuchcinski.pl\/hu\/wp-json\/wp\/v2\/comments?post=5756"}],"version-history":[{"count":3,"href":"https:\/\/marekkuchcinski.pl\/hu\/wp-json\/wp\/v2\/posts\/5756\/revisions"}],"predecessor-version":[{"id":5764,"href":"https:\/\/marekkuchcinski.pl\/hu\/wp-json\/wp\/v2\/posts\/5756\/revisions\/5764"}],"wp:featuredmedia":[{"embeddable":true,"href":"https:\/\/marekkuchcinski.pl\/hu\/wp-json\/wp\/v2\/media\/5757"}],"wp:attachment":[{"href":"https:\/\/marekkuchcinski.pl\/hu\/wp-json\/wp\/v2\/media?parent=5756"}],"wp:term":[{"taxonomy":"category","embeddable":true,"href":"https:\/\/marekkuchcinski.pl\/hu\/wp-json\/wp\/v2\/categories?post=5756"},{"taxonomy":"post_tag","embeddable":true,"href":"https:\/\/marekkuchcinski.pl\/hu\/wp-json\/wp\/v2\/tags?post=5756"}],"curies":[{"name":"wp","href":"https:\/\/api.w.org\/{rel}","templated":true}]}}