{"id":5620,"date":"2017-03-11T13:31:05","date_gmt":"2017-03-11T12:31:05","guid":{"rendered":"https:\/\/marekkuchcinski.pl\/?p=5620"},"modified":"2017-03-11T13:31:05","modified_gmt":"2017-03-11T12:31:05","slug":"litwa-oglosila-niepodleglosc","status":"publish","type":"post","link":"https:\/\/marekkuchcinski.pl\/hu\/wazne-daty\/litwa-oglosila-niepodleglosc\/","title":{"rendered":"Litv\u00e1nia kiki\u00e1ltotta f\u00fcggetlens\u00e9g\u00e9t"},"content":{"rendered":"<p><strong>1990. m\u00e1rcius 11-\u00e9n Litv\u00e1nia Legfels\u0151bb Tan\u00e1csa, mint a szovjet k\u00f6zt\u00e1rsas\u00e1gok k\u00f6z\u00fcl els\u0151k\u00e9nt, kihirdette a Litv\u00e1nia F\u00fcggetlen \u00c1llam vissza\u00e1ll\u00edt\u00e1s\u00e1r\u00f3l sz\u00f3l\u00f3 t\u00f6rv\u00e9nyt.<\/strong><\/p>\n<p>A Litv\u00e1n K\u00f6zt\u00e1rsas\u00e1g Legfels\u0151bb Tan\u00e1cs\u00e1nak valamennyi tagja \u00e1ltal al\u00e1\u00edrt t\u00f6rv\u00e9ny a Szovjetuni\u00f3 megsz\u00e1ll\u00e1sa al\u00e1 ker\u00fclt \u00e9s f\u00fcggetlens\u00e9g\u00e9t 1940 j\u00fanius\u00e1ban elvesztett k\u00e9t vil\u00e1gh\u00e1bor\u00fa k\u00f6z\u00f6tti litv\u00e1n \u00e1llam meg\u00faj\u00edt\u00e1s\u00e1t \u00e9s jogi folytat\u00e1s\u00e1t hangs\u00falyozta.<\/p>\n<p>&nbsp;<\/p>\n<p>&nbsp;<\/p>\n<p><a href=\"https:\/\/marekkuchcinski.pl\/wp-content\/uploads\/2017\/03\/lit.jpg\"><img fetchpriority=\"high\" decoding=\"async\" class=\"alignnone size-full wp-image-5621\" src=\"https:\/\/marekkuchcinski.pl\/wp-content\/uploads\/2017\/03\/lit.jpg\" alt=\"lit\" width=\"800\" height=\"1136\" srcset=\"https:\/\/marekkuchcinski.pl\/wp-content\/uploads\/2017\/03\/lit.jpg 800w, https:\/\/marekkuchcinski.pl\/wp-content\/uploads\/2017\/03\/lit-211x300.jpg 211w, https:\/\/marekkuchcinski.pl\/wp-content\/uploads\/2017\/03\/lit-768x1091.jpg 768w, https:\/\/marekkuchcinski.pl\/wp-content\/uploads\/2017\/03\/lit-721x1024.jpg 721w\" sizes=\"(max-width: 800px) 100vw, 800px\" \/><\/a><\/p>","protected":false},"excerpt":{"rendered":"<p>11 marca 1990 r. Rada Najwy\u017csza Litwy, jako pierwsza z republik radzieckich, proklamowa\u0142a akt o restytucji niepodleg\u0142ego pa\u0144stwa litewskiego. Podpisany przez wszystkich cz\u0142onk\u00f3w Rady Najwy\u017cszej Republiki Litewskiej akt podkre\u015bla\u0142 odnowienie i prawn\u0105 kontynuacj\u0119 pa\u0144stwa litewskiego z okresu mi\u0119dzywojennego, kt\u00f3re znalaz\u0142o si\u0119 pod okupacj\u0105 Zwi\u0105zku Radzieckiego i utraci\u0142o niepodleg\u0142o\u015b\u0107 w czerwcu 1940 roku. &nbsp; &nbsp;<\/p>","protected":false},"author":6,"featured_media":5622,"comment_status":"open","ping_status":"open","sticky":false,"template":"","format":"standard","meta":{"ngg_post_thumbnail":0,"footnotes":""},"categories":[77],"tags":[],"class_list":["post-5620","post","type-post","status-publish","format-standard","has-post-thumbnail","hentry","category-wazne-daty"],"_links":{"self":[{"href":"https:\/\/marekkuchcinski.pl\/hu\/wp-json\/wp\/v2\/posts\/5620","targetHints":{"allow":["GET"]}}],"collection":[{"href":"https:\/\/marekkuchcinski.pl\/hu\/wp-json\/wp\/v2\/posts"}],"about":[{"href":"https:\/\/marekkuchcinski.pl\/hu\/wp-json\/wp\/v2\/types\/post"}],"author":[{"embeddable":true,"href":"https:\/\/marekkuchcinski.pl\/hu\/wp-json\/wp\/v2\/users\/6"}],"replies":[{"embeddable":true,"href":"https:\/\/marekkuchcinski.pl\/hu\/wp-json\/wp\/v2\/comments?post=5620"}],"version-history":[{"count":1,"href":"https:\/\/marekkuchcinski.pl\/hu\/wp-json\/wp\/v2\/posts\/5620\/revisions"}],"predecessor-version":[{"id":5623,"href":"https:\/\/marekkuchcinski.pl\/hu\/wp-json\/wp\/v2\/posts\/5620\/revisions\/5623"}],"wp:featuredmedia":[{"embeddable":true,"href":"https:\/\/marekkuchcinski.pl\/hu\/wp-json\/wp\/v2\/media\/5622"}],"wp:attachment":[{"href":"https:\/\/marekkuchcinski.pl\/hu\/wp-json\/wp\/v2\/media?parent=5620"}],"wp:term":[{"taxonomy":"category","embeddable":true,"href":"https:\/\/marekkuchcinski.pl\/hu\/wp-json\/wp\/v2\/categories?post=5620"},{"taxonomy":"post_tag","embeddable":true,"href":"https:\/\/marekkuchcinski.pl\/hu\/wp-json\/wp\/v2\/tags?post=5620"}],"curies":[{"name":"wp","href":"https:\/\/api.w.org\/{rel}","templated":true}]}}