{"id":5599,"date":"2018-03-08T11:00:58","date_gmt":"2018-03-08T10:00:58","guid":{"rendered":"https:\/\/marekkuchcinski.pl\/?p=5599"},"modified":"2019-03-08T14:36:33","modified_gmt":"2019-03-08T13:36:33","slug":"marzec-68","status":"publish","type":"post","link":"https:\/\/marekkuchcinski.pl\/hu\/wydarzenia\/marzec-68\/","title":{"rendered":"68 m\u00e1rcius\u00e1nak 50. \u00e9vfordul\u00f3ja"},"content":{"rendered":"<p><strong>1968. m\u00e1rcius 8.<\/strong> a Vars\u00f3i Egyetemen di\u00e1ksztr\u00e1jkok kezd\u0151dtek, reag\u00e1lva arra, hogy Adam Mickiewicz Dziady c\u00edm\u0171 m\u0171v\u00e9t levett\u00e9k a Nemzeti Sz\u00ednh\u00e1z hirdet\u0151t\u00e1bl\u00e1j\u00e1r\u00f3l. Az elnyom\u00e1s megsz\u00fcntet\u00e9s\u00e9t k\u00f6vetelt\u00e9k, szolidarit\u00e1sukat fejezt\u00e9k ki az \u00edr\u00f3kkal, \u00e9s a Lengyel N\u00e9pk\u00f6zt\u00e1rsas\u00e1g alkotm\u00e1ny\u00e1nak tiszteletben tart\u00e1s\u00e1t k\u00f6vetelt\u00e9k. A munk\u00e1saktivist\u00e1k, a mil\u00edcia \u00e9s az ORMO lecsendes\u00edtette a di\u00e1kokat a Krakowskie Przedmie\u015bcie-ben \u00e9s a Vars\u00f3i Egyetem udvar\u00e1n. Negyven\u00f6t embert tart\u00f3ztattak le, k\u00f6zt\u00fck Karol Modzelewskit, Jacek Kuro\u0144t \u00e9s Irena Lasot\u00e1t.<\/p>\n<p>A mindenre kiterjed\u0151 el\u0151ad\u00e1s, az El\u0151zm\u00e9nyek el\u0151est\u00e9je mag\u00e1val ragadta a k\u00f6z\u00f6ns\u00e9get. - Az el\u0151ad\u00e1s egy bizonyos pillanat\u00e1t\u00f3l kezdve minden egyes sz\u00f3t megtapsolt a k\u00f6z\u00f6ns\u00e9g.  Ez egy pimasz reakci\u00f3 volt az er\u0151szakra\" - mondta Gustaw Holoubek, aki Konrad-Gustawot j\u00e1tszotta.<\/p>\n<p>A sz\u00f3l\u00e1sszabads\u00e1g\u00e9rt, a m\u0171v\u00e9szet\u00e9rt \u00e9s a polg\u00e1rjogok\u00e9rt folytatott k\u00fczdelem volt a hajt\u00f3ereje ennek a fiatals\u00e1gnak. Eleg\u00fck volt abb\u00f3l, hogy a f\u00e9lelem \u00e9s a cenz\u00fara, a manipul\u00e1ci\u00f3 orsz\u00e1g\u00e1ban \u00e9ljenek. B\u00e1r sok vesztenival\u00f3juk volt, a di\u00e1kok szembesz\u00e1lltak a PZPR bitorl\u00e1s\u00e1val. \"A di\u00e1kok elnyom\u00e1sa, akik tiltakoztak a sz\u00e9gyenletes d\u00f6nt\u00e9s ellen, amely betiltotta a ki\u00e1ll\u00edt\u00e1s <em>Dziady<\/em> a Nemzeti Sz\u00ednh\u00e1zban, egy\u00e9rtelm\u0171en s\u00e9rti az Alkotm\u00e1ny 71. cikk\u00e9t. Nem hagyjuk, hogy megtagadj\u00e1k t\u0151l\u00fcnk a jogot, hogy megv\u00e9dj\u00fck a lengyel nemzet demokratikus \u00e9s f\u00fcggetlens\u00e9gi hagyom\u00e1nyait. Nem maradunk csendben az elnyom\u00e1ssal szemben\" - \u00edrt\u00e1k a di\u00e1kok a <strong>m\u00e1rcius 8-\u00e1n elfogadott \u00e1ll\u00e1sfoglal\u00e1s<\/strong>.<\/p>\n<p>M\u00e1rcius 6-\u00e1n a lengyel szejm hat\u00e1rozatot fogadott el az 1968. m\u00e1rciusi di\u00e1kt\u00fcntet\u00e9sek 50. \u00e9vfordul\u00f3j\u00e1nak meg\u00fcnnepl\u00e9s\u00e9r\u0151l.\u00a0<a href=\"https:\/\/marekkuchcinski.pl\/wp-content\/uploads\/2017\/03\/Marzec-68.pdf\">M\u00e1rcius '68<\/a><\/p>\n<p><a href=\"https:\/\/marekkuchcinski.pl\/wp-content\/uploads\/2017\/03\/0002XY6E5A1CM3IF-C317-F3.jpg\"><img fetchpriority=\"high\" decoding=\"async\" class=\"alignnone wp-image-5600\" src=\"https:\/\/marekkuchcinski.pl\/wp-content\/uploads\/2017\/03\/0002XY6E5A1CM3IF-C317-F3.jpg\" alt=\"0002XY6E5A1CM3IF-C317-F3\" width=\"1004\" height=\"698\" srcset=\"https:\/\/marekkuchcinski.pl\/wp-content\/uploads\/2017\/03\/0002XY6E5A1CM3IF-C317-F3.jpg 600w, https:\/\/marekkuchcinski.pl\/wp-content\/uploads\/2017\/03\/0002XY6E5A1CM3IF-C317-F3-300x209.jpg 300w\" sizes=\"(max-width: 1004px) 100vw, 1004px\" \/><\/a> <a href=\"https:\/\/marekkuchcinski.pl\/wp-content\/uploads\/2017\/03\/7-13510.jpg\"><img decoding=\"async\" class=\"alignnone wp-image-5601\" src=\"https:\/\/marekkuchcinski.pl\/wp-content\/uploads\/2017\/03\/7-13510.jpg\" alt=\"7-13510\" width=\"1011\" height=\"731\" srcset=\"https:\/\/marekkuchcinski.pl\/wp-content\/uploads\/2017\/03\/7-13510.jpg 700w, https:\/\/marekkuchcinski.pl\/wp-content\/uploads\/2017\/03\/7-13510-300x216.jpg 300w\" sizes=\"(max-width: 1011px) 100vw, 1011px\" \/><\/a> A Nemzeti Sz\u00ednh\u00e1zban a \"Dziady\"-t Kazimierz Dejmek rendezte, Konrad-Gustaw szerep\u00e9t Gustaw Holoubek j\u00e1tszotta.<a href=\"https:\/\/marekkuchcinski.pl\/wp-content\/uploads\/2017\/03\/d.jpg\"><img decoding=\"async\" class=\"alignnone wp-image-5602\" src=\"https:\/\/marekkuchcinski.pl\/wp-content\/uploads\/2017\/03\/d.jpg\" alt=\"d\" width=\"1027\" height=\"830\" srcset=\"https:\/\/marekkuchcinski.pl\/wp-content\/uploads\/2017\/03\/d.jpg 700w, https:\/\/marekkuchcinski.pl\/wp-content\/uploads\/2017\/03\/d-300x242.jpg 300w\" sizes=\"(max-width: 1027px) 100vw, 1027px\" \/><\/a> <a href=\"https:\/\/marekkuchcinski.pl\/wp-content\/uploads\/2017\/03\/Dziady.jpg\"><img loading=\"lazy\" decoding=\"async\" class=\"alignnone wp-image-5603\" src=\"https:\/\/marekkuchcinski.pl\/wp-content\/uploads\/2017\/03\/Dziady.jpg\" alt=\"Dziady\" width=\"990\" height=\"746\" srcset=\"https:\/\/marekkuchcinski.pl\/wp-content\/uploads\/2017\/03\/Dziady.jpg 700w, https:\/\/marekkuchcinski.pl\/wp-content\/uploads\/2017\/03\/Dziady-300x226.jpg 300w\" sizes=\"(max-width: 990px) 100vw, 990px\" \/><\/a> <a href=\"https:\/\/marekkuchcinski.pl\/wp-content\/uploads\/2017\/03\/uw5.jpg\"><img loading=\"lazy\" decoding=\"async\" class=\"alignnone size-full wp-image-5604\" src=\"https:\/\/marekkuchcinski.pl\/wp-content\/uploads\/2017\/03\/uw5.jpg\" alt=\"uw5\" width=\"1024\" height=\"679\" srcset=\"https:\/\/marekkuchcinski.pl\/wp-content\/uploads\/2017\/03\/uw5.jpg 1024w, https:\/\/marekkuchcinski.pl\/wp-content\/uploads\/2017\/03\/uw5-300x199.jpg 300w, https:\/\/marekkuchcinski.pl\/wp-content\/uploads\/2017\/03\/uw5-768x509.jpg 768w\" sizes=\"(max-width: 1024px) 100vw, 1024px\" \/><\/a><\/p>","protected":false},"excerpt":{"rendered":"<p>8 marca 1968 r. rozpocz\u0119\u0142y si\u0119 studenckie strajki na Uniwersytecie Warszawskim b\u0119d\u0105ce reakcj\u0105 na zdj\u0119cie z afisza Teatru Narodowego \u201eDziad\u00f3w\u201d Adama Mickiewicza. Domagano si\u0119 w\u00f3wczas zaprzestania represji, solidaryzowano si\u0119 z pisarzami, \u017c\u0105dano przestrzegania konstytucji PRL. Aktyw robotniczy, milicja i ORMO spacyfikowali student\u00f3w na Krakowskim Przedmie\u015bciu i dziedzi\u0144cu UW. Aresztowano 45 os\u00f3b, w tym m.in. Karola [&hellip;]<\/p>\n","protected":false},"author":6,"featured_media":5600,"comment_status":"open","ping_status":"open","sticky":false,"template":"","format":"standard","meta":{"ngg_post_thumbnail":0,"footnotes":""},"categories":[77,3],"tags":[],"class_list":["post-5599","post","type-post","status-publish","format-standard","has-post-thumbnail","hentry","category-wazne-daty","category-wydarzenia"],"_links":{"self":[{"href":"https:\/\/marekkuchcinski.pl\/hu\/wp-json\/wp\/v2\/posts\/5599","targetHints":{"allow":["GET"]}}],"collection":[{"href":"https:\/\/marekkuchcinski.pl\/hu\/wp-json\/wp\/v2\/posts"}],"about":[{"href":"https:\/\/marekkuchcinski.pl\/hu\/wp-json\/wp\/v2\/types\/post"}],"author":[{"embeddable":true,"href":"https:\/\/marekkuchcinski.pl\/hu\/wp-json\/wp\/v2\/users\/6"}],"replies":[{"embeddable":true,"href":"https:\/\/marekkuchcinski.pl\/hu\/wp-json\/wp\/v2\/comments?post=5599"}],"version-history":[{"count":9,"href":"https:\/\/marekkuchcinski.pl\/hu\/wp-json\/wp\/v2\/posts\/5599\/revisions"}],"predecessor-version":[{"id":13513,"href":"https:\/\/marekkuchcinski.pl\/hu\/wp-json\/wp\/v2\/posts\/5599\/revisions\/13513"}],"wp:featuredmedia":[{"embeddable":true,"href":"https:\/\/marekkuchcinski.pl\/hu\/wp-json\/wp\/v2\/media\/5600"}],"wp:attachment":[{"href":"https:\/\/marekkuchcinski.pl\/hu\/wp-json\/wp\/v2\/media?parent=5599"}],"wp:term":[{"taxonomy":"category","embeddable":true,"href":"https:\/\/marekkuchcinski.pl\/hu\/wp-json\/wp\/v2\/categories?post=5599"},{"taxonomy":"post_tag","embeddable":true,"href":"https:\/\/marekkuchcinski.pl\/hu\/wp-json\/wp\/v2\/tags?post=5599"}],"curies":[{"name":"wp","href":"https:\/\/api.w.org\/{rel}","templated":true}]}}