{"id":5589,"date":"2017-03-11T09:29:18","date_gmt":"2017-03-11T08:29:18","guid":{"rendered":"https:\/\/marekkuchcinski.pl\/?p=5589"},"modified":"2017-03-11T09:43:29","modified_gmt":"2017-03-11T08:43:29","slug":"nagroda-im-lecha-kaczynskiego-dla-andrzeja-gwiazdy","status":"publish","type":"post","link":"https:\/\/marekkuchcinski.pl\/hu\/wydarzenia\/nagroda-im-lecha-kaczynskiego-dla-andrzeja-gwiazdy\/","title":{"rendered":"Lech Kaczy\u0144ski-d\u00edj Andrzej Gwiazdy sz\u00e1m\u00e1ra"},"content":{"rendered":"<p><strong>A Lech Kaczy\u0144ski-d\u00edj idei kit\u00fcntetettje Andrzej Gwiazda, a legend\u00e1s antikommunista ellenz\u00e9ki aktivista, a Partiumi Szabad Szakszervezetek \u00e9s a Szolidarit\u00e1s Szakszervezet t\u00e1rsalap\u00edt\u00f3ja, a Feh\u00e9r Sas Lovagrend lovagja.<\/strong><\/p>\n<p>- Ami azt illeti, Andrzej Gwiazdy \u00far \u00e9s feles\u00e9ge, Joanna, aki v\u00e9gigk\u00eds\u00e9rte \u0151t ezen az \u00e9leten, eg\u00e9sz \u00e9lete a szabad, szuver\u00e9n Lengyelorsz\u00e1g\u00e9rt, az igazs\u00e1g Lengyelorsz\u00e1g\u00e1\u00e9rt val\u00f3 k\u00fczdelem. \u00c9s ez az, amit Lech Kaczy\u0144ski eln\u00f6k oly nagyra \u00e9rt\u00e9kelt - mondta Andrzej Duda eln\u00f6k. - Nemcsak olyan ember volt, akit Lech Kaczy\u0144ski eln\u00f6k r\u00e9gi bar\u00e1tj\u00e1nak tekintett, hanem olyan ember, akit az eln\u00f6k minden bizonnyal p\u00e9ldak\u00e9pnek, rend\u00edthetetlen hazafinak tartott - mondta az eln\u00f6k.<\/p>\n<p>Andrzej Gwiazda felid\u00e9zte, hogy Lech Kaczy\u0144ski, ha akadtak egy\u00fcttm\u0171k\u00f6dni akar\u00f3 emberek, kock\u00e1ztatta m\u00e1r am\u00fagy is tekint\u00e9lyes poz\u00edci\u00f3j\u00e1t azzal, hogy csatlakozott a f\u00fcggetlen tev\u00e9kenys\u00e9ghez, kock\u00e1ztatta, hogy kir\u00fagj\u00e1k a munkahely\u00e9r\u0151l, hogy tudom\u00e1nyos elj\u00e1r\u00e1s\u00e1t lez\u00e1rj\u00e1k. - Ez s\u00falyosabb volt, mint az olyan elnyom\u00e1sok, mint a 24 \u00f3r\u00e1s lyukban t\u00f6lt\u00f6tt id\u0151 vagy a b\u00f6rt\u00f6nb\u00fcntet\u00e9s\" - mondta.<\/p>\n<p>A g\u00e1l\u00e1n r\u00e9szt vett Marek Kuchci\u0144ski, a szejm \u00e9s Stanis\u0142aw Karczewski, a szen\u00e1tus eln\u00f6ke, Jaros\u0142aw Kaczy\u0144ski, a Jog \u00e9s Igazs\u00e1goss\u00e1g p\u00e1rt eln\u00f6ke \u00e9s Lech Kaczy\u0144ski l\u00e1nya, Marta Kaczy\u0144ska is.<\/p>\n<p>A Lech Kaczy\u0144ski-d\u00edjat olyan kiemelked\u0151 szem\u00e9lyis\u00e9geknek \u00edt\u00e9lik oda, akik a lengyel nemzetet j\u00f3l szolg\u00e1lt\u00e1k. A kor\u00e1bbi d\u00edjazottak: Andrzej Duda eln\u00f6k, Krzysztof Wyszkowski, Krzysztof Szwagrzyk professzor, Zofia Romaszewska, W\u0142adys\u0142aw Stasiak.<\/p>\n<p><em>Fot\u00f3: Andrzej Hrehorowicz, KPRP<\/em><\/p>\n<p><a href=\"https:\/\/marekkuchcinski.pl\/wp-content\/uploads\/2017\/03\/dwnld614112143.jpg\"><img fetchpriority=\"high\" decoding=\"async\" class=\"alignnone size-full wp-image-5594\" src=\"https:\/\/marekkuchcinski.pl\/wp-content\/uploads\/2017\/03\/dwnld614112143.jpg\" alt=\"dwnld614112143\" width=\"1500\" height=\"1000\" srcset=\"https:\/\/marekkuchcinski.pl\/wp-content\/uploads\/2017\/03\/dwnld614112143.jpg 1500w, https:\/\/marekkuchcinski.pl\/wp-content\/uploads\/2017\/03\/dwnld614112143-300x200.jpg 300w, https:\/\/marekkuchcinski.pl\/wp-content\/uploads\/2017\/03\/dwnld614112143-768x512.jpg 768w, https:\/\/marekkuchcinski.pl\/wp-content\/uploads\/2017\/03\/dwnld614112143-1024x683.jpg 1024w\" sizes=\"(max-width: 1500px) 100vw, 1500px\" \/><\/a> <a href=\"https:\/\/marekkuchcinski.pl\/wp-content\/uploads\/2017\/03\/gw2.jpg\"><img decoding=\"async\" class=\"alignnone size-full wp-image-5596\" src=\"https:\/\/marekkuchcinski.pl\/wp-content\/uploads\/2017\/03\/gw2.jpg\" alt=\"gw2\" width=\"1400\" height=\"933\" srcset=\"https:\/\/marekkuchcinski.pl\/wp-content\/uploads\/2017\/03\/gw2.jpg 1400w, https:\/\/marekkuchcinski.pl\/wp-content\/uploads\/2017\/03\/gw2-300x200.jpg 300w, https:\/\/marekkuchcinski.pl\/wp-content\/uploads\/2017\/03\/gw2-768x512.jpg 768w, https:\/\/marekkuchcinski.pl\/wp-content\/uploads\/2017\/03\/gw2-1024x682.jpg 1024w\" sizes=\"(max-width: 1400px) 100vw, 1400px\" \/><\/a> <a href=\"https:\/\/marekkuchcinski.pl\/wp-content\/uploads\/2017\/03\/gw4.jpg\"><img decoding=\"async\" class=\"alignnone size-full wp-image-5597\" src=\"https:\/\/marekkuchcinski.pl\/wp-content\/uploads\/2017\/03\/gw4.jpg\" alt=\"gw4\" width=\"1500\" height=\"1000\" srcset=\"https:\/\/marekkuchcinski.pl\/wp-content\/uploads\/2017\/03\/gw4.jpg 1500w, https:\/\/marekkuchcinski.pl\/wp-content\/uploads\/2017\/03\/gw4-300x200.jpg 300w, https:\/\/marekkuchcinski.pl\/wp-content\/uploads\/2017\/03\/gw4-768x512.jpg 768w, https:\/\/marekkuchcinski.pl\/wp-content\/uploads\/2017\/03\/gw4-1024x683.jpg 1024w\" sizes=\"(max-width: 1500px) 100vw, 1500px\" \/><\/a><\/p>","protected":false},"excerpt":{"rendered":"<p>Tegorocznym laureatem Nagrody im. Lecha Kaczy\u0144skiego zosta\u0142 Andrzej Gwiazda, legendarny dzia\u0142acz opozycji antykomunistycznej, wsp\u00f3\u0142tw\u00f3rca Wolnych Zwi\u0105zk\u00f3w Zawodowych Wybrze\u017ca i NSZZ \u201eSolidarno\u015b\u0107\u201d, kawaler Orderu Or\u0142a Bia\u0142ego. \u2013 W\u0142a\u015bciwie ca\u0142e \u017cycie pana Andrzeja Gwiazdy i tak\u017ce jego \u017cony, kt\u00f3ra mu przez to \u017cycie towarzyszy, pani Joanny, to jest d\u0105\u017cenie do wolnej, suwerennej Polski, Polski prawdy. I to [&hellip;]<\/p>\n","protected":false},"author":6,"featured_media":5596,"comment_status":"open","ping_status":"open","sticky":false,"template":"","format":"standard","meta":{"ngg_post_thumbnail":0,"footnotes":""},"categories":[82,3],"tags":[],"class_list":["post-5589","post","type-post","status-publish","format-standard","has-post-thumbnail","hentry","category-prawo-i-sprawiedliwosc","category-wydarzenia"],"_links":{"self":[{"href":"https:\/\/marekkuchcinski.pl\/hu\/wp-json\/wp\/v2\/posts\/5589","targetHints":{"allow":["GET"]}}],"collection":[{"href":"https:\/\/marekkuchcinski.pl\/hu\/wp-json\/wp\/v2\/posts"}],"about":[{"href":"https:\/\/marekkuchcinski.pl\/hu\/wp-json\/wp\/v2\/types\/post"}],"author":[{"embeddable":true,"href":"https:\/\/marekkuchcinski.pl\/hu\/wp-json\/wp\/v2\/users\/6"}],"replies":[{"embeddable":true,"href":"https:\/\/marekkuchcinski.pl\/hu\/wp-json\/wp\/v2\/comments?post=5589"}],"version-history":[{"count":5,"href":"https:\/\/marekkuchcinski.pl\/hu\/wp-json\/wp\/v2\/posts\/5589\/revisions"}],"predecessor-version":[{"id":5598,"href":"https:\/\/marekkuchcinski.pl\/hu\/wp-json\/wp\/v2\/posts\/5589\/revisions\/5598"}],"wp:featuredmedia":[{"embeddable":true,"href":"https:\/\/marekkuchcinski.pl\/hu\/wp-json\/wp\/v2\/media\/5596"}],"wp:attachment":[{"href":"https:\/\/marekkuchcinski.pl\/hu\/wp-json\/wp\/v2\/media?parent=5589"}],"wp:term":[{"taxonomy":"category","embeddable":true,"href":"https:\/\/marekkuchcinski.pl\/hu\/wp-json\/wp\/v2\/categories?post=5589"},{"taxonomy":"post_tag","embeddable":true,"href":"https:\/\/marekkuchcinski.pl\/hu\/wp-json\/wp\/v2\/tags?post=5589"}],"curies":[{"name":"wp","href":"https:\/\/api.w.org\/{rel}","templated":true}]}}