{"id":5566,"date":"2017-03-06T22:41:03","date_gmt":"2017-03-06T21:41:03","guid":{"rendered":"https:\/\/marekkuchcinski.pl\/?p=5566"},"modified":"2017-03-06T22:41:03","modified_gmt":"2017-03-06T21:41:03","slug":"wilanow-spotkanie-przewodniczacych-parlamentow-grupy-wyszehradzkiej","status":"publish","type":"post","link":"https:\/\/marekkuchcinski.pl\/hu\/wydarzenia\/wilanow-spotkanie-przewodniczacych-parlamentow-grupy-wyszehradzkiej\/","title":{"rendered":"Wilan\u00f3w: A visegr\u00e1di parlamentek eln\u00f6keinek tal\u00e1lkoz\u00f3ja"},"content":{"rendered":"<p>A visegr\u00e1di orsz\u00e1gok parlamenti eln\u00f6keinek vars\u00f3i cs\u00facstal\u00e1lkoz\u00f3j\u00e1t a Wilan\u00f3wban tartott tal\u00e1lkoz\u00f3val nyitott\u00e1k meg. A szejm \u00e9s a szen\u00e1tus eln\u00f6ke \u00e1ltal megh\u00edvott vend\u00e9gek k\u00f6z\u00f6tt volt K\u00f6v\u00e9r L\u00e1szl\u00f3, a Magyar Orsz\u00e1ggy\u0171l\u00e9s eln\u00f6ke, Andrej Danko, a Szlov\u00e1k K\u00f6zt\u00e1rsas\u00e1g Nemzeti Tan\u00e1cs\u00e1nak eln\u00f6ke, Jan Ham\u00e1\u010dek, a Cseh K\u00f6zt\u00e1rsas\u00e1g parlamentj\u00e9nek k\u00e9pvisel\u0151h\u00e1zi eln\u00f6ke, Milan \u0160t\u0115ch, a Cseh K\u00f6zt\u00e1rsas\u00e1g parlamentj\u00e9nek szen\u00e1tusi eln\u00f6ke.<\/p>\n<p>&nbsp;<\/p>\n<p><strong>Marek Kuchci\u0144ski, a Szejm eln\u00f6ke besz\u00e9de:<\/strong><\/p>\n<p><em>Tisztelt Eln\u00f6k\u00f6k, Excellenci\u00e1k, H\u00f6lgyeim \u00e9s Uraim!<\/em><\/p>\n<p><em>III. Sobieski J\u00e1nos, akinek ny\u00e1ri rezidenci\u00e1j\u00e1n most tart\u00f3zkodunk, a Lengyel K\u00f6zt\u00e1rsas\u00e1g jeles uralkod\u00f3ja \u00e9s nagy vezet\u0151je volt. H\u00edres lett az 1683-as b\u00e9csi gy\u0151zelm\u00e9r\u0151l az Oszm\u00e1n Birodalom felett, amellyel megv\u00e9dte a kereszt\u00e9nys\u00e9get \u00e9s Eur\u00f3p\u00e1t az iszl\u00e1m inv\u00e1zi\u00f3val szemben.<\/em><\/p>\n<p><em>Ma, ak\u00e1rcsak Sobieski a 17. sz\u00e1zadban, mi is biztos\u00edtani akarjuk a f\u00fcggetlen \u00e9s szuver\u00e9n Lengyelorsz\u00e1g l\u00e9tez\u00e9s\u00e9t, amely k\u00e9pes megv\u00e9deni polg\u00e1rait. Ezt a k\u00f6z\u00e9p-eur\u00f3pai egy\u00fcttm\u0171k\u00f6d\u00e9s meger\u0151s\u00edt\u00e9s\u00e9vel \u00e9rhetj\u00fck el.<\/em><\/p>\n<p><em>Ez ann\u00e1l is ink\u00e1bb v\u00e1rhat\u00f3, mivel a keleti h\u00e1bor\u00fa \u00e9s az Eur\u00f3p\u00e1ba ir\u00e1nyul\u00f3 folyamatos migr\u00e1ci\u00f3 miatt ez a helyzet. Az Eur\u00f3pai Uni\u00f3 v\u00e1ls\u00e1gban van a britek kil\u00e9p\u00e9se ut\u00e1n. Ezeknek a folyamatoknak az ellens\u00falyoz\u00e1sa b\u00f6lcs d\u00f6nt\u00e9seket ig\u00e9nyel. Ma K\u00f6z\u00e9p-Eur\u00f3pa a viszonylagos nyugalom \u00e9s egy\u00fcttm\u0171k\u00f6d\u00e9s r\u00e9gi\u00f3ja. A t\u00f6rt\u00e9n\u00e9szek azonban figyelmeztetnek benn\u00fcnket, hogy k\u00f6nnyen elvesz\u00edthetj\u00fck a b\u00e9k\u00e9t a t\u00e9rs\u00e9g\u00fcnkben. \u00cdgy omlott \u00f6ssze a 14. \u00e9s 16. sz\u00e1zad k\u00f6z\u00f6tti gazdag \u00e9s biztons\u00e1gos K\u00f6z\u00e9p-Eur\u00f3pa. Azok voltak a mi aranykorunk.<\/em><\/p>\n<p><em>Az Eur\u00f3pai Uni\u00f3t meg kell \u00faj\u00edtani, \u00e9s a k\u00f6z\u00e9p-eur\u00f3pai orsz\u00e1goknak k\u00fcl\u00f6n\u00f6sen akt\u00edvnak kell lenni\u00fck ebben a t\u00f6rekv\u00e9sben. A meg\u00fajul\u00e1st nem az eur\u00f3pai int\u00e9zm\u00e9nyek fogj\u00e1k el\u00e9rni, hanem a szuver\u00e9n tag\u00e1llamok k\u00f6z\u00f6tti vita eredm\u00e9nye kell, hogy legyen. A parlamenti diplom\u00e1cia fontos szerepet j\u00e1tszik majd ebben a szerepk\u00f6rben, \u00e9s a nemzeti parlamentek poz\u00edci\u00f3j\u00e1nak meger\u0151s\u00edt\u00e9s\u00e9n dolgozik az Eur\u00f3pai Uni\u00f3ban.<\/em><\/p>\n<p><em>Egykori Nemzetk\u00f6z\u00f6ss\u00e9g\u00fcnk sz\u00e1mos politikai \u00e9s t\u00e1rsadalmi jellemz\u0151j\u00e9r\u0151l, de anyagi \u00e9s szellemi kult\u00far\u00e1j\u00e1r\u00f3l is h\u00edres volt Eur\u00f3p\u00e1ban. Ez\u00e9rt \u00fagy d\u00f6nt\u00f6ttem, hogy a mai asztalt a 17. sz\u00e1zadi, azaz III. J\u00e1nos kir\u00e1ly idej\u00e9b\u0151l sz\u00e1rmaz\u00f3 \u00e9telek fogj\u00e1k uralni. A ma felszolg\u00e1lt \u00e9teleket Stanis\u0142aw Czerniecki - az Els\u0151 Lengyel K\u00f6zt\u00e1rsas\u00e1g els\u0151 szak\u00e1csa - receptjei alapj\u00e1n k\u00e9sz\u00edtett\u00e9k, akit III. J\u00e1nos kir\u00e1ly a konyham\u0171v\u00e9szethez val\u00f3 hozz\u00e1j\u00e1rul\u00e1s\u00e1\u00e9rt nemes\u00edtett. Szak\u00e1csk\u00f6nyve \u00e9vsz\u00e1zadokon \u00e1t k\u00f6telez\u0151 olvasm\u00e1ny volt a budai, pozsonyi, pr\u00e1gai, p\u00e1rizsi \u00e9s madridi udvarokban.<\/em><\/p>\n<p><a href=\"https:\/\/marekkuchcinski.pl\/wp-content\/uploads\/2017\/03\/1-KU113320.jpg\"><img fetchpriority=\"high\" decoding=\"async\" class=\"alignnone size-full wp-image-5567\" src=\"https:\/\/marekkuchcinski.pl\/wp-content\/uploads\/2017\/03\/1-KU113320.jpg\" alt=\"1-KU113320\" width=\"1645\" height=\"1098\" srcset=\"https:\/\/marekkuchcinski.pl\/wp-content\/uploads\/2017\/03\/1-KU113320.jpg 1645w, https:\/\/marekkuchcinski.pl\/wp-content\/uploads\/2017\/03\/1-KU113320-300x200.jpg 300w, https:\/\/marekkuchcinski.pl\/wp-content\/uploads\/2017\/03\/1-KU113320-768x513.jpg 768w, https:\/\/marekkuchcinski.pl\/wp-content\/uploads\/2017\/03\/1-KU113320-1024x683.jpg 1024w\" sizes=\"(max-width: 1645px) 100vw, 1645px\" \/><\/a><a href=\"https:\/\/marekkuchcinski.pl\/wp-content\/uploads\/2017\/03\/1-KU113353.jpg\"><img decoding=\"async\" class=\"alignnone size-full wp-image-5568\" src=\"https:\/\/marekkuchcinski.pl\/wp-content\/uploads\/2017\/03\/1-KU113353.jpg\" alt=\"1-KU113353\" width=\"1800\" height=\"1200\" srcset=\"https:\/\/marekkuchcinski.pl\/wp-content\/uploads\/2017\/03\/1-KU113353.jpg 1800w, https:\/\/marekkuchcinski.pl\/wp-content\/uploads\/2017\/03\/1-KU113353-300x200.jpg 300w, https:\/\/marekkuchcinski.pl\/wp-content\/uploads\/2017\/03\/1-KU113353-768x512.jpg 768w, https:\/\/marekkuchcinski.pl\/wp-content\/uploads\/2017\/03\/1-KU113353-1024x683.jpg 1024w\" sizes=\"(max-width: 1800px) 100vw, 1800px\" \/><\/a> <a href=\"https:\/\/marekkuchcinski.pl\/wp-content\/uploads\/2017\/03\/1-KU113387.jpg\"><img decoding=\"async\" class=\"alignnone size-full wp-image-5569\" src=\"https:\/\/marekkuchcinski.pl\/wp-content\/uploads\/2017\/03\/1-KU113387.jpg\" alt=\"1-KU113387\" width=\"1503\" height=\"1001\" srcset=\"https:\/\/marekkuchcinski.pl\/wp-content\/uploads\/2017\/03\/1-KU113387.jpg 1503w, https:\/\/marekkuchcinski.pl\/wp-content\/uploads\/2017\/03\/1-KU113387-300x200.jpg 300w, https:\/\/marekkuchcinski.pl\/wp-content\/uploads\/2017\/03\/1-KU113387-768x511.jpg 768w, https:\/\/marekkuchcinski.pl\/wp-content\/uploads\/2017\/03\/1-KU113387-1024x682.jpg 1024w\" sizes=\"(max-width: 1503px) 100vw, 1503px\" \/><\/a> <a href=\"https:\/\/marekkuchcinski.pl\/wp-content\/uploads\/2017\/03\/1-KU113429.jpg\"><img loading=\"lazy\" decoding=\"async\" class=\"alignnone size-full wp-image-5570\" src=\"https:\/\/marekkuchcinski.pl\/wp-content\/uploads\/2017\/03\/1-KU113429.jpg\" alt=\"1-KU113429\" width=\"1800\" height=\"1200\" srcset=\"https:\/\/marekkuchcinski.pl\/wp-content\/uploads\/2017\/03\/1-KU113429.jpg 1800w, https:\/\/marekkuchcinski.pl\/wp-content\/uploads\/2017\/03\/1-KU113429-300x200.jpg 300w, https:\/\/marekkuchcinski.pl\/wp-content\/uploads\/2017\/03\/1-KU113429-768x512.jpg 768w, https:\/\/marekkuchcinski.pl\/wp-content\/uploads\/2017\/03\/1-KU113429-1024x683.jpg 1024w\" sizes=\"(max-width: 1800px) 100vw, 1800px\" \/><\/a> <a href=\"https:\/\/marekkuchcinski.pl\/wp-content\/uploads\/2017\/03\/1-KU113764.jpg\"><img loading=\"lazy\" decoding=\"async\" class=\"alignnone size-full wp-image-5571\" src=\"https:\/\/marekkuchcinski.pl\/wp-content\/uploads\/2017\/03\/1-KU113764.jpg\" alt=\"1-KU113764\" width=\"1800\" height=\"1200\" srcset=\"https:\/\/marekkuchcinski.pl\/wp-content\/uploads\/2017\/03\/1-KU113764.jpg 1800w, https:\/\/marekkuchcinski.pl\/wp-content\/uploads\/2017\/03\/1-KU113764-300x200.jpg 300w, https:\/\/marekkuchcinski.pl\/wp-content\/uploads\/2017\/03\/1-KU113764-768x512.jpg 768w, https:\/\/marekkuchcinski.pl\/wp-content\/uploads\/2017\/03\/1-KU113764-1024x683.jpg 1024w\" sizes=\"(max-width: 1800px) 100vw, 1800px\" \/><\/a><\/p>\n<p>&nbsp;<\/p>\n<p>&nbsp;<\/p>","protected":false},"excerpt":{"rendered":"<p>Warszawski Szczyt Przewodnicz\u0105cych Parlament\u00f3w Grupy Wyszehradzkiej zainaugurowa\u0142o spotkanie w Wilanowie. W\u015br\u00f3d zaproszonych przez marsza\u0142k\u00f3w Sejmu i Senatu go\u015bci byli m.in. L\u00e1szl\u00f3 K\u00f6v\u00e9r,\u00a0\u00a0\u00a0 Przewodnicz\u0105cy w\u0119gierskiego Zgromadzenia Narodowego,\u00a0Andrej Danko, Przewodnicz\u0105cy Rady Narodowej Republiki S\u0142owackiej,\u00a0Jan Ham\u00e1\u010dek, Przewodnicz\u0105cy Izby Poselskiej Parlamentu Republiki Czeskiej,\u00a0Milan \u0160t\u0115ch, Przewodnicz\u0105cy Senatu Parlamentu Republiki Czeskiej. &nbsp; Przem\u00f3wienie marsza\u0142ka Sejmu Marka Kuchci\u0144skiego: Szanowni Panowie Przewodnicz\u0105cy, Ekscelencje, [&hellip;]<\/p>\n","protected":false},"author":6,"featured_media":5567,"comment_status":"open","ping_status":"open","sticky":false,"template":"","format":"standard","meta":{"ngg_post_thumbnail":0,"footnotes":""},"categories":[50,3],"tags":[],"class_list":["post-5566","post","type-post","status-publish","format-standard","has-post-thumbnail","hentry","category-wspolpraca-miedzynarodowa","category-wydarzenia"],"_links":{"self":[{"href":"https:\/\/marekkuchcinski.pl\/hu\/wp-json\/wp\/v2\/posts\/5566","targetHints":{"allow":["GET"]}}],"collection":[{"href":"https:\/\/marekkuchcinski.pl\/hu\/wp-json\/wp\/v2\/posts"}],"about":[{"href":"https:\/\/marekkuchcinski.pl\/hu\/wp-json\/wp\/v2\/types\/post"}],"author":[{"embeddable":true,"href":"https:\/\/marekkuchcinski.pl\/hu\/wp-json\/wp\/v2\/users\/6"}],"replies":[{"embeddable":true,"href":"https:\/\/marekkuchcinski.pl\/hu\/wp-json\/wp\/v2\/comments?post=5566"}],"version-history":[{"count":1,"href":"https:\/\/marekkuchcinski.pl\/hu\/wp-json\/wp\/v2\/posts\/5566\/revisions"}],"predecessor-version":[{"id":5572,"href":"https:\/\/marekkuchcinski.pl\/hu\/wp-json\/wp\/v2\/posts\/5566\/revisions\/5572"}],"wp:featuredmedia":[{"embeddable":true,"href":"https:\/\/marekkuchcinski.pl\/hu\/wp-json\/wp\/v2\/media\/5567"}],"wp:attachment":[{"href":"https:\/\/marekkuchcinski.pl\/hu\/wp-json\/wp\/v2\/media?parent=5566"}],"wp:term":[{"taxonomy":"category","embeddable":true,"href":"https:\/\/marekkuchcinski.pl\/hu\/wp-json\/wp\/v2\/categories?post=5566"},{"taxonomy":"post_tag","embeddable":true,"href":"https:\/\/marekkuchcinski.pl\/hu\/wp-json\/wp\/v2\/tags?post=5566"}],"curies":[{"name":"wp","href":"https:\/\/api.w.org\/{rel}","templated":true}]}}