{"id":5554,"date":"2017-03-06T14:38:55","date_gmt":"2017-03-06T13:38:55","guid":{"rendered":"https:\/\/marekkuchcinski.pl\/?p=5554"},"modified":"2017-03-06T17:50:00","modified_gmt":"2017-03-06T16:50:00","slug":"spotkanie-andrijem-danko","status":"publish","type":"post","link":"https:\/\/marekkuchcinski.pl\/hu\/wydarzenia\/spotkanie-andrijem-danko\/","title":{"rendered":"A Szejm eln\u00f6ke: A j\u00f6v\u0151re gondolva nem tudunk a t\u00f6bbsebess\u00e9ges Uni\u00f3 fel\u00e9 haladni."},"content":{"rendered":"<p>A lengyel Szejmben megkezd\u0151d\u00f6tt a visegr\u00e1di parlamentek (V4) eln\u00f6keinek cs\u00facstal\u00e1lkoz\u00f3ja. Lehet\u0151s\u00e9g ny\u00edlik k\u00f6z\u00f6s \u00e1ll\u00e1spont kialak\u00edt\u00e1s\u00e1ra a R\u00f3mai Szerz\u0151d\u00e9sek al\u00e1\u00edr\u00e1s\u00e1nak 60. \u00e9vfordul\u00f3ja alkalm\u00e1b\u00f3l Olaszorsz\u00e1gban tartand\u00f3 cs\u00facstal\u00e1lkoz\u00f3 el\u0151tt.<\/p>\n<p>A vars\u00f3i cs\u00facstal\u00e1lkoz\u00f3 r\u00e9szek\u00e9nt ker\u00fclt sor az els\u0151 tal\u00e1lkoz\u00f3ra Marek Kuchci\u0144ski, a Szejm eln\u00f6ke \u00e9s Andrej Danko, a Szlov\u00e1k K\u00f6zt\u00e1rsas\u00e1g Nemzeti Tan\u00e1cs\u00e1nak eln\u00f6ke k\u00f6z\u00f6tt.<\/p>\n<p>A felsz\u00f3lal\u00f3k kit\u00e9rtek az Eur\u00f3pai Uni\u00f3 j\u00f6v\u0151j\u00e9re, bele\u00e9rtve a k\u00f6z\u00f6ss\u00e9gi reform sz\u00fcks\u00e9gess\u00e9g\u00e9t is. - Ha azt keress\u00fck, hogy mi a k\u00f6z\u00f6s benn\u00fcnk, mi az, ami \u00f6sszek\u00f6t benn\u00fcnket, akkor meg kell \u0151rizn\u00fcnk a nemzeti parlamentek k\u00fcl\u00f6n\u00e1ll\u00e1s\u00e1t - mondta Kuchci\u0144ski h\u00e1zeln\u00f6k. - Amikor a j\u00f6v\u0151r\u0151l gondolkodunk, nem lehet c\u00e9lunk egy t\u00f6bbsebess\u00e9ges Uni\u00f3. Az Uni\u00f3nak szuver\u00e9n \u00e1llamokb\u00f3l \u00e1ll\u00f3 nemzetk\u00f6zi szervezetnek kell lennie - tette hozz\u00e1 Kuchci\u0144ski \u00far.<\/p>\n<p>Felmer\u00fclt a nemzeti kisebbs\u00e9gek t\u00e1mogat\u00e1si rendszer\u00e9nek rendez\u00e9se, valamint a f\u00f6ld, a v\u00edz, az erd\u0151k \u00e9s a strat\u00e9giai nyersanyagok v\u00e9delm\u00e9r\u0151l sz\u00f3l\u00f3 k\u00f6z\u00f6s \u00fcl\u00e9sek k\u00e9rd\u00e9se is.<\/p>\n<p><em>Fot\u00f3: Pawe\u0142 Kula<\/em><\/p>\n<p><a href=\"https:\/\/marekkuchcinski.pl\/wp-content\/uploads\/2017\/03\/KU111890.jpg\"><img fetchpriority=\"high\" decoding=\"async\" class=\"alignnone size-full wp-image-5555\" src=\"https:\/\/marekkuchcinski.pl\/wp-content\/uploads\/2017\/03\/KU111890.jpg\" alt=\"KU111890\" width=\"1800\" height=\"1200\" srcset=\"https:\/\/marekkuchcinski.pl\/wp-content\/uploads\/2017\/03\/KU111890.jpg 1800w, https:\/\/marekkuchcinski.pl\/wp-content\/uploads\/2017\/03\/KU111890-300x200.jpg 300w, https:\/\/marekkuchcinski.pl\/wp-content\/uploads\/2017\/03\/KU111890-768x512.jpg 768w, https:\/\/marekkuchcinski.pl\/wp-content\/uploads\/2017\/03\/KU111890-1024x683.jpg 1024w\" sizes=\"(max-width: 1800px) 100vw, 1800px\" \/><\/a><a href=\"https:\/\/marekkuchcinski.pl\/wp-content\/uploads\/2017\/03\/KU112053.jpg\"><img decoding=\"async\" class=\"alignnone size-full wp-image-5556\" src=\"https:\/\/marekkuchcinski.pl\/wp-content\/uploads\/2017\/03\/KU112053.jpg\" alt=\"KU112053\" width=\"1800\" height=\"1200\" srcset=\"https:\/\/marekkuchcinski.pl\/wp-content\/uploads\/2017\/03\/KU112053.jpg 1800w, https:\/\/marekkuchcinski.pl\/wp-content\/uploads\/2017\/03\/KU112053-300x200.jpg 300w, https:\/\/marekkuchcinski.pl\/wp-content\/uploads\/2017\/03\/KU112053-768x512.jpg 768w, https:\/\/marekkuchcinski.pl\/wp-content\/uploads\/2017\/03\/KU112053-1024x683.jpg 1024w\" sizes=\"(max-width: 1800px) 100vw, 1800px\" \/><\/a> <a href=\"https:\/\/marekkuchcinski.pl\/wp-content\/uploads\/2017\/03\/KU112026.jpg\"><img decoding=\"async\" class=\"alignnone size-full wp-image-5557\" src=\"https:\/\/marekkuchcinski.pl\/wp-content\/uploads\/2017\/03\/KU112026.jpg\" alt=\"KU112026\" width=\"1800\" height=\"1200\" srcset=\"https:\/\/marekkuchcinski.pl\/wp-content\/uploads\/2017\/03\/KU112026.jpg 1800w, https:\/\/marekkuchcinski.pl\/wp-content\/uploads\/2017\/03\/KU112026-300x200.jpg 300w, https:\/\/marekkuchcinski.pl\/wp-content\/uploads\/2017\/03\/KU112026-768x512.jpg 768w, https:\/\/marekkuchcinski.pl\/wp-content\/uploads\/2017\/03\/KU112026-1024x683.jpg 1024w\" sizes=\"(max-width: 1800px) 100vw, 1800px\" \/><\/a> <a href=\"https:\/\/marekkuchcinski.pl\/wp-content\/uploads\/2017\/03\/KU111904.jpg\"><img loading=\"lazy\" decoding=\"async\" class=\"alignnone size-full wp-image-5558\" src=\"https:\/\/marekkuchcinski.pl\/wp-content\/uploads\/2017\/03\/KU111904.jpg\" alt=\"KU111904\" width=\"1800\" height=\"1200\" srcset=\"https:\/\/marekkuchcinski.pl\/wp-content\/uploads\/2017\/03\/KU111904.jpg 1800w, https:\/\/marekkuchcinski.pl\/wp-content\/uploads\/2017\/03\/KU111904-300x200.jpg 300w, https:\/\/marekkuchcinski.pl\/wp-content\/uploads\/2017\/03\/KU111904-768x512.jpg 768w, https:\/\/marekkuchcinski.pl\/wp-content\/uploads\/2017\/03\/KU111904-1024x683.jpg 1024w\" sizes=\"(max-width: 1800px) 100vw, 1800px\" \/><\/a><\/p>","protected":false},"excerpt":{"rendered":"<p>W Sejmie rozpocz\u0105\u0142 si\u0119 szczyt przewodnicz\u0105cych parlament\u00f3w Grupy Wyszehradzkiej (V4). Jest on okazj\u0105 do wypracowania wsp\u00f3lnego stanowiska przed szczytem we W\u0142oszech \u2013 z okazji 60. rocznicy podpisania traktat\u00f3w rzymskich. W ramach warszawskiego szczytu jako pierwsze odby\u0142o si\u0119 spotkanie marsza\u0142ka Sejmu Marka Kuchci\u0144skiego z przewodnicz\u0105cym Rady Narodowej Republiki S\u0142owackiej \u2013 Andrejem Danko. Rozm\u00f3wcy poruszyli temat przysz\u0142o\u015bci [&hellip;]<\/p>\n","protected":false},"author":6,"featured_media":5562,"comment_status":"open","ping_status":"open","sticky":false,"template":"","format":"standard","meta":{"ngg_post_thumbnail":0,"footnotes":""},"categories":[81,50,3],"tags":[],"class_list":["post-5554","post","type-post","status-publish","format-standard","has-post-thumbnail","hentry","category-wiesci-z-sejmu","category-wspolpraca-miedzynarodowa","category-wydarzenia"],"_links":{"self":[{"href":"https:\/\/marekkuchcinski.pl\/hu\/wp-json\/wp\/v2\/posts\/5554","targetHints":{"allow":["GET"]}}],"collection":[{"href":"https:\/\/marekkuchcinski.pl\/hu\/wp-json\/wp\/v2\/posts"}],"about":[{"href":"https:\/\/marekkuchcinski.pl\/hu\/wp-json\/wp\/v2\/types\/post"}],"author":[{"embeddable":true,"href":"https:\/\/marekkuchcinski.pl\/hu\/wp-json\/wp\/v2\/users\/6"}],"replies":[{"embeddable":true,"href":"https:\/\/marekkuchcinski.pl\/hu\/wp-json\/wp\/v2\/comments?post=5554"}],"version-history":[{"count":5,"href":"https:\/\/marekkuchcinski.pl\/hu\/wp-json\/wp\/v2\/posts\/5554\/revisions"}],"predecessor-version":[{"id":5565,"href":"https:\/\/marekkuchcinski.pl\/hu\/wp-json\/wp\/v2\/posts\/5554\/revisions\/5565"}],"wp:featuredmedia":[{"embeddable":true,"href":"https:\/\/marekkuchcinski.pl\/hu\/wp-json\/wp\/v2\/media\/5562"}],"wp:attachment":[{"href":"https:\/\/marekkuchcinski.pl\/hu\/wp-json\/wp\/v2\/media?parent=5554"}],"wp:term":[{"taxonomy":"category","embeddable":true,"href":"https:\/\/marekkuchcinski.pl\/hu\/wp-json\/wp\/v2\/categories?post=5554"},{"taxonomy":"post_tag","embeddable":true,"href":"https:\/\/marekkuchcinski.pl\/hu\/wp-json\/wp\/v2\/tags?post=5554"}],"curies":[{"name":"wp","href":"https:\/\/api.w.org\/{rel}","templated":true}]}}