{"id":5532,"date":"2017-03-02T15:46:05","date_gmt":"2017-03-02T14:46:05","guid":{"rendered":"https:\/\/marekkuchcinski.pl\/?p=5532"},"modified":"2017-03-02T21:21:28","modified_gmt":"2017-03-02T20:21:28","slug":"marszalek-marek-kuchcinski","status":"publish","type":"post","link":"https:\/\/marekkuchcinski.pl\/hu\/wydarzenia\/marszalek-marek-kuchcinski\/","title":{"rendered":"Lengyelorsz\u00e1g \u00e9s Rom\u00e1nia k\u00f6z\u00f6s eur\u00f3pai j\u00f6v\u0151k\u00e9ppel. A Szejm eln\u00f6ke \u00e9s a rom\u00e1n szen\u00e1tus eln\u00f6ke k\u00f6z\u00f6tti tal\u00e1lkoz\u00f3"},"content":{"rendered":"<p>A R\u00f3mai Szerz\u0151d\u00e9sek al\u00e1\u00edr\u00e1s\u00e1nak 60. \u00e9vfordul\u00f3j\u00e1nak meg\u00fcnnepl\u00e9se \u00e9s a k\u00f6z\u00e9p- \u00e9s kelet-eur\u00f3pai parlamentek eln\u00f6keinek vars\u00f3i tal\u00e1lkoz\u00f3ja az idei \u00e9v legfontosabb politikai esem\u00e9nyei k\u00f6z\u00e9 tartozik.<\/p>\n<p>- A parlamentek k\u00f6z\u00f6tti kapcsolatok rendk\u00edv\u00fcl fontosak, mert megalapozzuk a korm\u00e1ny munk\u00e1j\u00e1t\" - mondta C\u0103lin Popescu-T\u0103riceanu, a rom\u00e1n szen\u00e1tus eln\u00f6ke a Marek Kuchci\u0144ski szejmeln\u00f6kkel folytatott megbesz\u00e9l\u00e9sen. Hozz\u00e1tette, hogy Rom\u00e1nia fejl\u0151d\u00e9si elk\u00e9pzel\u00e9se k\u00f6zel \u00e1ll Lengyelorsz\u00e1g\u00e9hoz, a szabads\u00e1g \u00e9s a szuverenit\u00e1s tiszteletben tart\u00e1s\u00e1nak sz\u00fcks\u00e9gess\u00e9g\u00e9hez. A k\u00e9t orsz\u00e1gban sincs egyet\u00e9rt\u00e9s a k\u00e9tsebess\u00e9ges Eur\u00f3p\u00e1r\u00f3l.<\/p>\n<p>Mivel Lengyelorsz\u00e1gb\u00f3l \u00e9s Rom\u00e1ni\u00e1b\u00f3l jelent\u0151s sz\u00e1m\u00fa fiatal \u00e9rkezik az Egyes\u00fclt Kir\u00e1lys\u00e1gba, rom\u00e1n r\u00e9szr\u0151l javaslat sz\u00fcletett egy h\u00e1romoldal\u00fa tal\u00e1lkoz\u00f3ra Lengyelorsz\u00e1g, Rom\u00e1nia \u00e9s az Egyes\u00fclt Kir\u00e1lys\u00e1g k\u00f6z\u00f6tt.<\/p>\n<p>Kuchci\u0144ski marsall hangs\u00falyozta, hogy Rom\u00e1nia haz\u00e1nk egyik legfontosabb sz\u00f6vets\u00e9gese. Felh\u00edvta a figyelmet az \u00e9ghajlat-politik\u00e1ra \u00e9s a K\u00e1rp\u00e1ti Egyezm\u00e9nyre is, amelynek c\u00e9lja, hogy \u00e1tfog\u00f3 politik\u00e1t \u00e9s egy\u00fcttm\u0171k\u00f6d\u00e9st folytasson a K\u00e1rp\u00e1tok v\u00e9delme \u00e9s fenntarthat\u00f3 fejl\u0151d\u00e9se \u00e9rdek\u00e9ben az \u00e9letmin\u0151s\u00e9g jav\u00edt\u00e1sa, a helyi gazdas\u00e1gok \u00e9s k\u00f6z\u00f6ss\u00e9gek meger\u0151s\u00edt\u00e9se, valamint a t\u00e9rs\u00e9g term\u00e9szeti \u00e9rt\u00e9keinek \u00e9s kultur\u00e1lis \u00f6r\u00f6ks\u00e9g\u00e9nek meg\u0151rz\u00e9se \u00e9rdek\u00e9ben.<\/p>\n<p>Kuchci\u0144ski marsall szerint nem szabad meg\u00e1llnunk a k\u00f6z\u00f6s politik\u00e1n\u00e1l. A kult\u00fara \u00e9s a m\u0171v\u00e9szet \u00f6sszek\u00f6t benn\u00fcnket, \u00e9s ezeket a ter\u00fcleteket \u00e1polni kell. A t\u00e1rgyal\u00f3partnerek egyet\u00e9rtettek abban, hogy a K\u00e1rp\u00e1tok r\u00e9gi\u00f3nak az alpesi vagy a dunai strat\u00e9gi\u00e1hoz hasonl\u00f3 strat\u00e9gi\u00e1t kell k\u00f6vetnie. A makror\u00e9gi\u00f3k nagyon fontosak az Eur\u00f3pai Uni\u00f3ban. - A kommunista blokk buk\u00e1sa ut\u00e1n k\u00f6zelebb akartunk ker\u00fclni a Nyugathoz, elhanyagolva a region\u00e1lis kapcsolatokat. \u00c9s ez hiba volt - mondta Popescu-T\u0103riceanu eln\u00f6k.<\/p>\n<p><a href=\"https:\/\/marekkuchcinski.pl\/wp-content\/uploads\/2017\/03\/KU100187.jpg\"><img fetchpriority=\"high\" decoding=\"async\" class=\"alignnone size-full wp-image-5533\" src=\"https:\/\/marekkuchcinski.pl\/wp-content\/uploads\/2017\/03\/KU100187.jpg\" alt=\"KU100187\" width=\"1800\" height=\"1200\" srcset=\"https:\/\/marekkuchcinski.pl\/wp-content\/uploads\/2017\/03\/KU100187.jpg 1800w, https:\/\/marekkuchcinski.pl\/wp-content\/uploads\/2017\/03\/KU100187-300x200.jpg 300w, https:\/\/marekkuchcinski.pl\/wp-content\/uploads\/2017\/03\/KU100187-768x512.jpg 768w, https:\/\/marekkuchcinski.pl\/wp-content\/uploads\/2017\/03\/KU100187-1024x683.jpg 1024w\" sizes=\"(max-width: 1800px) 100vw, 1800px\" \/><\/a><a href=\"https:\/\/marekkuchcinski.pl\/wp-content\/uploads\/2017\/03\/KU100159.jpg\"><img decoding=\"async\" class=\"alignnone size-full wp-image-5534\" src=\"https:\/\/marekkuchcinski.pl\/wp-content\/uploads\/2017\/03\/KU100159.jpg\" alt=\"KU100159\" width=\"1800\" height=\"1200\" srcset=\"https:\/\/marekkuchcinski.pl\/wp-content\/uploads\/2017\/03\/KU100159.jpg 1800w, https:\/\/marekkuchcinski.pl\/wp-content\/uploads\/2017\/03\/KU100159-300x200.jpg 300w, https:\/\/marekkuchcinski.pl\/wp-content\/uploads\/2017\/03\/KU100159-768x512.jpg 768w, https:\/\/marekkuchcinski.pl\/wp-content\/uploads\/2017\/03\/KU100159-1024x683.jpg 1024w\" sizes=\"(max-width: 1800px) 100vw, 1800px\" \/><\/a> <a href=\"https:\/\/marekkuchcinski.pl\/wp-content\/uploads\/2017\/03\/KU100330.jpg\"><img decoding=\"async\" class=\"alignnone size-full wp-image-5535\" src=\"https:\/\/marekkuchcinski.pl\/wp-content\/uploads\/2017\/03\/KU100330.jpg\" alt=\"KU100330\" width=\"1800\" height=\"1200\" srcset=\"https:\/\/marekkuchcinski.pl\/wp-content\/uploads\/2017\/03\/KU100330.jpg 1800w, https:\/\/marekkuchcinski.pl\/wp-content\/uploads\/2017\/03\/KU100330-300x200.jpg 300w, https:\/\/marekkuchcinski.pl\/wp-content\/uploads\/2017\/03\/KU100330-768x512.jpg 768w, https:\/\/marekkuchcinski.pl\/wp-content\/uploads\/2017\/03\/KU100330-1024x683.jpg 1024w\" sizes=\"(max-width: 1800px) 100vw, 1800px\" \/><\/a> <a href=\"https:\/\/marekkuchcinski.pl\/wp-content\/uploads\/2017\/03\/KU100304.jpg\"><img loading=\"lazy\" decoding=\"async\" class=\"alignnone size-full wp-image-5536\" src=\"https:\/\/marekkuchcinski.pl\/wp-content\/uploads\/2017\/03\/KU100304.jpg\" alt=\"KU100304\" width=\"1800\" height=\"1200\" srcset=\"https:\/\/marekkuchcinski.pl\/wp-content\/uploads\/2017\/03\/KU100304.jpg 1800w, https:\/\/marekkuchcinski.pl\/wp-content\/uploads\/2017\/03\/KU100304-300x200.jpg 300w, https:\/\/marekkuchcinski.pl\/wp-content\/uploads\/2017\/03\/KU100304-768x512.jpg 768w, https:\/\/marekkuchcinski.pl\/wp-content\/uploads\/2017\/03\/KU100304-1024x683.jpg 1024w\" sizes=\"(max-width: 1800px) 100vw, 1800px\" \/><\/a><\/p>","protected":false},"excerpt":{"rendered":"<p>Obchody 60. rocznicy podpisania traktat\u00f3w rzymskich oraz spotkanie przewodnicz\u0105cych parlament\u00f3w pa\u0144stw Europy \u015arodkowej i Wschodniej w Warszawie to jedne z najwa\u017cniejszych wydarze\u0144 na scenie politycznej tego roku. \u2013 Relacje mi\u0119dzy parlamentami s\u0105 niezwykle wa\u017cne, bo tworzymy podwaliny pod prac\u0119 rz\u0105du \u2013 powiedzia\u0142 przewodnicz\u0105cy rumu\u0144skiego Senatu C\u0103lin Popescu-T\u0103riceanu podczas spotkania z marsza\u0142kiem Sejmu Markiem Kuchci\u0144skim. Doda\u0142, [&hellip;]<\/p>\n","protected":false},"author":6,"featured_media":5533,"comment_status":"open","ping_status":"open","sticky":false,"template":"","format":"standard","meta":{"ngg_post_thumbnail":0,"footnotes":""},"categories":[78,81,50,3],"tags":[],"class_list":["post-5532","post","type-post","status-publish","format-standard","has-post-thumbnail","hentry","category-europa-karpat","category-wiesci-z-sejmu","category-wspolpraca-miedzynarodowa","category-wydarzenia"],"_links":{"self":[{"href":"https:\/\/marekkuchcinski.pl\/hu\/wp-json\/wp\/v2\/posts\/5532","targetHints":{"allow":["GET"]}}],"collection":[{"href":"https:\/\/marekkuchcinski.pl\/hu\/wp-json\/wp\/v2\/posts"}],"about":[{"href":"https:\/\/marekkuchcinski.pl\/hu\/wp-json\/wp\/v2\/types\/post"}],"author":[{"embeddable":true,"href":"https:\/\/marekkuchcinski.pl\/hu\/wp-json\/wp\/v2\/users\/6"}],"replies":[{"embeddable":true,"href":"https:\/\/marekkuchcinski.pl\/hu\/wp-json\/wp\/v2\/comments?post=5532"}],"version-history":[{"count":3,"href":"https:\/\/marekkuchcinski.pl\/hu\/wp-json\/wp\/v2\/posts\/5532\/revisions"}],"predecessor-version":[{"id":5540,"href":"https:\/\/marekkuchcinski.pl\/hu\/wp-json\/wp\/v2\/posts\/5532\/revisions\/5540"}],"wp:featuredmedia":[{"embeddable":true,"href":"https:\/\/marekkuchcinski.pl\/hu\/wp-json\/wp\/v2\/media\/5533"}],"wp:attachment":[{"href":"https:\/\/marekkuchcinski.pl\/hu\/wp-json\/wp\/v2\/media?parent=5532"}],"wp:term":[{"taxonomy":"category","embeddable":true,"href":"https:\/\/marekkuchcinski.pl\/hu\/wp-json\/wp\/v2\/categories?post=5532"},{"taxonomy":"post_tag","embeddable":true,"href":"https:\/\/marekkuchcinski.pl\/hu\/wp-json\/wp\/v2\/tags?post=5532"}],"curies":[{"name":"wp","href":"https:\/\/api.w.org\/{rel}","templated":true}]}}