{"id":5442,"date":"2017-02-26T10:08:59","date_gmt":"2017-02-26T09:08:59","guid":{"rendered":"https:\/\/marekkuchcinski.pl\/?p=5442"},"modified":"2017-02-27T16:48:29","modified_gmt":"2017-02-27T15:48:29","slug":"mazurek-dabrowskiego-hymnem-polski-90","status":"publish","type":"post","link":"https:\/\/marekkuchcinski.pl\/hu\/wydarzenia\/mazurek-dabrowskiego-hymnem-polski-90\/","title":{"rendered":"Dabrowski Mazurk\u00e1ja 90 \u00e9ve Lengyelorsz\u00e1g himnusza."},"content":{"rendered":"<p style=\"text-align: center;\">A part\u00edcion\u00e1l\u00f3k \u00e1ltal tiltott <strong>D\u0105browski mazurk\u00e1ja<\/strong>amelyet J\u00f3zef Wybicki \u00edr\u00f3, politikus \u00e9s katona \u00edrt, m\u00e1r az 1830-as novemberi felkel\u00e9s idej\u00e9n nemzeti himnussz\u00e1 v\u00e1lt. Hivatalosan 1927. febru\u00e1r 26-\u00e1n v\u00e1lt azz\u00e1.<\/p>\n<p style=\"text-align: center;\">A \"Bogurodzica\", amelyet 1410-ben a lengyel lovagok \u00e9nekeltek a grunwaldi csata el\u0151tt, az els\u0151 nemzeti himnusznak sz\u00e1m\u00edt. A k\u00f6vetkez\u0151 a \"The Deum laudamus\" c\u00edm\u0171 egyh\u00e1zi \u00e9nek volt, majd August Poniatowski kir\u00e1ly megb\u00edz\u00e1s\u00e1b\u00f3l a \"\u015awi\u0119ta mi\u0142o\u015bci kochanej ojczyzny\". A janu\u00e1ri felkel\u00e9s el\u0151tt a \"Bo\u017ce co\u015b Polsk\u0119\" (\"Isten \u00f3vja Lengyelorsz\u00e1got\") himnusz szerep\u00e9t t\u00f6lt\u00f6tte be.<\/p>\n<p style=\"text-align: center;\">Ez azonban <strong>D\u0105browski mazurk\u00e1ja<\/strong> Ellopta a lengyelek sz\u00edv\u00e9t, \u00e9s 90 \u00e9ve a lengyels\u00e9g igazi megnyilv\u00e1nul\u00e1sa.<\/p>\n<p style=\"text-align: center;\"><a href=\"https:\/\/marekkuchcinski.pl\/wp-content\/uploads\/2017\/02\/godlo.jpg\"><img fetchpriority=\"high\" decoding=\"async\" class=\"alignnone wp-image-5447\" src=\"https:\/\/marekkuchcinski.pl\/wp-content\/uploads\/2017\/02\/godlo.jpg\" alt=\"godlo\" width=\"318\" height=\"288\" \/><\/a><\/p>\n<p style=\"text-align: center;\"><strong>A hivatalos himnusz sz\u00f6vege:<\/strong><\/p>\n<p style=\"text-align: center;\">Lengyelorsz\u00e1g m\u00e9g nem halt meg,<br \/>\nAm\u00edg \u00e9l\u00fcnk.<br \/>\nAmit az idegen er\u0151szak elvett t\u0151l\u00fcnk,<br \/>\nVisszavessz\u00fck a szably\u00e1t.<\/p>\n<p style=\"text-align: center;\"><strong>M\u00e1rcius, D\u0105browski menetel\u00e9se,<\/strong><br \/>\n<strong>Olasz f\u00f6ldr\u0151l Lengyelorsz\u00e1gba.<\/strong><br \/>\n<strong>Az el\u0151nye m\u00f6g\u00f6tt<\/strong><br \/>\n<strong>Csatlakozom az emberekhez.<\/strong><\/p>\n<p style=\"text-align: center;\">\u00c1tkelek a Visztul\u00e1n, \u00e1tkelek a Wart\u00e1n,<br \/>\nMi lengyelek lesz\u00fcnk.<br \/>\nBonaparte p\u00e9ld\u00e1t adott nek\u00fcnk,<br \/>\nHogyan nyerhet\u00fcnk.<\/p>\n<p style=\"text-align: center;\"><strong>Menet, menet, menet...<\/strong><\/p>\n<p style=\"text-align: center;\">Mint Czarniecki \u00e9s Pozna\u0144 k\u00f6z\u00f6tt<br \/>\nA sv\u00e9d feloszt\u00e1s ut\u00e1n,<br \/>\nHogy megments\u00fck a haz\u00e1t<br \/>\nVisszamegyek a tengeren t\u00falra.<\/p>\n<p style=\"text-align: center;\"><strong>Menet, menet, menet...<\/strong><\/p>\n<p style=\"text-align: center;\">M\u00e1r ott apa az \u0151 Basia<br \/>\nAzt mondja, s\u00edrva -<br \/>\nHallgassa csak a mi<br \/>\nMegverik a tarabaiakat.<\/p>\n<p style=\"text-align: center;\"><strong>Menet, menet, menet...<\/strong><\/p>","protected":false},"excerpt":{"rendered":"<p>Zakazany przez zaborc\u00f3w Mazurek D\u0105browskiego, napisany przez J\u00f3zefa Wybickiego, pisarza, polityka, \u017co\u0142nierza, rang\u0119 hymnu narodowego zyska\u0142\u00a0ju\u017c podczas powstania listopadowego w 1830 r. Formalnie sta\u0142 si\u0119 nim 26\u00a0lutego 1927\u00a0r. Za pierwszy hymn narodowy uznaje si\u0119 \u015bpiewan\u0105 w 1410 r. przez polskie rycerstwo przed bitw\u0105 pod Grunwaldem \u201eBogurodzic\u0119&#8221;. Kolejnym by\u0142a pie\u015b\u0144 ko\u015bcielna \u201eThe Deum laudamus&#8221;, nast\u0119pnie zlecona [&hellip;]<\/p>\n","protected":false},"author":6,"featured_media":5443,"comment_status":"open","ping_status":"open","sticky":false,"template":"","format":"standard","meta":{"ngg_post_thumbnail":0,"footnotes":""},"categories":[77,3],"tags":[],"class_list":["post-5442","post","type-post","status-publish","format-standard","has-post-thumbnail","hentry","category-wazne-daty","category-wydarzenia"],"_links":{"self":[{"href":"https:\/\/marekkuchcinski.pl\/hu\/wp-json\/wp\/v2\/posts\/5442","targetHints":{"allow":["GET"]}}],"collection":[{"href":"https:\/\/marekkuchcinski.pl\/hu\/wp-json\/wp\/v2\/posts"}],"about":[{"href":"https:\/\/marekkuchcinski.pl\/hu\/wp-json\/wp\/v2\/types\/post"}],"author":[{"embeddable":true,"href":"https:\/\/marekkuchcinski.pl\/hu\/wp-json\/wp\/v2\/users\/6"}],"replies":[{"embeddable":true,"href":"https:\/\/marekkuchcinski.pl\/hu\/wp-json\/wp\/v2\/comments?post=5442"}],"version-history":[{"count":8,"href":"https:\/\/marekkuchcinski.pl\/hu\/wp-json\/wp\/v2\/posts\/5442\/revisions"}],"predecessor-version":[{"id":5470,"href":"https:\/\/marekkuchcinski.pl\/hu\/wp-json\/wp\/v2\/posts\/5442\/revisions\/5470"}],"wp:featuredmedia":[{"embeddable":true,"href":"https:\/\/marekkuchcinski.pl\/hu\/wp-json\/wp\/v2\/media\/5443"}],"wp:attachment":[{"href":"https:\/\/marekkuchcinski.pl\/hu\/wp-json\/wp\/v2\/media?parent=5442"}],"wp:term":[{"taxonomy":"category","embeddable":true,"href":"https:\/\/marekkuchcinski.pl\/hu\/wp-json\/wp\/v2\/categories?post=5442"},{"taxonomy":"post_tag","embeddable":true,"href":"https:\/\/marekkuchcinski.pl\/hu\/wp-json\/wp\/v2\/tags?post=5442"}],"curies":[{"name":"wp","href":"https:\/\/api.w.org\/{rel}","templated":true}]}}