{"id":5421,"date":"2017-02-24T12:04:10","date_gmt":"2017-02-24T11:04:10","guid":{"rendered":"https:\/\/marekkuchcinski.pl\/?p=5421"},"modified":"2017-02-27T15:18:00","modified_gmt":"2017-02-27T14:18:00","slug":"sejm-podjal-uchwale-upamietniajaca-ksiedza-franciszka-blachnickiego","status":"publish","type":"post","link":"https:\/\/marekkuchcinski.pl\/hu\/wazne-daty\/sejm-podjal-uchwale-upamietniajaca-ksiedza-franciszka-blachnickiego\/","title":{"rendered":"A Szejm hat\u00e1rozatot fogadott el Franciszek Blachnicki atya eml\u00e9k\u00e9re."},"content":{"rendered":"<p>P. Franciszek Blachnicki hal\u00e1l\u00e1nak 2017 febru\u00e1rj\u00e1ra es\u0151 30. \u00e9vfordul\u00f3j\u00e1n a Lengyel K\u00f6zt\u00e1rsas\u00e1g Szejmje tiszteleg a nagy hazafi, katona, pap \u00e9s t\u00e1rsadalmi aktivista el\u0151tt.<\/p>\n<p>Franciszek Blachnicki atya eg\u00e9sz \u00e9let\u00e9t haz\u00e1ja jav\u00e1nak szentelte. Katonak\u00e9nt harcolt a szeptemberi hadj\u00e1ratban, akt\u00edvan r\u00e9szt vett a f\u00f6ldalatti mozgalomban, koncentr\u00e1ci\u00f3s t\u00e1borban raboskodott, \u00e9s a kommunista biztons\u00e1gi szolg\u00e1latok \u00fcld\u00f6zt\u00e9k. T\u00e1rsadalmi tev\u00e9kenys\u00e9ge egyetemes \u00e9rt\u00e9keken alapult, \u00e9s a nemzet erk\u00f6lcsi magatart\u00e1s\u00e1t form\u00e1lta.  A F\u00e9nyes \u00c9let Mozgalom alap\u00edt\u00f3jak\u00e9nt fiatalokat \u00e9s feln\u0151tteket nevelt a hazaszeretet, az erk\u00f6lcs \u00e9s a felel\u0151ss\u00e9g szellem\u00e9ben.<\/p>\n<p>Franciszek Blachnicki atya hal\u00e1l\u00e1nak 30. \u00e9vfordul\u00f3ja alkalm\u00e1b\u00f3l rendezett \u00fcnneps\u00e9geket Andrzej Duda, a Lengyel K\u00f6zt\u00e1rsas\u00e1g eln\u00f6ke tiszteletbeli v\u00e9dn\u00f6ks\u00e9ge alatt tartott\u00e1k.<\/p>\n<p>A Lengyel K\u00f6zt\u00e1rsas\u00e1g Szejmje - Franciszek Blachnicki aty\u00e1nak a lengyel nemzet\u00e9rt tett szolg\u00e1latai\u00e9rt \u00e9s a sok gener\u00e1ci\u00f3 erk\u00f6lcsi fejl\u0151d\u00e9s\u00e9hez val\u00f3 hozz\u00e1j\u00e1rul\u00e1s\u00e1\u00e9rt - tisztelettel ad\u00f3zik eml\u00e9k\u00e9nek.<\/p>\n<p><a href=\"https:\/\/marekkuchcinski.pl\/wp-content\/uploads\/2017\/02\/094056_lu11s04_1972_kurs_anim_oaz_51-1.jpg\"><img fetchpriority=\"high\" decoding=\"async\" class=\"alignnone wp-image-5423\" src=\"https:\/\/marekkuchcinski.pl\/wp-content\/uploads\/2017\/02\/094056_lu11s04_1972_kurs_anim_oaz_51-1.jpg\" alt=\"094056_lu11s04_1972_kurs_anim_oaz_51\" width=\"988\" height=\"424\" srcset=\"https:\/\/marekkuchcinski.pl\/wp-content\/uploads\/2017\/02\/094056_lu11s04_1972_kurs_anim_oaz_51-1.jpg 650w, https:\/\/marekkuchcinski.pl\/wp-content\/uploads\/2017\/02\/094056_lu11s04_1972_kurs_anim_oaz_51-1-300x129.jpg 300w\" sizes=\"(max-width: 988px) 100vw, 988px\" \/><\/a> <a href=\"https:\/\/marekkuchcinski.pl\/wp-content\/uploads\/2017\/02\/ks-franciszek-blachnicki-fot.jpg\"><img decoding=\"async\" class=\"alignnone wp-image-5424\" src=\"https:\/\/marekkuchcinski.pl\/wp-content\/uploads\/2017\/02\/ks-franciszek-blachnicki-fot.jpg\" alt=\"ks-franciszek-blachnicki-fot\" width=\"981\" height=\"692\" srcset=\"https:\/\/marekkuchcinski.pl\/wp-content\/uploads\/2017\/02\/ks-franciszek-blachnicki-fot.jpg 512w, https:\/\/marekkuchcinski.pl\/wp-content\/uploads\/2017\/02\/ks-franciszek-blachnicki-fot-300x212.jpg 300w\" sizes=\"(max-width: 981px) 100vw, 981px\" \/><\/a> <a href=\"https:\/\/marekkuchcinski.pl\/wp-content\/uploads\/2017\/02\/blachnicki_oswiecim.jpg\"><img decoding=\"async\" class=\"alignnone wp-image-5425\" src=\"https:\/\/marekkuchcinski.pl\/wp-content\/uploads\/2017\/02\/blachnicki_oswiecim.jpg\" alt=\"blachnicki_oswiecim\" width=\"1036\" height=\"468\" srcset=\"https:\/\/marekkuchcinski.pl\/wp-content\/uploads\/2017\/02\/blachnicki_oswiecim.jpg 640w, https:\/\/marekkuchcinski.pl\/wp-content\/uploads\/2017\/02\/blachnicki_oswiecim-300x135.jpg 300w\" sizes=\"(max-width: 1036px) 100vw, 1036px\" \/><\/a><\/p>","protected":false},"excerpt":{"rendered":"<p>W przypadaj\u0105c\u0105 w lutym 2017 roku 30. rocznic\u0119 \u015bmierci ks. Franciszka Blachnickiego, Sejm Rzeczypospolitej Polskiej oddaje ho\u0142d temu wielkiemu patriocie, \u017co\u0142nierzowi, duchownemu i dzia\u0142aczowi spo\u0142ecznemu. Ks. Franciszek Blachnicki po\u015bwi\u0119ci\u0142 ca\u0142e swoje \u017cycie dobru ojczyzny. Walczy\u0142 jako \u017co\u0142nierz w kampanii wrze\u015bniowej, dzia\u0142a\u0142 w konspiracji, by\u0142 osadzony w obozie koncentracyjnym,\u00a0 prze\u015bladowany przez komunistyczne s\u0142u\u017cby bezpiecze\u0144stwa. Jego dzia\u0142alno\u015b\u0107 [&hellip;]<\/p>\n","protected":false},"author":6,"featured_media":5422,"comment_status":"open","ping_status":"open","sticky":false,"template":"","format":"standard","meta":{"ngg_post_thumbnail":0,"footnotes":""},"categories":[77,81],"tags":[],"class_list":["post-5421","post","type-post","status-publish","format-standard","has-post-thumbnail","hentry","category-wazne-daty","category-wiesci-z-sejmu"],"_links":{"self":[{"href":"https:\/\/marekkuchcinski.pl\/hu\/wp-json\/wp\/v2\/posts\/5421","targetHints":{"allow":["GET"]}}],"collection":[{"href":"https:\/\/marekkuchcinski.pl\/hu\/wp-json\/wp\/v2\/posts"}],"about":[{"href":"https:\/\/marekkuchcinski.pl\/hu\/wp-json\/wp\/v2\/types\/post"}],"author":[{"embeddable":true,"href":"https:\/\/marekkuchcinski.pl\/hu\/wp-json\/wp\/v2\/users\/6"}],"replies":[{"embeddable":true,"href":"https:\/\/marekkuchcinski.pl\/hu\/wp-json\/wp\/v2\/comments?post=5421"}],"version-history":[{"count":2,"href":"https:\/\/marekkuchcinski.pl\/hu\/wp-json\/wp\/v2\/posts\/5421\/revisions"}],"predecessor-version":[{"id":5465,"href":"https:\/\/marekkuchcinski.pl\/hu\/wp-json\/wp\/v2\/posts\/5421\/revisions\/5465"}],"wp:featuredmedia":[{"embeddable":true,"href":"https:\/\/marekkuchcinski.pl\/hu\/wp-json\/wp\/v2\/media\/5422"}],"wp:attachment":[{"href":"https:\/\/marekkuchcinski.pl\/hu\/wp-json\/wp\/v2\/media?parent=5421"}],"wp:term":[{"taxonomy":"category","embeddable":true,"href":"https:\/\/marekkuchcinski.pl\/hu\/wp-json\/wp\/v2\/categories?post=5421"},{"taxonomy":"post_tag","embeddable":true,"href":"https:\/\/marekkuchcinski.pl\/hu\/wp-json\/wp\/v2\/tags?post=5421"}],"curies":[{"name":"wp","href":"https:\/\/api.w.org\/{rel}","templated":true}]}}