{"id":5417,"date":"2017-02-24T09:55:19","date_gmt":"2017-02-24T08:55:19","guid":{"rendered":"https:\/\/marekkuchcinski.pl\/?p=5417"},"modified":"2017-02-24T09:59:10","modified_gmt":"2017-02-24T08:59:10","slug":"zmienily-sie-preferencje-wyborcze-okupacji-sali-obrad-sejmie","status":"publish","type":"post","link":"https:\/\/marekkuchcinski.pl\/hu\/wydarzenia\/zmienily-sie-preferencje-wyborcze-okupacji-sali-obrad-sejmie\/","title":{"rendered":"Hogyan v\u00e1ltoztak a v\u00e1laszt\u00f3i preferenci\u00e1k az orsz\u00e1ggy\u0171l\u00e9s megsz\u00e1ll\u00e1sa ut\u00e1n?"},"content":{"rendered":"<p><strong>Hogyan reag\u00e1ltak a v\u00e1laszt\u00f3k a k\u00fcl\u00f6nb\u00f6z\u0151 frakci\u00f3k viselked\u00e9s\u00e9re a parlamenti konfliktusban?<\/strong><\/p>\n<p>Az IBRIS c\u00e9g \u00e1ltal a Rzeczpospolita napilap \u00e9s az Onet.pl internetes port\u00e1l sz\u00e1m\u00e1ra v\u00e9gzett telefonos felm\u00e9r\u00e9sek eredm\u00e9nyei a plen\u00e1ris \u00fcl\u00e9sterem elfoglal\u00e1s\u00e1nak k\u00f6vetkez\u0151 k\u00f6vetkezm\u00e9nyeit mutatj\u00e1k:<\/p>\n<p><strong>Jog \u00e9s igazs\u00e1gszolg\u00e1ltat\u00e1s\u00a0 <\/strong>- a t\u00e1mogatotts\u00e1g 7-8 sz\u00e1zal\u00e9kpontos n\u00f6veked\u00e9se (21%-os n\u00f6veked\u00e9s a k\u00f6zvetlen\u00fcl a Szejm csarnok\u00e1nak elfoglal\u00e1sa el\u0151tti eredm\u00e9nyekhez k\u00e9pest).<\/p>\n<p><strong>.Modern <\/strong>- 12 sz\u00e1zal\u00e9kpontos cs\u00f6kken\u00e9s (teh\u00e1t a Szejm csarnok\u00e1nak elfoglal\u00e1sa el\u0151tti eredm\u00e9nyekhez k\u00e9pest a szavaz\u00f3k 52 sz\u00e1zal\u00e9k\u00e1t vesztette el).<\/p>\n<p><strong>Kukiz'15<\/strong> - 2 sz\u00e1zal\u00e9kpontos n\u00f6veked\u00e9s (a Kukiz'15 t\u00e1mogatotts\u00e1g\u00e1nak n\u00f6veked\u00e9se mintegy 9%-ot jelent a Szejm \u00fcl\u00e9sterm\u00e9nek elfoglal\u00e1sa el\u0151tti eredm\u00e9nyekhez k\u00e9pest).<\/p>\n<p><strong>Polg\u00e1ri platform, PSL, SLD<\/strong> - 1 sz\u00e1zal\u00e9kpontos n\u00f6veked\u00e9s.<\/p>\n<p><strong>Party Together<\/strong>\u00a0 - nincs v\u00e1ltoz\u00e1s.<\/p>\n<p><strong>KNP, KORWIN<\/strong> 2 sz\u00e1zal\u00e9kpontos cs\u00f6kken\u00e9s.<\/p>\n<p><a href=\"https:\/\/marekkuchcinski.pl\/wp-content\/uploads\/2017\/02\/urna.jpg\"><img fetchpriority=\"high\" decoding=\"async\" class=\"alignnone size-full wp-image-5419\" src=\"https:\/\/marekkuchcinski.pl\/wp-content\/uploads\/2017\/02\/urna.jpg\" alt=\"urna\" width=\"1688\" height=\"1125\" srcset=\"https:\/\/marekkuchcinski.pl\/wp-content\/uploads\/2017\/02\/urna.jpg 1688w, https:\/\/marekkuchcinski.pl\/wp-content\/uploads\/2017\/02\/urna-300x200.jpg 300w, https:\/\/marekkuchcinski.pl\/wp-content\/uploads\/2017\/02\/urna-768x512.jpg 768w, https:\/\/marekkuchcinski.pl\/wp-content\/uploads\/2017\/02\/urna-1024x682.jpg 1024w\" sizes=\"(max-width: 1688px) 100vw, 1688px\" \/><\/a><\/p>","protected":false},"excerpt":{"rendered":"<p>Jak wyborcy zareagowali na zachowania poszczeg\u00f3lnych ugrupowa\u0144 w sejmowym konflikcie? Wyniki bada\u0144 telefonicznych firmy IBRIS dla dziennika \u201eRzeczpospolita\u201d oraz\u00a0 portalu Onet.pl wskazuj\u0105 na nast\u0119puj\u0105ce konsekwencje okupacji sali plenarnej: PiS\u00a0 \u2013 wzrost poparcia o 7-8 punkt\u00f3w proc. (co oznacza wzrost o 21 proc. w stosunku do wynik\u00f3w bezpo\u015brednio przed\u00a0 okupacj\u0105 sali w Sejmie). .Nowoczesna \u2013 spadek [&hellip;]<\/p>\n","protected":false},"author":6,"featured_media":5419,"comment_status":"open","ping_status":"open","sticky":false,"template":"","format":"standard","meta":{"ngg_post_thumbnail":0,"footnotes":""},"categories":[83,81,3],"tags":[],"class_list":["post-5417","post","type-post","status-publish","format-standard","has-post-thumbnail","hentry","category-badania-spoleczne","category-wiesci-z-sejmu","category-wydarzenia"],"_links":{"self":[{"href":"https:\/\/marekkuchcinski.pl\/hu\/wp-json\/wp\/v2\/posts\/5417","targetHints":{"allow":["GET"]}}],"collection":[{"href":"https:\/\/marekkuchcinski.pl\/hu\/wp-json\/wp\/v2\/posts"}],"about":[{"href":"https:\/\/marekkuchcinski.pl\/hu\/wp-json\/wp\/v2\/types\/post"}],"author":[{"embeddable":true,"href":"https:\/\/marekkuchcinski.pl\/hu\/wp-json\/wp\/v2\/users\/6"}],"replies":[{"embeddable":true,"href":"https:\/\/marekkuchcinski.pl\/hu\/wp-json\/wp\/v2\/comments?post=5417"}],"version-history":[{"count":1,"href":"https:\/\/marekkuchcinski.pl\/hu\/wp-json\/wp\/v2\/posts\/5417\/revisions"}],"predecessor-version":[{"id":5420,"href":"https:\/\/marekkuchcinski.pl\/hu\/wp-json\/wp\/v2\/posts\/5417\/revisions\/5420"}],"wp:featuredmedia":[{"embeddable":true,"href":"https:\/\/marekkuchcinski.pl\/hu\/wp-json\/wp\/v2\/media\/5419"}],"wp:attachment":[{"href":"https:\/\/marekkuchcinski.pl\/hu\/wp-json\/wp\/v2\/media?parent=5417"}],"wp:term":[{"taxonomy":"category","embeddable":true,"href":"https:\/\/marekkuchcinski.pl\/hu\/wp-json\/wp\/v2\/categories?post=5417"},{"taxonomy":"post_tag","embeddable":true,"href":"https:\/\/marekkuchcinski.pl\/hu\/wp-json\/wp\/v2\/tags?post=5417"}],"curies":[{"name":"wp","href":"https:\/\/api.w.org\/{rel}","templated":true}]}}