{"id":5373,"date":"2017-02-20T20:22:26","date_gmt":"2017-02-20T19:22:26","guid":{"rendered":"https:\/\/marekkuchcinski.pl\/?p=5373"},"modified":"2017-02-23T10:24:21","modified_gmt":"2017-02-23T09:24:21","slug":"spotkanie-marszalka-sejmu-przewodniczacym-czeskiego-senatu","status":"publish","type":"post","link":"https:\/\/marekkuchcinski.pl\/hu\/wydarzenia\/spotkanie-marszalka-sejmu-przewodniczacym-czeskiego-senatu\/","title":{"rendered":"A Szejm eln\u00f6k\u00e9nek tal\u00e1lkoz\u00f3ja a cseh szen\u00e1tus eln\u00f6k\u00e9vel"},"content":{"rendered":"<p dir=\"ltr\">A k\u00e9toldal\u00fa kapcsolatok elm\u00e9ly\u00edt\u00e9se, a Visegr\u00e1di Csoporton (V4) bel\u00fcli egy\u00fcttm\u0171k\u00f6d\u00e9s, a k\u00f6z\u00f6s tev\u00e9kenys\u00e9gek er\u0151s\u00edt\u00e9se az infrastruktur\u00e1lis projektek ter\u00e9n \u00e9s az Eur\u00f3pai Uni\u00f3 j\u00f6v\u0151je - t\u00f6bbek k\u00f6z\u00f6tt ezek a t\u00e9m\u00e1k szerepeltek Marek Kuchci\u0144ski, a Szejm eln\u00f6ke \u00e9s Milan \u0160t\u011bch, a cseh szen\u00e1tus eln\u00f6ke h\u00e9tf\u0151i tal\u00e1lkoz\u00f3j\u00e1n. A cseh parlament fels\u0151h\u00e1z\u00e1nak eln\u00f6ke jelenleg k\u00e9tnapos hivatalos l\u00e1togat\u00e1son tart\u00f3zkodik Lengyelorsz\u00e1gban.<\/p>\n<p dir=\"ltr\">A politikusok megvitatt\u00e1k a nagyon j\u00f3 lengyel-cseh kapcsolatok fejl\u0151d\u00e9s\u00e9nek kil\u00e1t\u00e1sait, valamint azokat a k\u00e9rd\u00e9seket, amelyeket a k\u00e9t orsz\u00e1g a parlamentk\u00f6zi egy\u00fcttm\u0171k\u00f6d\u00e9s keret\u00e9ben felv\u00e1llalhat, mint p\u00e9ld\u00e1ul a leveg\u0151 \u00e1llapot\u00e1nak probl\u00e9m\u00e1j\u00e1t. A Szejm eln\u00f6ke \u00e9s a cseh szen\u00e1tus eln\u00f6ke a visegr\u00e1di egy\u00fcttm\u0171k\u00f6d\u00e9s meger\u0151s\u00edt\u00e9s\u00e9r\u0151l is besz\u00e9lt, bele\u00e9rtve a V4-orsz\u00e1gok parlamenti vezet\u0151inek m\u00e1rcius 6-7-re tervezett vars\u00f3i cs\u00facstal\u00e1lkoz\u00f3j\u00e1nak napirendj\u00e9t. Mint Marek Kuchci\u0144ski sz\u00f3viv\u0151 elmondta, a k\u00f6zelg\u0151 V4-form\u00e1tum\u00fa megbesz\u00e9l\u00e9s javasolt t\u00e9m\u00e1i k\u00f6z\u00f6tt szerepelnek t\u00f6bbek k\u00f6z\u00f6tt a kult\u00fara ter\u00fclet\u00e9n a visegr\u00e1di egy\u00fcttm\u0171k\u00f6d\u00e9s t\u00f6bb sz\u00e1z \u00e9ves hagyom\u00e1ny\u00e1t el\u0151mozd\u00edt\u00f3 k\u00f6z\u00f6s v\u00e1llalkoz\u00e1sok.<\/p>\n<p dir=\"ltr\">A tal\u00e1lkoz\u00f3 alkalmat adott arra is, hogy megvitass\u00e1k a k\u00f6zleked\u00e9si kapcsolatok b\u0151v\u00edt\u00e9s\u00e9nek lehet\u0151s\u00e9geit, valamint a Lengyelorsz\u00e1g \u00e9s a Cseh K\u00f6zt\u00e1rsas\u00e1g k\u00f6z\u00f6tti egy\u00fcttm\u0171k\u00f6d\u00e9st az infrastrukt\u00fara ter\u00fclet\u00e9n, bele\u00e9rtve az Odera-Duna-csatorna meg\u00e9p\u00edt\u00e9s\u00e9t. A Szejm eln\u00f6ke hangs\u00falyozta az Eur\u00f3pa \u00e9szaki \u00e9s d\u00e9li r\u00e9sz\u00e9t \u00f6sszek\u00f6t\u0151 folyos\u00f3 meger\u0151s\u00edt\u00e9s\u00e9t c\u00e9lz\u00f3 k\u00f6z\u00f6s fell\u00e9p\u00e9s alapvet\u0151 fontoss\u00e1g\u00e1t. A cseh szen\u00e1tus vezet\u0151je is annak a v\u00e9lem\u00e9ny\u00e9nek adott hangot, hogy az eur\u00f3pai kontinens \u00e9szaki \u00e9s d\u00e9li, keleti \u00e9s nyugati r\u00e9sz\u00e9t infrastruktur\u00e1lisan \u00f6ssze kell k\u00f6tni.<\/p>\n<p dir=\"ltr\">Utaltak az EU Brexit ut\u00e1ni j\u00f6v\u0151beli form\u00e1j\u00e1r\u00f3l foly\u00f3 vit\u00e1ra is. A politikusok egyet\u00e9rtettek abban, hogy meg kell hat\u00e1rozni a korm\u00e1nyok \u00e9s a nemzeti parlamentek, valamint az Eur\u00f3pai Parlament \u00e9s az Eur\u00f3pai Bizotts\u00e1g hat\u00e1sk\u00f6r\u00e9t, hogy az uni\u00f3s d\u00f6nt\u00e9sek \u00e9rthet\u0151ek legyenek a tag\u00e1llamok polg\u00e1rai sz\u00e1m\u00e1ra. Marek Kuchci\u0144ski h\u00e1zeln\u00f6k r\u00e1mutatott, hogy a nemzeti parlamenteket meg kell er\u0151s\u00edteni az uni\u00f3s int\u00e9zm\u00e9nyekkel szemben.<\/p>\n<p dir=\"ltr\"><em>Fot\u00f3: Rafa\u0142 Zambrzycki, KS<\/em><\/p>\n<p dir=\"ltr\"><a href=\"https:\/\/marekkuchcinski.pl\/wp-content\/uploads\/2017\/02\/RZ__5569.view_.jpg\"><img fetchpriority=\"high\" decoding=\"async\" class=\"alignnone  wp-image-5374\" src=\"https:\/\/marekkuchcinski.pl\/wp-content\/uploads\/2017\/02\/RZ__5569.view_.jpg\" alt=\"RZ__5569.view\" width=\"1016\" height=\"677\" srcset=\"https:\/\/marekkuchcinski.pl\/wp-content\/uploads\/2017\/02\/RZ__5569.view_.jpg 800w, https:\/\/marekkuchcinski.pl\/wp-content\/uploads\/2017\/02\/RZ__5569.view_-300x200.jpg 300w, https:\/\/marekkuchcinski.pl\/wp-content\/uploads\/2017\/02\/RZ__5569.view_-768x512.jpg 768w\" sizes=\"(max-width: 1016px) 100vw, 1016px\" \/><\/a><\/p>","protected":false},"excerpt":{"rendered":"<p>Pog\u0142\u0119bienie stosunk\u00f3w dwustronnych, wsp\u00f3\u0142pracy w ramach Grupy Wyszehradzkiej (V4), wzmocnienie wsp\u00f3lnych dzia\u0142a\u0144 w zakresie projekt\u00f3w infrastrukturalnych i przysz\u0142o\u015b\u0107 Unii Europejskiej &#8211; to niekt\u00f3re tematy poniedzia\u0142kowego spotkania marsza\u0142ka Sejmu Marka Kuchci\u0144skiego z szefem czeskiego Senatu Milanem \u0160t\u011bchem. Przewodnicz\u0105cy Izby wy\u017cszej parlamentu Czech przebywa aktualnie z dwudniow\u0105 oficjaln\u0105 wizyt\u0105 w Polsce. Politycy rozmawiali o perspektywach rozwoju bardzo [&hellip;]<\/p>\n","protected":false},"author":6,"featured_media":5374,"comment_status":"open","ping_status":"open","sticky":false,"template":"","format":"standard","meta":{"ngg_post_thumbnail":0,"footnotes":""},"categories":[81,50,3],"tags":[],"class_list":["post-5373","post","type-post","status-publish","format-standard","has-post-thumbnail","hentry","category-wiesci-z-sejmu","category-wspolpraca-miedzynarodowa","category-wydarzenia"],"_links":{"self":[{"href":"https:\/\/marekkuchcinski.pl\/hu\/wp-json\/wp\/v2\/posts\/5373","targetHints":{"allow":["GET"]}}],"collection":[{"href":"https:\/\/marekkuchcinski.pl\/hu\/wp-json\/wp\/v2\/posts"}],"about":[{"href":"https:\/\/marekkuchcinski.pl\/hu\/wp-json\/wp\/v2\/types\/post"}],"author":[{"embeddable":true,"href":"https:\/\/marekkuchcinski.pl\/hu\/wp-json\/wp\/v2\/users\/6"}],"replies":[{"embeddable":true,"href":"https:\/\/marekkuchcinski.pl\/hu\/wp-json\/wp\/v2\/comments?post=5373"}],"version-history":[{"count":1,"href":"https:\/\/marekkuchcinski.pl\/hu\/wp-json\/wp\/v2\/posts\/5373\/revisions"}],"predecessor-version":[{"id":5375,"href":"https:\/\/marekkuchcinski.pl\/hu\/wp-json\/wp\/v2\/posts\/5373\/revisions\/5375"}],"wp:featuredmedia":[{"embeddable":true,"href":"https:\/\/marekkuchcinski.pl\/hu\/wp-json\/wp\/v2\/media\/5374"}],"wp:attachment":[{"href":"https:\/\/marekkuchcinski.pl\/hu\/wp-json\/wp\/v2\/media?parent=5373"}],"wp:term":[{"taxonomy":"category","embeddable":true,"href":"https:\/\/marekkuchcinski.pl\/hu\/wp-json\/wp\/v2\/categories?post=5373"},{"taxonomy":"post_tag","embeddable":true,"href":"https:\/\/marekkuchcinski.pl\/hu\/wp-json\/wp\/v2\/tags?post=5373"}],"curies":[{"name":"wp","href":"https:\/\/api.w.org\/{rel}","templated":true}]}}