{"id":5369,"date":"2017-02-23T10:20:46","date_gmt":"2017-02-23T09:20:46","guid":{"rendered":"https:\/\/marekkuchcinski.pl\/?p=5369"},"modified":"2017-02-23T10:20:46","modified_gmt":"2017-02-23T09:20:46","slug":"marszalek-kuchcinski-ws-wniosku-o-odwolanie-argumenty-postawione-opozycje-byly-bezzasadne","status":"publish","type":"post","link":"https:\/\/marekkuchcinski.pl\/hu\/wydarzenia\/marszalek-kuchcinski-ws-wniosku-o-odwolanie-argumenty-postawione-opozycje-byly-bezzasadne\/","title":{"rendered":"Kuchci\u0144ski h\u00e1zeln\u00f6k az elutas\u00edt\u00e1si ind\u00edtv\u00e1nyr\u00f3l: az ellenz\u00e9k \u00e1ltal felhozott \u00e9rvek megalapozatlanok voltak"},"content":{"rendered":"<p>- Sz\u00fcks\u00e9gtelen volt\" - \u00edgy nyilatkozott Marek Kuchci\u0144ski, a Szejm eln\u00f6ke a Lengyel R\u00e1di\u00f3 24-ben a Polg\u00e1ri Platformnak a Szejm eln\u00f6k\u00e9nek felment\u00e9s\u00e9re ir\u00e1nyul\u00f3 ind\u00edtv\u00e1ny\u00e1r\u00f3l \u00e9s az err\u0151l sz\u00f3l\u00f3 szavaz\u00e1sr\u00f3l. Az ellenz\u00e9ki ind\u00edtv\u00e1nyt 241 k\u00e9pvisel\u0151 szavazat\u00e1val elutas\u00edtott\u00e1k, 174-en t\u00e1mogatt\u00e1k, 24-en tart\u00f3zkodtak.<\/p>\n<p>A Szejm eln\u00f6k\u00e9nek felment\u00e9s\u00e9re ir\u00e1nyul\u00f3 ind\u00edtv\u00e1ny indokl\u00e1s\u00e1ban a Polg\u00e1ri Platform politikusai kijelentett\u00e9k, hogy a 2017. \u00e9vi k\u00f6lts\u00e9gvet\u00e9si t\u00f6rv\u00e9nytervezettel kapcsolatos jogalkot\u00e1si munka \"s\u00falyos jogi hib\u00e1kkal terhelt, mivel a Lengyel K\u00f6zt\u00e1rsas\u00e1g Alkotm\u00e1ny\u00e1nak \u00e9s a Lengyel K\u00f6zt\u00e1rsas\u00e1g Szejmj\u00e9nek elj\u00e1r\u00e1si szab\u00e1lyzat\u00e1nak megs\u00e9rt\u00e9s\u00e9vel zajlott\".<\/p>\n<p>- Az ellenz\u00e9k \u00e1ltal felhozott \u00e9rvek megalapozatlanok voltak. J\u00f3 dolog lett, hogy a szavaz\u00e1s eredm\u00e9nye ilyen \u00e9s nem m\u00e1s\" - nyilatkozta Marek Kuchci\u0144ski. A korm\u00e1nyp\u00e1rt ellenz\u0151i a 2016. december 16-i \u00fcl\u00e9ssel kapcsolatban szint\u00e9n azzal v\u00e1dolt\u00e1k a szejm eln\u00f6k\u00e9t, hogy Micha\u0142 Szczerba k\u00e9pvisel\u0151t indokolatlanul kiz\u00e1rta az \u00fcl\u00e9sr\u0151l. Ez az incidens volt a plen\u00e1ris terem elfoglal\u00e1s\u00e1nak k\u00f6zvetlen oka.<\/p>\n<p>- A h\u00e1zeln\u00f6k k\u00f6teless\u00e9ge, hogy biztos\u00edtsa, hogy a felsz\u00f3lal\u00f3 feleknek be kell tartaniuk az elj\u00e1r\u00e1si szab\u00e1lyokat, pl. a t\u00e9m\u00e1hoz igazodva besz\u00e9ljenek. Ez olyasmi, amivel az ellenz\u00e9ki k\u00e9pvisel\u0151knek sok gondjuk van\" - mutatott r\u00e1 a Jog \u00e9s Igazs\u00e1goss\u00e1g politikusa, megjegyezve ugyanakkor, hogy a Szejm eln\u00f6ks\u00e9ge m\u00e9g nem hozott d\u00f6nt\u00e9st a parlament als\u00f3h\u00e1zi t\u00fcntet\u00e9s\u00e9t vezet\u0151 ellenz\u00e9ki k\u00e9pvisel\u0151k esetleges b\u00fcntet\u00e9s\u00e9r\u0151l.<\/p>\n<p>- \u00c9n magam m\u00e9g nem fejeztem be a k\u00e9pvisel\u0151k december 16-i viselked\u00e9s\u00e9nek elemz\u00e9s\u00e9t\" - ismerte el Kuchci\u0144ski h\u00e1zeln\u00f6k, mik\u00f6zben \u00fagy \u00e9rt\u00e9kelte, hogy az ellenz\u00e9ki politikusok a jelenlegi ciklusban t\u00f6bbsz\u00f6r is megszegt\u00e9k a szejm elj\u00e1r\u00e1si szab\u00e1lyzat\u00e1t. - Az ellenz\u00e9ki p\u00e1rtok k\u00e9pvisel\u0151i azonban ezt nem fogadj\u00e1k el. Olyan, mintha a forgalommal szemben vezetn\u00e9nek aut\u00f3t, \u00e9s k\u00e9s\u0151bb nehezm\u00e9nyezn\u00e9k, hogy a rend\u0151rs\u00e9g elkapta \u0151ket\" - mutatott r\u00e1.<\/p>\n<p><em>fot\u00f3: Rafa\u0142 Zambrzycki, KS<\/em><\/p>\n<p><a href=\"https:\/\/marekkuchcinski.pl\/wp-content\/uploads\/2017\/02\/unnamed-1-1.jpg\"><img fetchpriority=\"high\" decoding=\"async\" class=\"alignnone size-full wp-image-5370\" src=\"https:\/\/marekkuchcinski.pl\/wp-content\/uploads\/2017\/02\/unnamed-1-1.jpg\" alt=\"unnamed (1)\" width=\"898\" height=\"599\" srcset=\"https:\/\/marekkuchcinski.pl\/wp-content\/uploads\/2017\/02\/unnamed-1-1.jpg 898w, https:\/\/marekkuchcinski.pl\/wp-content\/uploads\/2017\/02\/unnamed-1-1-300x200.jpg 300w, https:\/\/marekkuchcinski.pl\/wp-content\/uploads\/2017\/02\/unnamed-1-1-768x512.jpg 768w\" sizes=\"(max-width: 898px) 100vw, 898px\" \/><\/a> <a href=\"https:\/\/marekkuchcinski.pl\/wp-content\/uploads\/2017\/02\/unnamed.jpg\"><img decoding=\"async\" class=\"alignnone size-full wp-image-5371\" src=\"https:\/\/marekkuchcinski.pl\/wp-content\/uploads\/2017\/02\/unnamed.jpg\" alt=\"unnamed\" width=\"898\" height=\"599\" srcset=\"https:\/\/marekkuchcinski.pl\/wp-content\/uploads\/2017\/02\/unnamed.jpg 898w, https:\/\/marekkuchcinski.pl\/wp-content\/uploads\/2017\/02\/unnamed-300x200.jpg 300w, https:\/\/marekkuchcinski.pl\/wp-content\/uploads\/2017\/02\/unnamed-768x512.jpg 768w\" sizes=\"(max-width: 898px) 100vw, 898px\" \/><\/a><\/p>\n<p>&nbsp;<\/p>","protected":false},"excerpt":{"rendered":"<p>\u2013 To by\u0142o niepotrzebne \u2013 tak o wniosku Platformy Obywatelskiej dotycz\u0105cym odwo\u0142ania marsza\u0142ka Sejmu i g\u0142osowaniu w tej kwestii m\u00f3wi\u0142 w Polskim Radiu 24 marsza\u0142ek Sejmu Marek Kuchci\u0144ski. Wniosek opozycji zosta\u0142 odrzucony g\u0142osami 241 pos\u0142\u00f3w, popar\u0142o go 174, a wstrzyma\u0142o si\u0119 24. W uzasadnieniu wniosku o odwo\u0142anie marsza\u0142ka Sejmu politycy Platformy Obywatelskiej stwierdzili, \u017ce prace [&hellip;]<\/p>\n","protected":false},"author":6,"featured_media":5370,"comment_status":"open","ping_status":"open","sticky":false,"template":"","format":"standard","meta":{"ngg_post_thumbnail":0,"footnotes":""},"categories":[81,3],"tags":[],"class_list":["post-5369","post","type-post","status-publish","format-standard","has-post-thumbnail","hentry","category-wiesci-z-sejmu","category-wydarzenia"],"_links":{"self":[{"href":"https:\/\/marekkuchcinski.pl\/hu\/wp-json\/wp\/v2\/posts\/5369","targetHints":{"allow":["GET"]}}],"collection":[{"href":"https:\/\/marekkuchcinski.pl\/hu\/wp-json\/wp\/v2\/posts"}],"about":[{"href":"https:\/\/marekkuchcinski.pl\/hu\/wp-json\/wp\/v2\/types\/post"}],"author":[{"embeddable":true,"href":"https:\/\/marekkuchcinski.pl\/hu\/wp-json\/wp\/v2\/users\/6"}],"replies":[{"embeddable":true,"href":"https:\/\/marekkuchcinski.pl\/hu\/wp-json\/wp\/v2\/comments?post=5369"}],"version-history":[{"count":1,"href":"https:\/\/marekkuchcinski.pl\/hu\/wp-json\/wp\/v2\/posts\/5369\/revisions"}],"predecessor-version":[{"id":5372,"href":"https:\/\/marekkuchcinski.pl\/hu\/wp-json\/wp\/v2\/posts\/5369\/revisions\/5372"}],"wp:featuredmedia":[{"embeddable":true,"href":"https:\/\/marekkuchcinski.pl\/hu\/wp-json\/wp\/v2\/media\/5370"}],"wp:attachment":[{"href":"https:\/\/marekkuchcinski.pl\/hu\/wp-json\/wp\/v2\/media?parent=5369"}],"wp:term":[{"taxonomy":"category","embeddable":true,"href":"https:\/\/marekkuchcinski.pl\/hu\/wp-json\/wp\/v2\/categories?post=5369"},{"taxonomy":"post_tag","embeddable":true,"href":"https:\/\/marekkuchcinski.pl\/hu\/wp-json\/wp\/v2\/tags?post=5369"}],"curies":[{"name":"wp","href":"https:\/\/api.w.org\/{rel}","templated":true}]}}