{"id":5348,"date":"2017-02-22T21:30:43","date_gmt":"2017-02-22T20:30:43","guid":{"rendered":"https:\/\/marekkuchcinski.pl\/?p=5348"},"modified":"2017-02-23T10:10:54","modified_gmt":"2017-02-23T09:10:54","slug":"sejm-odrzucil-wniosek-o-odwolanie-marka-kuchcinskiego-funkcji-marszalka-sejmu","status":"publish","type":"post","link":"https:\/\/marekkuchcinski.pl\/hu\/wydarzenia\/sejm-odrzucil-wniosek-o-odwolanie-marka-kuchcinskiego-funkcji-marszalka-sejmu\/","title":{"rendered":"A szejm elutas\u00edtotta a Marek Kuchci\u0144ski szejmeln\u00f6ki tiszts\u00e9gb\u0151l val\u00f3 felment\u00e9s\u00e9re ir\u00e1nyul\u00f3 ind\u00edtv\u00e1nyt"},"content":{"rendered":"<p>A Szejm 36. \u00fcl\u00e9se a Polg\u00e1ri Platform k\u00e9pvisel\u0151inek egy csoportja \u00e1ltal beny\u00fajtott, a Szejm eln\u00f6k\u00e9nek, Marek Kuchci\u0144skinak a tiszts\u00e9g\u00e9b\u0151l val\u00f3 felment\u00e9s\u00e9re ir\u00e1nyul\u00f3 ind\u00edtv\u00e1nyr\u00f3l sz\u00f3l\u00f3 vit\u00e1val \u00e9s szavaz\u00e1ssal kezd\u0151d\u00f6tt. Mivel a szavazatok nem kaptak abszol\u00fat t\u00f6bbs\u00e9get, a Szejm elutas\u00edtotta az ind\u00edtv\u00e1nyt.<\/p>\n<p>- Az ellenz\u00e9k megszegte az elj\u00e1r\u00e1si szab\u00e1lyokat, \u00e9s most ig\u00e9nyt tartanak a Szejm eln\u00f6k\u00e9re. Marek Kuchci\u0144ski azon dolgozik, hogy Lengyelorsz\u00e1gban felsz\u00e1molja a posztkommunizmusnak nevezett t\u00e1rsadalmi patol\u00f3gi\u00e1kat. Ez\u00e9rt lesz sz\u00e9p helye a lengyel t\u00f6rt\u00e9nelemben, \u00e9s ez\u00e9rt marad ma is a Szejm eln\u00f6ke\" - mondta Jaros\u0142aw Kaczy\u0144ski, a PiS eln\u00f6ke a Szejmben.<\/p>\n<p>Jelentette, hogy az ellenz\u00e9ki k\u00e9pvisel\u0151k, akik decemberben blokkolt\u00e1k a Szejm munk\u00e1j\u00e1t, t\u00fall\u00e9pt\u00e9k hat\u00e1sk\u00f6r\u00fcket, megs\u00e9rtett\u00e9k a parlament elj\u00e1r\u00e1si szab\u00e1lyzat\u00e1t, az alkotm\u00e1nyt \u00e9s a b\u00fcntet\u0151 t\u00f6rv\u00e9nyk\u00f6nyvet.<\/p>\n<p>- Amikor Samoobrona (\u00d6nv\u00e9delem) ilyen akci\u00f3kat v\u00e1llalt, nem volt k\u00e9ts\u00e9ges, hogy er\u0151t kell alkalmazni. Nem alkalmaztunk er\u0151szakot, b\u00e1r minden jogi felt\u00e9tel adott volt hozz\u00e1\" - mondta.<\/p>\n<p><em>Fot\u00f3: Krzysztof Bia\u0142osk\u00f3rski, KS<\/em><\/p>\n<p><a href=\"https:\/\/marekkuchcinski.pl\/wp-content\/uploads\/2017\/02\/1-KKB_0140-1.jpg\"><img fetchpriority=\"high\" decoding=\"async\" class=\"alignnone size-full wp-image-5350\" src=\"https:\/\/marekkuchcinski.pl\/wp-content\/uploads\/2017\/02\/1-KKB_0140-1.jpg\" alt=\"1-KKB_0140\" width=\"1976\" height=\"1318\" srcset=\"https:\/\/marekkuchcinski.pl\/wp-content\/uploads\/2017\/02\/1-KKB_0140-1.jpg 1976w, https:\/\/marekkuchcinski.pl\/wp-content\/uploads\/2017\/02\/1-KKB_0140-1-300x200.jpg 300w, https:\/\/marekkuchcinski.pl\/wp-content\/uploads\/2017\/02\/1-KKB_0140-1-768x512.jpg 768w, https:\/\/marekkuchcinski.pl\/wp-content\/uploads\/2017\/02\/1-KKB_0140-1-1024x683.jpg 1024w\" sizes=\"(max-width: 1976px) 100vw, 1976px\" \/><\/a><a href=\"https:\/\/marekkuchcinski.pl\/wp-content\/uploads\/2017\/02\/1-KKB_0702.jpg\"><img decoding=\"async\" class=\"alignnone size-full wp-image-5351\" src=\"https:\/\/marekkuchcinski.pl\/wp-content\/uploads\/2017\/02\/1-KKB_0702.jpg\" alt=\"1-KKB_0702\" width=\"1829\" height=\"1222\" srcset=\"https:\/\/marekkuchcinski.pl\/wp-content\/uploads\/2017\/02\/1-KKB_0702.jpg 1829w, https:\/\/marekkuchcinski.pl\/wp-content\/uploads\/2017\/02\/1-KKB_0702-300x200.jpg 300w, https:\/\/marekkuchcinski.pl\/wp-content\/uploads\/2017\/02\/1-KKB_0702-768x513.jpg 768w, https:\/\/marekkuchcinski.pl\/wp-content\/uploads\/2017\/02\/1-KKB_0702-1024x684.jpg 1024w\" sizes=\"(max-width: 1829px) 100vw, 1829px\" \/><\/a><a href=\"https:\/\/marekkuchcinski.pl\/wp-content\/uploads\/2017\/02\/1-KKB_1382.jpg\"><img decoding=\"async\" class=\"alignnone size-full wp-image-5352\" src=\"https:\/\/marekkuchcinski.pl\/wp-content\/uploads\/2017\/02\/1-KKB_1382.jpg\" alt=\"1-KKB_1382\" width=\"1674\" height=\"1119\" srcset=\"https:\/\/marekkuchcinski.pl\/wp-content\/uploads\/2017\/02\/1-KKB_1382.jpg 1674w, https:\/\/marekkuchcinski.pl\/wp-content\/uploads\/2017\/02\/1-KKB_1382-300x201.jpg 300w, https:\/\/marekkuchcinski.pl\/wp-content\/uploads\/2017\/02\/1-KKB_1382-768x513.jpg 768w, https:\/\/marekkuchcinski.pl\/wp-content\/uploads\/2017\/02\/1-KKB_1382-1024x685.jpg 1024w\" sizes=\"(max-width: 1674px) 100vw, 1674px\" \/><\/a><a href=\"https:\/\/marekkuchcinski.pl\/wp-content\/uploads\/2017\/02\/1-KKB_1773.jpg\"><img loading=\"lazy\" decoding=\"async\" class=\"alignnone size-full wp-image-5353\" src=\"https:\/\/marekkuchcinski.pl\/wp-content\/uploads\/2017\/02\/1-KKB_1773.jpg\" alt=\"1-KKB_1773\" width=\"2268\" height=\"1318\" srcset=\"https:\/\/marekkuchcinski.pl\/wp-content\/uploads\/2017\/02\/1-KKB_1773.jpg 2048w, https:\/\/marekkuchcinski.pl\/wp-content\/uploads\/2017\/02\/1-KKB_1773-300x174.jpg 300w, https:\/\/marekkuchcinski.pl\/wp-content\/uploads\/2017\/02\/1-KKB_1773-768x446.jpg 768w, https:\/\/marekkuchcinski.pl\/wp-content\/uploads\/2017\/02\/1-KKB_1773-1024x595.jpg 1024w\" sizes=\"(max-width: 2268px) 100vw, 2268px\" \/><\/a><a href=\"https:\/\/marekkuchcinski.pl\/wp-content\/uploads\/2017\/02\/1-KKB_1801.jpg\"><img loading=\"lazy\" decoding=\"async\" class=\"alignnone size-full wp-image-5354\" src=\"https:\/\/marekkuchcinski.pl\/wp-content\/uploads\/2017\/02\/1-KKB_1801.jpg\" alt=\"1-KKB_1801\" width=\"1302\" height=\"868\" srcset=\"https:\/\/marekkuchcinski.pl\/wp-content\/uploads\/2017\/02\/1-KKB_1801.jpg 1302w, https:\/\/marekkuchcinski.pl\/wp-content\/uploads\/2017\/02\/1-KKB_1801-300x200.jpg 300w, https:\/\/marekkuchcinski.pl\/wp-content\/uploads\/2017\/02\/1-KKB_1801-768x512.jpg 768w, https:\/\/marekkuchcinski.pl\/wp-content\/uploads\/2017\/02\/1-KKB_1801-1024x683.jpg 1024w\" sizes=\"(max-width: 1302px) 100vw, 1302px\" \/><\/a><a href=\"https:\/\/marekkuchcinski.pl\/wp-content\/uploads\/2017\/02\/1-KKB_1817.jpg\"><img loading=\"lazy\" decoding=\"async\" class=\"alignnone size-full wp-image-5355\" src=\"https:\/\/marekkuchcinski.pl\/wp-content\/uploads\/2017\/02\/1-KKB_1817.jpg\" alt=\"1-KKB_1817\" width=\"2334\" height=\"1558\" srcset=\"https:\/\/marekkuchcinski.pl\/wp-content\/uploads\/2017\/02\/1-KKB_1817.jpg 2048w, https:\/\/marekkuchcinski.pl\/wp-content\/uploads\/2017\/02\/1-KKB_1817-300x200.jpg 300w, https:\/\/marekkuchcinski.pl\/wp-content\/uploads\/2017\/02\/1-KKB_1817-768x513.jpg 768w, https:\/\/marekkuchcinski.pl\/wp-content\/uploads\/2017\/02\/1-KKB_1817-1024x684.jpg 1024w\" sizes=\"(max-width: 2334px) 100vw, 2334px\" \/><\/a><\/p>\n<p><a href=\"https:\/\/marekkuchcinski.pl\/wp-content\/uploads\/2017\/02\/glosy.png\"><img loading=\"lazy\" decoding=\"async\" class=\"alignnone size-full wp-image-5365\" src=\"https:\/\/marekkuchcinski.pl\/wp-content\/uploads\/2017\/02\/glosy.png\" alt=\"glosy\" width=\"1200\" height=\"675\" srcset=\"https:\/\/marekkuchcinski.pl\/wp-content\/uploads\/2017\/02\/glosy.png 1200w, https:\/\/marekkuchcinski.pl\/wp-content\/uploads\/2017\/02\/glosy-300x169.png 300w, https:\/\/marekkuchcinski.pl\/wp-content\/uploads\/2017\/02\/glosy-768x432.png 768w, https:\/\/marekkuchcinski.pl\/wp-content\/uploads\/2017\/02\/glosy-1024x576.png 1024w\" sizes=\"(max-width: 1200px) 100vw, 1200px\" \/><\/a><\/p>","protected":false},"excerpt":{"rendered":"<p>36. posiedzenie Sejmu rozpocz\u0119\u0142o si\u0119 od dyskusji i g\u0142osowania nad wnioskiem grupy pos\u0142\u00f3w KP Platforma Obywatelska o odwo\u0142anie marsza\u0142ka Sejmu Marka Kuchci\u0144skiego z zajmowanej przez niego funkcji. Wobec nieuzyskania bezwzgl\u0119dnej wi\u0119kszo\u015bci g\u0142os\u00f3w Sejm wniosek ten odrzuci\u0142. \u2013 Opozycja \u0142ama\u0142a regulamin, a teraz zg\u0142asza pretensje do marsza\u0142ka Sejmu. Marek Kuchci\u0144ski pracuje nad likwidacj\u0105 w Polsce zespo\u0142u [&hellip;]<\/p>\n","protected":false},"author":6,"featured_media":5350,"comment_status":"open","ping_status":"open","sticky":false,"template":"","format":"standard","meta":{"ngg_post_thumbnail":0,"footnotes":""},"categories":[81,3],"tags":[],"class_list":["post-5348","post","type-post","status-publish","format-standard","has-post-thumbnail","hentry","category-wiesci-z-sejmu","category-wydarzenia"],"_links":{"self":[{"href":"https:\/\/marekkuchcinski.pl\/hu\/wp-json\/wp\/v2\/posts\/5348","targetHints":{"allow":["GET"]}}],"collection":[{"href":"https:\/\/marekkuchcinski.pl\/hu\/wp-json\/wp\/v2\/posts"}],"about":[{"href":"https:\/\/marekkuchcinski.pl\/hu\/wp-json\/wp\/v2\/types\/post"}],"author":[{"embeddable":true,"href":"https:\/\/marekkuchcinski.pl\/hu\/wp-json\/wp\/v2\/users\/6"}],"replies":[{"embeddable":true,"href":"https:\/\/marekkuchcinski.pl\/hu\/wp-json\/wp\/v2\/comments?post=5348"}],"version-history":[{"count":4,"href":"https:\/\/marekkuchcinski.pl\/hu\/wp-json\/wp\/v2\/posts\/5348\/revisions"}],"predecessor-version":[{"id":5366,"href":"https:\/\/marekkuchcinski.pl\/hu\/wp-json\/wp\/v2\/posts\/5348\/revisions\/5366"}],"wp:featuredmedia":[{"embeddable":true,"href":"https:\/\/marekkuchcinski.pl\/hu\/wp-json\/wp\/v2\/media\/5350"}],"wp:attachment":[{"href":"https:\/\/marekkuchcinski.pl\/hu\/wp-json\/wp\/v2\/media?parent=5348"}],"wp:term":[{"taxonomy":"category","embeddable":true,"href":"https:\/\/marekkuchcinski.pl\/hu\/wp-json\/wp\/v2\/categories?post=5348"},{"taxonomy":"post_tag","embeddable":true,"href":"https:\/\/marekkuchcinski.pl\/hu\/wp-json\/wp\/v2\/tags?post=5348"}],"curies":[{"name":"wp","href":"https:\/\/api.w.org\/{rel}","templated":true}]}}