{"id":5325,"date":"2017-02-14T09:07:49","date_gmt":"2017-02-14T08:07:49","guid":{"rendered":"https:\/\/marekkuchcinski.pl\/?p=5325"},"modified":"2017-02-27T13:45:48","modified_gmt":"2017-02-27T12:45:48","slug":"75-temu-powstala-armia-krajowa","status":"publish","type":"post","link":"https:\/\/marekkuchcinski.pl\/hu\/wazne-daty\/75-temu-powstala-armia-krajowa\/","title":{"rendered":"75 \u00e9vvel ezel\u0151tt alap\u00edtott\u00e1k a Honi Hadsereget"},"content":{"rendered":"<p>&nbsp;<\/p>\n<p><strong>A lengyel parlament hat\u00e1rozatot fogadott el a honv\u00e9ds\u00e9g tisztelet\u00e9re:<\/strong><\/p>\n<p>Hetven\u00f6t \u00e9vvel ezel\u0151tt, 1942. febru\u00e1r 14-\u00e9n W\u0142adys\u0142aw Sikorski t\u00e1bornok, a lengyel fegyveres er\u0151k f\u0151parancsnoka parancs\u00e1ra a megsz\u00e1llt Lengyelorsz\u00e1gban m\u0171k\u00f6d\u0151 Fegyveres Harcok Sz\u00f6vets\u00e9ge (ZWZ) \u00e1talakult a Honi Hadseregg\u00e9 (AK), amelynek tev\u00e9kenys\u00e9ge Lengyelorsz\u00e1g t\u00f6rt\u00e9nelm\u00e9nek egyik legdics\u0151s\u00e9gesebb lapja, \u00e9s amely nagyban hozz\u00e1j\u00e1rult Eur\u00f3pa szabads\u00e1gharc\u00e1hoz.<\/p>\n<p>A Honi Hadsereg volt a legjobban szervezett \u00e9s legnagyobb f\u00f6ldalatti hadsereg a megsz\u00e1llt Eur\u00f3p\u00e1ban. T\u00f6bb mint k\u00e9tsz\u00e1z szervezetb\u0151l \u00e1llt. T\u00f6bb sz\u00e1zezer katona, akik a v\u00e1rosi \u00f6sszeesk\u00fcv\u00e9s \u00e9s a partiz\u00e1ns\u00e1g k\u00f6r\u00fclm\u00e9nyei k\u00f6z\u00f6tt szerezt\u00e9k harci tapasztalataikat, ny\u00edlt harcban sz\u00e1llt szembe a regul\u00e1ris hadsereggel: el\u0151sz\u00f6r a Vihar hadm\u0171velet sor\u00e1n - a n\u00e9metek elleni hadm\u0171velet, amelyet a V\u00f6r\u00f6s Hadsereg els\u0151 csapatainak a M\u00e1sodik Lengyel K\u00f6zt\u00e1rsas\u00e1g ter\u00fclet\u00e9re val\u00f3 bevonul\u00e1sakor ind\u00edtottak -, majd a vars\u00f3i felkel\u00e9s sor\u00e1n - a megsz\u00e1llt Eur\u00f3pa legnagyobb \u00e9s leghosszabb l\u00e1zad\u00f3i csat\u00e1ja, amely a k\u00f6vetkez\u0151 f\u00e9l \u00e9vsz\u00e1zadra megihlette a szabad lengyelek gondolatait \u00e9s \u00e1lmait.<\/p>\n<p>A m\u00e1sodik vil\u00e1gh\u00e1bor\u00fa befejez\u00e9se ut\u00e1n a Lengyel N\u00e9pk\u00f6zt\u00e1rsas\u00e1g hat\u00f3s\u00e1gai \u00fcld\u00f6zt\u00e9k \u00e9s zaklatt\u00e1k a Honi Hadsereg katon\u00e1it, akiket sok\u00e9ves b\u00f6rt\u00f6nb\u00fcntet\u00e9sre, s\u0151t hal\u00e1lra \u00edt\u00e9ltek.<br \/>\nA megsz\u00e1ll\u00f3 er\u0151k elleni t\u00f6bb\u00e9ves fegyveres harc ut\u00e1n elj\u00f6tt az igazs\u00e1g\u00e9rt \u00e9s az eml\u00e9kezet\u00e9rt folytatott k\u00fczdelem ideje is. Nagy elsz\u00e1nts\u00e1guk \u00e9s a gy\u0151zelembe vetett hit\u00fck, amely a harct\u00e9ren felb\u00e1tor\u00edtotta \u0151ket, lehet\u0151v\u00e9 tette, hogy meg\u0151rizz\u00e9k az igazs\u00e1got Lengyelorsz\u00e1gr\u00f3l a m\u00e1sodik vil\u00e1gh\u00e1bor\u00fa alatt, \u00e9s ne semmis\u00edts\u00e9k meg a meg\u00f6lt, meggyilkolt \u00e9s haz\u00e1jukb\u00f3l el\u0171z\u00f6tt harcost\u00e1rsaik eml\u00e9k\u00e9t.<\/p>\n<p>Ma a Honi Hadsereg nemcsak a szabad \u00e9s f\u00fcggetlen k\u00f6zt\u00e1rsas\u00e1g\u00e9rt folytatott harc szimb\u00f3luma, hanem a legmagasabb \u00e9rt\u00e9kek, mint p\u00e9ld\u00e1ul a b\u00e1tors\u00e1g, a hazaszeretet \u00e9s a Lengyelorsz\u00e1g jav\u00e1ra val\u00f3 \u00e1ldozatk\u00e9szs\u00e9g szimb\u00f3luma is.<\/p>\n<p>A Lengyel K\u00f6zt\u00e1rsas\u00e1g Szejmje tisztelettel ad\u00f3zik a Honi Hadsereg valamennyi katon\u00e1ja el\u0151tt, \u00e9s meggy\u0151z\u0151d\u00e9s\u00e9t fejezi ki, hogy magatart\u00e1suk erk\u00f6lcsi \u00fatjelz\u0151 lesz a lengyelek egym\u00e1st k\u00f6vet\u0151 nemzed\u00e9kei sz\u00e1m\u00e1ra, felszabad\u00edtva a nemzeti b\u00fcszkes\u00e9g \u00e9rz\u00e9s\u00e9t \u00e9s k\u00f6t\u0151d\u00e9st teremtve a haz\u00e1hoz.<\/p>\n<p>&nbsp;<\/p>\n<p><em>KPRM film: https:\/\/www.facebook.com\/kancelaria.premiera\/?hc_ref=NEWSFEED<\/em><\/p>","protected":false},"excerpt":{"rendered":"<p>&nbsp; Oddaj\u0105c cze\u015b\u0107 Armii Krajowej, Sejm RP podj\u0105\u0142 uchwa\u0142\u0119: Siedemdziesi\u0105t pi\u0119\u0107 lat temu, 14 lutego 1942 r., z rozkazu Naczelnego Wodza Polskich Si\u0142 Zbrojnych gen. W\u0142adys\u0142awa Sikorskiego dzia\u0142aj\u0105cy w okupowanej Polsce konspiracyjny Zwi\u0105zek Walki Zbrojnej\u00a0 zosta\u0142 przekszta\u0142cony w Armi\u0119 Krajow\u0105, kt\u00f3rej dzia\u0142alno\u015b\u0107 jest jedn\u0105 z najbardziej chlubnych kart w historii Polski i kt\u00f3ra wnios\u0142a ogromny [&hellip;]<\/p>","protected":false},"author":6,"featured_media":5328,"comment_status":"open","ping_status":"open","sticky":false,"template":"","format":"standard","meta":{"ngg_post_thumbnail":0,"footnotes":""},"categories":[48,77],"tags":[],"class_list":["post-5325","post","type-post","status-publish","format-standard","has-post-thumbnail","hentry","category-multimedia","category-wazne-daty"],"yoast_head":"<!-- This site is optimized with the Yoast SEO plugin v24.7 - https:\/\/yoast.com\/wordpress\/plugins\/seo\/ -->\n<title>75 lat temu powsta\u0142a Armia Krajowa &#8211; Marek Kuchci\u0144ski<\/title>\n<meta name=\"robots\" content=\"index, follow, max-snippet:-1, max-image-preview:large, max-video-preview:-1\" \/>\n<link rel=\"canonical\" href=\"https:\/\/marekkuchcinski.pl\/hu\/wazne-daty\/75-temu-powstala-armia-krajowa\/\" \/>\n<meta property=\"og:locale\" content=\"hu_HU\" \/>\n<meta property=\"og:type\" content=\"article\" \/>\n<meta property=\"og:title\" content=\"75 lat temu powsta\u0142a Armia Krajowa &#8211; Marek Kuchci\u0144ski\" \/>\n<meta property=\"og:description\" content=\"&nbsp; Oddaj\u0105c cze\u015b\u0107 Armii Krajowej, Sejm RP podj\u0105\u0142 uchwa\u0142\u0119: Siedemdziesi\u0105t pi\u0119\u0107 lat temu, 14 lutego 1942 r., z rozkazu Naczelnego Wodza Polskich Si\u0142 Zbrojnych gen. W\u0142adys\u0142awa Sikorskiego dzia\u0142aj\u0105cy w okupowanej Polsce konspiracyjny Zwi\u0105zek Walki Zbrojnej\u00a0 zosta\u0142 przekszta\u0142cony w Armi\u0119 Krajow\u0105, kt\u00f3rej dzia\u0142alno\u015b\u0107 jest jedn\u0105 z najbardziej chlubnych kart w historii Polski i kt\u00f3ra wnios\u0142a ogromny [&hellip;]\" \/>\n<meta property=\"og:url\" content=\"https:\/\/marekkuchcinski.pl\/hu\/wazne-daty\/75-temu-powstala-armia-krajowa\/\" \/>\n<meta property=\"og:site_name\" content=\"Marek Kuchci\u0144ski\" \/>\n<meta property=\"article:published_time\" content=\"2017-02-14T08:07:49+00:00\" \/>\n<meta property=\"article:modified_time\" content=\"2017-02-27T12:45:48+00:00\" \/>\n<meta property=\"og:image\" content=\"https:\/\/marekkuchcinski.pl\/wp-content\/uploads\/2017\/02\/pw.jpg\" \/>\n\t<meta property=\"og:image:width\" content=\"960\" \/>\n\t<meta property=\"og:image:height\" content=\"639\" \/>\n\t<meta property=\"og:image:type\" content=\"image\/jpeg\" \/>\n<meta name=\"author\" content=\"admin\" \/>\n<meta name=\"twitter:card\" content=\"summary_large_image\" \/>\n<meta name=\"twitter:label1\" content=\"Szerz\u0151:\" \/>\n\t<meta name=\"twitter:data1\" content=\"admin\" \/>\n\t<meta name=\"twitter:label2\" content=\"Becs\u00fclt olvas\u00e1si id\u0151\" \/>\n\t<meta name=\"twitter:data2\" content=\"2 perc\" \/>\n<script type=\"application\/ld+json\" class=\"yoast-schema-graph\">{\"@context\":\"https:\/\/schema.org\",\"@graph\":[{\"@type\":\"Article\",\"@id\":\"https:\/\/marekkuchcinski.pl\/cs\/wazne-daty\/75-temu-powstala-armia-krajowa\/#article\",\"isPartOf\":{\"@id\":\"https:\/\/marekkuchcinski.pl\/cs\/wazne-daty\/75-temu-powstala-armia-krajowa\/\"},\"author\":{\"name\":\"admin\",\"@id\":\"https:\/\/marekkuchcinski.pl\/#\/schema\/person\/6f62700996b4d950b6ea2d1183b6c6be\"},\"headline\":\"75 lat temu powsta\u0142a Armia Krajowa\",\"datePublished\":\"2017-02-14T08:07:49+00:00\",\"dateModified\":\"2017-02-27T12:45:48+00:00\",\"mainEntityOfPage\":{\"@id\":\"https:\/\/marekkuchcinski.pl\/cs\/wazne-daty\/75-temu-powstala-armia-krajowa\/\"},\"wordCount\":354,\"commentCount\":0,\"publisher\":{\"@id\":\"https:\/\/marekkuchcinski.pl\/#organization\"},\"image\":{\"@id\":\"https:\/\/marekkuchcinski.pl\/cs\/wazne-daty\/75-temu-powstala-armia-krajowa\/#primaryimage\"},\"thumbnailUrl\":\"https:\/\/marekkuchcinski.pl\/wp-content\/uploads\/2017\/02\/pw.jpg\",\"articleSection\":[\"Multimedia\",\"Wa\u017cne daty\"],\"inLanguage\":\"hu\",\"potentialAction\":[{\"@type\":\"CommentAction\",\"name\":\"Comment\",\"target\":[\"https:\/\/marekkuchcinski.pl\/cs\/wazne-daty\/75-temu-powstala-armia-krajowa\/#respond\"]}]},{\"@type\":\"WebPage\",\"@id\":\"https:\/\/marekkuchcinski.pl\/cs\/wazne-daty\/75-temu-powstala-armia-krajowa\/\",\"url\":\"https:\/\/marekkuchcinski.pl\/cs\/wazne-daty\/75-temu-powstala-armia-krajowa\/\",\"name\":\"75 lat temu powsta\u0142a Armia Krajowa &#8211; Marek Kuchci\u0144ski\",\"isPartOf\":{\"@id\":\"https:\/\/marekkuchcinski.pl\/#website\"},\"primaryImageOfPage\":{\"@id\":\"https:\/\/marekkuchcinski.pl\/cs\/wazne-daty\/75-temu-powstala-armia-krajowa\/#primaryimage\"},\"image\":{\"@id\":\"https:\/\/marekkuchcinski.pl\/cs\/wazne-daty\/75-temu-powstala-armia-krajowa\/#primaryimage\"},\"thumbnailUrl\":\"https:\/\/marekkuchcinski.pl\/wp-content\/uploads\/2017\/02\/pw.jpg\",\"datePublished\":\"2017-02-14T08:07:49+00:00\",\"dateModified\":\"2017-02-27T12:45:48+00:00\",\"breadcrumb\":{\"@id\":\"https:\/\/marekkuchcinski.pl\/cs\/wazne-daty\/75-temu-powstala-armia-krajowa\/#breadcrumb\"},\"inLanguage\":\"hu\",\"potentialAction\":[{\"@type\":\"ReadAction\",\"target\":[\"https:\/\/marekkuchcinski.pl\/cs\/wazne-daty\/75-temu-powstala-armia-krajowa\/\"]}]},{\"@type\":\"ImageObject\",\"inLanguage\":\"hu\",\"@id\":\"https:\/\/marekkuchcinski.pl\/cs\/wazne-daty\/75-temu-powstala-armia-krajowa\/#primaryimage\",\"url\":\"https:\/\/marekkuchcinski.pl\/wp-content\/uploads\/2017\/02\/pw.jpg\",\"contentUrl\":\"https:\/\/marekkuchcinski.pl\/wp-content\/uploads\/2017\/02\/pw.jpg\",\"width\":960,\"height\":639},{\"@type\":\"BreadcrumbList\",\"@id\":\"https:\/\/marekkuchcinski.pl\/cs\/wazne-daty\/75-temu-powstala-armia-krajowa\/#breadcrumb\",\"itemListElement\":[{\"@type\":\"ListItem\",\"position\":1,\"name\":\"Strona g\u0142\u00f3wna\",\"item\":\"https:\/\/marekkuchcinski.pl\/\"},{\"@type\":\"ListItem\",\"position\":2,\"name\":\"75 lat temu powsta\u0142a Armia Krajowa\"}]},{\"@type\":\"WebSite\",\"@id\":\"https:\/\/marekkuchcinski.pl\/#website\",\"url\":\"https:\/\/marekkuchcinski.pl\/\",\"name\":\"Marek Kuchci\u0144ski\",\"description\":\"Pose\u0142 na sejm RP &ndash; okr\u0119g nr 22\",\"publisher\":{\"@id\":\"https:\/\/marekkuchcinski.pl\/#organization\"},\"potentialAction\":[{\"@type\":\"SearchAction\",\"target\":{\"@type\":\"EntryPoint\",\"urlTemplate\":\"https:\/\/marekkuchcinski.pl\/?s={search_term_string}\"},\"query-input\":{\"@type\":\"PropertyValueSpecification\",\"valueRequired\":true,\"valueName\":\"search_term_string\"}}],\"inLanguage\":\"hu\"},{\"@type\":\"Organization\",\"@id\":\"https:\/\/marekkuchcinski.pl\/#organization\",\"name\":\"Marek Kuchci\u0144ski\",\"url\":\"https:\/\/marekkuchcinski.pl\/\",\"logo\":{\"@type\":\"ImageObject\",\"inLanguage\":\"hu\",\"@id\":\"https:\/\/marekkuchcinski.pl\/#\/schema\/logo\/image\/\",\"url\":\"https:\/\/marekkuchcinski.pl\/wp-content\/uploads\/2022\/09\/Marek.jpg\",\"contentUrl\":\"https:\/\/marekkuchcinski.pl\/wp-content\/uploads\/2022\/09\/Marek.jpg\",\"width\":1600,\"height\":971,\"caption\":\"Marek Kuchci\u0144ski\"},\"image\":{\"@id\":\"https:\/\/marekkuchcinski.pl\/#\/schema\/logo\/image\/\"}},{\"@type\":\"Person\",\"@id\":\"https:\/\/marekkuchcinski.pl\/#\/schema\/person\/6f62700996b4d950b6ea2d1183b6c6be\",\"name\":\"admin\",\"image\":{\"@type\":\"ImageObject\",\"inLanguage\":\"hu\",\"@id\":\"https:\/\/marekkuchcinski.pl\/#\/schema\/person\/image\/\",\"url\":\"https:\/\/secure.gravatar.com\/avatar\/4bab693b9d55c3d6b52c0296a8765085?s=96&d=mm&r=g\",\"contentUrl\":\"https:\/\/secure.gravatar.com\/avatar\/4bab693b9d55c3d6b52c0296a8765085?s=96&d=mm&r=g\",\"caption\":\"admin\"},\"url\":\"https:\/\/marekkuchcinski.pl\/hu\/author\/marta-olejnik\/\"}]}<\/script>\n<!-- \/ Yoast SEO plugin. -->","yoast_head_json":{"title":"75 lat temu powsta\u0142a Armia Krajowa &#8211; Marek Kuchci\u0144ski","robots":{"index":"index","follow":"follow","max-snippet":"max-snippet:-1","max-image-preview":"max-image-preview:large","max-video-preview":"max-video-preview:-1"},"canonical":"https:\/\/marekkuchcinski.pl\/hu\/wazne-daty\/75-temu-powstala-armia-krajowa\/","og_locale":"hu_HU","og_type":"article","og_title":"75 lat temu powsta\u0142a Armia Krajowa &#8211; Marek Kuchci\u0144ski","og_description":"&nbsp; Oddaj\u0105c cze\u015b\u0107 Armii Krajowej, Sejm RP podj\u0105\u0142 uchwa\u0142\u0119: Siedemdziesi\u0105t pi\u0119\u0107 lat temu, 14 lutego 1942 r., z rozkazu Naczelnego Wodza Polskich Si\u0142 Zbrojnych gen. W\u0142adys\u0142awa Sikorskiego dzia\u0142aj\u0105cy w okupowanej Polsce konspiracyjny Zwi\u0105zek Walki Zbrojnej\u00a0 zosta\u0142 przekszta\u0142cony w Armi\u0119 Krajow\u0105, kt\u00f3rej dzia\u0142alno\u015b\u0107 jest jedn\u0105 z najbardziej chlubnych kart w historii Polski i kt\u00f3ra wnios\u0142a ogromny [&hellip;]","og_url":"https:\/\/marekkuchcinski.pl\/hu\/wazne-daty\/75-temu-powstala-armia-krajowa\/","og_site_name":"Marek Kuchci\u0144ski","article_published_time":"2017-02-14T08:07:49+00:00","article_modified_time":"2017-02-27T12:45:48+00:00","og_image":[{"width":960,"height":639,"url":"https:\/\/marekkuchcinski.pl\/wp-content\/uploads\/2017\/02\/pw.jpg","type":"image\/jpeg"}],"author":"admin","twitter_card":"summary_large_image","twitter_misc":{"Szerz\u0151:":"admin","Becs\u00fclt olvas\u00e1si id\u0151":"2 perc"},"schema":{"@context":"https:\/\/schema.org","@graph":[{"@type":"Article","@id":"https:\/\/marekkuchcinski.pl\/cs\/wazne-daty\/75-temu-powstala-armia-krajowa\/#article","isPartOf":{"@id":"https:\/\/marekkuchcinski.pl\/cs\/wazne-daty\/75-temu-powstala-armia-krajowa\/"},"author":{"name":"admin","@id":"https:\/\/marekkuchcinski.pl\/#\/schema\/person\/6f62700996b4d950b6ea2d1183b6c6be"},"headline":"75 lat temu powsta\u0142a Armia Krajowa","datePublished":"2017-02-14T08:07:49+00:00","dateModified":"2017-02-27T12:45:48+00:00","mainEntityOfPage":{"@id":"https:\/\/marekkuchcinski.pl\/cs\/wazne-daty\/75-temu-powstala-armia-krajowa\/"},"wordCount":354,"commentCount":0,"publisher":{"@id":"https:\/\/marekkuchcinski.pl\/#organization"},"image":{"@id":"https:\/\/marekkuchcinski.pl\/cs\/wazne-daty\/75-temu-powstala-armia-krajowa\/#primaryimage"},"thumbnailUrl":"https:\/\/marekkuchcinski.pl\/wp-content\/uploads\/2017\/02\/pw.jpg","articleSection":["Multimedia","Wa\u017cne daty"],"inLanguage":"hu","potentialAction":[{"@type":"CommentAction","name":"Comment","target":["https:\/\/marekkuchcinski.pl\/cs\/wazne-daty\/75-temu-powstala-armia-krajowa\/#respond"]}]},{"@type":"WebPage","@id":"https:\/\/marekkuchcinski.pl\/cs\/wazne-daty\/75-temu-powstala-armia-krajowa\/","url":"https:\/\/marekkuchcinski.pl\/cs\/wazne-daty\/75-temu-powstala-armia-krajowa\/","name":"75 lat temu powsta\u0142a Armia Krajowa &#8211; Marek Kuchci\u0144ski","isPartOf":{"@id":"https:\/\/marekkuchcinski.pl\/#website"},"primaryImageOfPage":{"@id":"https:\/\/marekkuchcinski.pl\/cs\/wazne-daty\/75-temu-powstala-armia-krajowa\/#primaryimage"},"image":{"@id":"https:\/\/marekkuchcinski.pl\/cs\/wazne-daty\/75-temu-powstala-armia-krajowa\/#primaryimage"},"thumbnailUrl":"https:\/\/marekkuchcinski.pl\/wp-content\/uploads\/2017\/02\/pw.jpg","datePublished":"2017-02-14T08:07:49+00:00","dateModified":"2017-02-27T12:45:48+00:00","breadcrumb":{"@id":"https:\/\/marekkuchcinski.pl\/cs\/wazne-daty\/75-temu-powstala-armia-krajowa\/#breadcrumb"},"inLanguage":"hu","potentialAction":[{"@type":"ReadAction","target":["https:\/\/marekkuchcinski.pl\/cs\/wazne-daty\/75-temu-powstala-armia-krajowa\/"]}]},{"@type":"ImageObject","inLanguage":"hu","@id":"https:\/\/marekkuchcinski.pl\/cs\/wazne-daty\/75-temu-powstala-armia-krajowa\/#primaryimage","url":"https:\/\/marekkuchcinski.pl\/wp-content\/uploads\/2017\/02\/pw.jpg","contentUrl":"https:\/\/marekkuchcinski.pl\/wp-content\/uploads\/2017\/02\/pw.jpg","width":960,"height":639},{"@type":"BreadcrumbList","@id":"https:\/\/marekkuchcinski.pl\/cs\/wazne-daty\/75-temu-powstala-armia-krajowa\/#breadcrumb","itemListElement":[{"@type":"ListItem","position":1,"name":"Strona g\u0142\u00f3wna","item":"https:\/\/marekkuchcinski.pl\/"},{"@type":"ListItem","position":2,"name":"75 lat temu powsta\u0142a Armia Krajowa"}]},{"@type":"WebSite","@id":"https:\/\/marekkuchcinski.pl\/#website","url":"https:\/\/marekkuchcinski.pl\/","name":"Marek Kuchci\u0144ski","description":"Pose\u0142 na sejm RP &ndash; okr\u0119g nr 22","publisher":{"@id":"https:\/\/marekkuchcinski.pl\/#organization"},"potentialAction":[{"@type":"SearchAction","target":{"@type":"EntryPoint","urlTemplate":"https:\/\/marekkuchcinski.pl\/?s={search_term_string}"},"query-input":{"@type":"PropertyValueSpecification","valueRequired":true,"valueName":"search_term_string"}}],"inLanguage":"hu"},{"@type":"Organization","@id":"https:\/\/marekkuchcinski.pl\/#organization","name":"Marek Kuchci\u0144ski","url":"https:\/\/marekkuchcinski.pl\/","logo":{"@type":"ImageObject","inLanguage":"hu","@id":"https:\/\/marekkuchcinski.pl\/#\/schema\/logo\/image\/","url":"https:\/\/marekkuchcinski.pl\/wp-content\/uploads\/2022\/09\/Marek.jpg","contentUrl":"https:\/\/marekkuchcinski.pl\/wp-content\/uploads\/2022\/09\/Marek.jpg","width":1600,"height":971,"caption":"Marek Kuchci\u0144ski"},"image":{"@id":"https:\/\/marekkuchcinski.pl\/#\/schema\/logo\/image\/"}},{"@type":"Person","@id":"https:\/\/marekkuchcinski.pl\/#\/schema\/person\/6f62700996b4d950b6ea2d1183b6c6be","name":"admin","image":{"@type":"ImageObject","inLanguage":"hu","@id":"https:\/\/marekkuchcinski.pl\/#\/schema\/person\/image\/","url":"https:\/\/secure.gravatar.com\/avatar\/4bab693b9d55c3d6b52c0296a8765085?s=96&d=mm&r=g","contentUrl":"https:\/\/secure.gravatar.com\/avatar\/4bab693b9d55c3d6b52c0296a8765085?s=96&d=mm&r=g","caption":"admin"},"url":"https:\/\/marekkuchcinski.pl\/hu\/author\/marta-olejnik\/"}]}},"_links":{"self":[{"href":"https:\/\/marekkuchcinski.pl\/hu\/wp-json\/wp\/v2\/posts\/5325","targetHints":{"allow":["GET"]}}],"collection":[{"href":"https:\/\/marekkuchcinski.pl\/hu\/wp-json\/wp\/v2\/posts"}],"about":[{"href":"https:\/\/marekkuchcinski.pl\/hu\/wp-json\/wp\/v2\/types\/post"}],"author":[{"embeddable":true,"href":"https:\/\/marekkuchcinski.pl\/hu\/wp-json\/wp\/v2\/users\/6"}],"replies":[{"embeddable":true,"href":"https:\/\/marekkuchcinski.pl\/hu\/wp-json\/wp\/v2\/comments?post=5325"}],"version-history":[{"count":1,"href":"https:\/\/marekkuchcinski.pl\/hu\/wp-json\/wp\/v2\/posts\/5325\/revisions"}],"predecessor-version":[{"id":5326,"href":"https:\/\/marekkuchcinski.pl\/hu\/wp-json\/wp\/v2\/posts\/5325\/revisions\/5326"}],"wp:featuredmedia":[{"embeddable":true,"href":"https:\/\/marekkuchcinski.pl\/hu\/wp-json\/wp\/v2\/media\/5328"}],"wp:attachment":[{"href":"https:\/\/marekkuchcinski.pl\/hu\/wp-json\/wp\/v2\/media?parent=5325"}],"wp:term":[{"taxonomy":"category","embeddable":true,"href":"https:\/\/marekkuchcinski.pl\/hu\/wp-json\/wp\/v2\/categories?post=5325"},{"taxonomy":"post_tag","embeddable":true,"href":"https:\/\/marekkuchcinski.pl\/hu\/wp-json\/wp\/v2\/tags?post=5325"}],"curies":[{"name":"wp","href":"https:\/\/api.w.org\/{rel}","templated":true}]}}