{"id":5258,"date":"2017-02-02T15:55:15","date_gmt":"2017-02-02T14:55:15","guid":{"rendered":"https:\/\/marekkuchcinski.pl\/?p=5258"},"modified":"2017-02-06T13:14:26","modified_gmt":"2017-02-06T12:14:26","slug":"podkarpacki-urzad-celno-skarbowy-przemyslu","status":"publish","type":"post","link":"https:\/\/marekkuchcinski.pl\/hu\/wydarzenia\/podkarpacki-urzad-celno-skarbowy-przemyslu\/","title":{"rendered":"A Podkarpacki Urz\u0105d Celno-Skarbowy sz\u00e9khelye Przemy\u015blben lesz."},"content":{"rendered":"<p>Megjelent a fejleszt\u00e9si \u00e9s p\u00e9nz\u00fcgyminiszter rendelettervezete, amely szerint a Podkarpacie-i V\u00e1m- \u00e9s P\u00e9nz\u00fcgy\u0151rs\u00e9g sz\u00e9khelye \u00e9s a Nemzeti Ad\u00f3\u00fcgyi Iskola kirendelts\u00e9g\u00e9nek sz\u00e9khelye Przemy\u015bl lesz, ahol 90 \u00e9ve a r\u00e9gi\u00f3 v\u00e1mszolg\u00e1lat\u00e1nak f\u0151 sz\u00e9khelye, azaz a V\u00e1mkamara tal\u00e1lhat\u00f3.<\/p>\n<p>A Nemzeti Ad\u00f3igazgat\u00e1sr\u00f3l sz\u00f3l\u00f3 2016. november 16-i t\u00f6rv\u00e9ny rendelkezik a Nemzeti Ad\u00f3igazgat\u00e1s (a tov\u00e1bbiakban: KAS) l\u00e9trehoz\u00e1s\u00e1r\u00f3l (2017. m\u00e1rcius 1-j\u00e9t\u0151l) a jelenleg m\u0171k\u00f6d\u0151: ad\u00f3igazgat\u00e1s, ad\u00f3ellen\u0151rz\u00e9s \u00e9s v\u00e1mszolg\u00e1lat helyett, azaz egy \u00f6sszevont k\u00f6zigazgat\u00e1s l\u00e9trehoz\u00e1s\u00e1r\u00f3l. A KAS az \u00e1llamh\u00e1ztart\u00e1s\u00e9rt felel\u0151s miniszternek lesz al\u00e1rendelve.<\/p>\n<p>A tervezet indokl\u00e1s\u00e1ban t\u00f6bbek k\u00f6z\u00f6tt az \u00e1ll, hogy a jelenlegi jog\u00e1ll\u00e1sban a k\u00f6lts\u00e9gvet\u00e9si bev\u00e9telek beszed\u00e9s\u00e9\u00e9rt felel\u0151s ad\u00f3-, v\u00e1m- \u00e9s ad\u00f3\u00fcgyi igazgat\u00e1s a korm\u00e1nyzati igazgat\u00e1son bel\u00fcl sz\u00e9tsz\u00f3rt ter\u00fcleti strukt\u00far\u00e1val rendelkezik, amely h\u00e1rom \u00f6n\u00e1ll\u00f3an m\u0171k\u00f6d\u0151 r\u00e9szlegre koncentr\u00e1l\u00f3dik: ad\u00f3igazgat\u00e1s (16 ad\u00f3\u00fcgyi kamara \u00e9s 400 ad\u00f3hivatal), v\u00e1mszolg\u00e1lat (16 v\u00e1mkamara, 45 v\u00e1mhivatal 141 v\u00e1moszt\u00e1ly\u00e1val egy\u00fctt), ad\u00f3ellen\u0151rz\u00e9s (16 ad\u00f3ellen\u0151rz\u00e9si hivatal).<\/p>\n<div class=\"page\" title=\"1. oldal\">\n<div class=\"layoutArea\">\n<div class=\"column\">\n<p>Az ad\u00f3- \u00e9s v\u00e1millet\u00e9kek beszed\u00e9s\u00e9vel kapcsolatos egyes feladatok (pl. az ad\u00f3- \u00e9s v\u00e1mk\u00f6telezetts\u00e9gek teljes\u00edt\u00e9se szab\u00e1lyszer\u0171s\u00e9g\u00e9nek ellen\u0151rz\u00e9se, v\u00e9grehajt\u00e1si elj\u00e1r\u00e1sok) sz\u00e9tsz\u00f3r\u00f3d\u00e1sa \u00e9s megkett\u0151z\u00e9se az egyes szolg\u00e1latokon bel\u00fcl lehetetlenn\u00e9 teszi azok k\u00f6vetkezetes \u00e9s egys\u00e9ges m\u00f3don, ugyanakkor a rendelkez\u00e9sre \u00e1ll\u00f3 emberi, szervezeti \u00e9s p\u00e9nz\u00fcgyi er\u0151forr\u00e1sok optim\u00e1lis felhaszn\u00e1l\u00e1s\u00e1val t\u00f6rt\u00e9n\u0151 ell\u00e1t\u00e1s\u00e1t.<\/p>\n<p>A jelenlegi \u00e1llapot folytat\u00e1sa, amelyben az ad\u00f3-, v\u00e1m- \u00e9s p\u00e9nz\u00fcgyigazgat\u00e1s nem egys\u00e9ges elj\u00e1r\u00e1sok szerint m\u0171k\u00f6dik, k\u00e9ts\u00e9gtelen\u00fcl negat\u00edv hat\u00e1ssal van az esed\u00e9kes ad\u00f3k\u00f6telezetts\u00e9gek beszed\u00e9s\u00e9nek m\u00e9rt\u00e9k\u00e9re \u00e9s az \u00e1llami k\u00f6lts\u00e9gvet\u00e9s kialak\u00edt\u00e1s\u00e1ra, \u00e9s ez\u00e1ltal a korm\u00e1nyzati szervek \u00e1llami feladatok ell\u00e1t\u00e1s\u00e1ra val\u00f3 k\u00e9pess\u00e9g\u00e9re, valamint az \u00e1ltal\u00e1nos jelleg\u0171 k\u00f6telezetts\u00e9gek teljes\u00edt\u00e9s\u00e9nek \u00f6nk\u00e9ntess\u00e9g\u00e9re.<\/p>\n<\/div>\n<\/div>\n<\/div>","protected":false},"excerpt":{"rendered":"<p>Ukaza\u0142 si\u0119 projekt zarz\u0105dzenia ministra rozwoju i finans\u00f3w, wed\u0142ug kt\u00f3rego siedzib\u0105 Podkarpackiego Urz\u0119du Celno-Skarbowego oraz siedzib\u0105 Filii Krajowej Szko\u0142y Skarbowo\u015bci b\u0119dzie Przemy\u015bl, gdzie od 90 lat mie\u015bci si\u0119 g\u0142\u00f3wna w regionie siedziba s\u0142u\u017cb celnych, czyli Izba Celna. Ustawa z dnia 16 listopada 2016 r. o Krajowej Administracji Skarbowej zak\u0142ada powo\u0142anie (od 1 marca 2017 r.) [&hellip;]<\/p>\n","protected":false},"author":6,"featured_media":5269,"comment_status":"open","ping_status":"open","sticky":false,"template":"","format":"standard","meta":{"ngg_post_thumbnail":0,"footnotes":""},"categories":[49,3],"tags":[],"class_list":["post-5258","post","type-post","status-publish","format-standard","has-post-thumbnail","hentry","category-podkarpacie","category-wydarzenia"],"_links":{"self":[{"href":"https:\/\/marekkuchcinski.pl\/hu\/wp-json\/wp\/v2\/posts\/5258","targetHints":{"allow":["GET"]}}],"collection":[{"href":"https:\/\/marekkuchcinski.pl\/hu\/wp-json\/wp\/v2\/posts"}],"about":[{"href":"https:\/\/marekkuchcinski.pl\/hu\/wp-json\/wp\/v2\/types\/post"}],"author":[{"embeddable":true,"href":"https:\/\/marekkuchcinski.pl\/hu\/wp-json\/wp\/v2\/users\/6"}],"replies":[{"embeddable":true,"href":"https:\/\/marekkuchcinski.pl\/hu\/wp-json\/wp\/v2\/comments?post=5258"}],"version-history":[{"count":11,"href":"https:\/\/marekkuchcinski.pl\/hu\/wp-json\/wp\/v2\/posts\/5258\/revisions"}],"predecessor-version":[{"id":5288,"href":"https:\/\/marekkuchcinski.pl\/hu\/wp-json\/wp\/v2\/posts\/5258\/revisions\/5288"}],"wp:featuredmedia":[{"embeddable":true,"href":"https:\/\/marekkuchcinski.pl\/hu\/wp-json\/wp\/v2\/media\/5269"}],"wp:attachment":[{"href":"https:\/\/marekkuchcinski.pl\/hu\/wp-json\/wp\/v2\/media?parent=5258"}],"wp:term":[{"taxonomy":"category","embeddable":true,"href":"https:\/\/marekkuchcinski.pl\/hu\/wp-json\/wp\/v2\/categories?post=5258"},{"taxonomy":"post_tag","embeddable":true,"href":"https:\/\/marekkuchcinski.pl\/hu\/wp-json\/wp\/v2\/tags?post=5258"}],"curies":[{"name":"wp","href":"https:\/\/api.w.org\/{rel}","templated":true}]}}