{"id":5188,"date":"2017-01-30T16:39:30","date_gmt":"2017-01-30T15:39:30","guid":{"rendered":"https:\/\/marekkuchcinski.pl\/?p=5188"},"modified":"2017-02-01T10:06:53","modified_gmt":"2017-02-01T09:06:53","slug":"marszalek-sejmu-otworzyl-wystawe-poswiecona-historii-tradycji-narciarstwa-polsce","status":"publish","type":"post","link":"https:\/\/marekkuchcinski.pl\/hu\/wydarzenia\/marszalek-sejmu-otworzyl-wystawe-poswiecona-historii-tradycji-narciarstwa-polsce\/","title":{"rendered":"A szejm eln\u00f6ke megnyitotta a lengyelorsz\u00e1gi s\u00edel\u00e9s t\u00f6rt\u00e9net\u00e9t \u00e9s hagyom\u00e1nyait bemutat\u00f3 ki\u00e1ll\u00edt\u00e1st"},"content":{"rendered":"<p>Marek Kuchci\u0144ski, a szejm eln\u00f6ke nyitotta meg a lengyelorsz\u00e1gi s\u00edel\u00e9s t\u00f6rt\u00e9net\u00e9t \u00e9s hagyom\u00e1nyait bemutat\u00f3 ki\u00e1ll\u00edt\u00e1st. A ki\u00e1ll\u00edt\u00e1s a przemysli f\u00f6ldm\u00fazeummal \u00e9s a zakopanei T\u00e1tra M\u00fazeummal egy\u00fcttm\u0171k\u00f6d\u00e9sben j\u00f6tt l\u00e9tre. Fot\u00f3k \u00e9s ki\u00e1ll\u00edt\u00e1si t\u00e1rgyak mutatj\u00e1k be a s\u00edel\u00e9s fejl\u0151d\u00e9s\u00e9t a T\u00e1tr\u00e1ban, a K\u00e1rp\u00e1tokban \u00e9s a keleti hat\u00e1rvid\u00e9ken. Az olyan t\u00e1rgyak, mint a hegym\u00e1sz\u00f3felszerel\u00e9sek vagy a sz\u00e1nk\u00f3k a k\u00e9t vil\u00e1gh\u00e1bor\u00fa k\u00f6z\u00f6tti id\u0151szakb\u00f3l sz\u00e1rmaznak. - Ezt az aj\u00e1nd\u00e9kot az V. Felvid\u00e9ki L\u00f6v\u00e9szz\u00e1szl\u00f3aljt\u00f3l kaptuk a ki\u00e1ll\u00edt\u00e1sra\" - mondta Jan Jarosz, a m\u00fazeum igazgat\u00f3ja Przemy\u015blben.<\/p>\n<p>- Ha megn\u00e9zz\u00fck a f\u00f6ldrajzi t\u00e9rk\u00e9pet, Przemy\u015bl k\u00f6z\u00e9pen van - a Czarnohora \u00e9s a T\u00e1tra k\u00f6z\u00f6tt. A mai d\u00e1tumot nem v\u00e9letlen\u00fcl v\u00e1lasztottuk. A K\u00e1rp\u00e1taljai S\u00edsz\u00f6vets\u00e9g Lembergben val\u00f3 megalakul\u00e1s\u00e1nak 110. \u00e9vfordul\u00f3ja\" - mondta a szejm eln\u00f6ke. Azt is megeml\u00edtette, hogy a T\u00e1rsas\u00e1g h\u00edres volt arr\u00f3l, hogy versenyeket \u00e9s exped\u00edci\u00f3kat szervezett a Beszterceb\u00e1ny\u00e1ra \u00e9s Montenegr\u00f3ba. Egy\u00fcttm\u0171k\u00f6d\u00f6tt a T\u00e1trai T\u00e1rsas\u00e1ggal, \u00e9s m\u00e1s turisztikai szervezeteket hozott l\u00e9tre, p\u00e9ld\u00e1ul a Lengyel S\u00edsz\u00f6vets\u00e9get, amely a mai napig l\u00e9tezik.<\/p>\n<p>A marsall eml\u00e9keztetett arra, hogy janu\u00e1r 31-\u00e9n volt egy rendk\u00edv\u00fcli ember - Mariusz Zaruski t\u00e1bornok - sz\u00fclet\u00e9s\u00e9nek 150. \u00e9vfordul\u00f3ja, aki kiv\u00e1l\u00f3 t\u00e1trai labdar\u00fag\u00f3, f\u00fcggetlens\u00e9gi aktivista, tenger\u00e9sz, eln\u00f6ki seg\u00e9dtiszt \u00e9s kiemelked\u0151 hegym\u00e1sz\u00f3 volt, \u00e9s akir\u0151l a lengyel szejm egy hat\u00e1rozattal eml\u00e9kezett meg:\u00a0<a href=\"https:\/\/marekkuchcinski.pl\/wp-content\/uploads\/2017\/01\/Uchwa\u0142a-Sejmu-RP.pdf\">A lengyel szejm hat\u00e1rozata<\/a><\/p>\n<p>A ki\u00e1ll\u00edt\u00e1s megnyit\u00f3ja megel\u0151zte a Visegr\u00e1di Csoport orsz\u00e1gainak eln\u00f6kei \u00e1ltal szervezett nemzetk\u00f6zi konferenci\u00e1t a K\u00e1rp\u00e1teur\u00f3pa sorozatban.  - A K\u00e1rp\u00e1tok Eur\u00f3p\u00e1j\u00e1t azzal az ambici\u00f3zus tervvel szervezz\u00fck, hogy a K\u00e1rp\u00e1tok Eur\u00f3p\u00e1j\u00e1t a hegyvid\u00e9ki tev\u00e9kenys\u00e9gek minden form\u00e1ja, k\u00f6zt\u00fck a turizmus ter\u00e9n folytatott egy\u00fcttm\u0171k\u00f6d\u00e9s er\u0151s\u00edt\u00e9s\u00e9nek \u00e9s fejleszt\u00e9s\u00e9nek f\u00f3rum\u00e1v\u00e1 tegy\u00fck.  A mai nemzetk\u00f6zi alpesi s\u00edverseny, amelyen a minisztereln\u00f6k, a szen\u00e1tus eln\u00f6ke \u00e9s sz\u00e1mos lengyel, ukr\u00e1n \u00e9s szlov\u00e1k \u00e1llampolg\u00e1r vett r\u00e9szt, a legjobb bizony\u00edt\u00e9k erre - mondta a marsall.  Azzal is \u00e9rvelt, hogy a verseny \u00e9s a kih\u00edv\u00e1sok idej\u00e9n j\u00f3l kell besz\u00e9ln\u00fcnk orsz\u00e1gainkr\u00f3l, j\u00f3l kell cselekedn\u00fcnk \u00e9rt\u00fck, \u00e9s az olyan sportoknak, mint a s\u00edel\u00e9s, egyes\u00edteni\u00fck kell benn\u00fcnket.<\/p>\n<p><em>Fot\u00f3: P. Kula, M. Olejnik<\/em><\/p>\n<p><a href=\"https:\/\/marekkuchcinski.pl\/wp-content\/uploads\/2017\/01\/1-KU097288.jpg\"><img fetchpriority=\"high\" decoding=\"async\" class=\"alignnone size-full wp-image-5197\" src=\"https:\/\/marekkuchcinski.pl\/wp-content\/uploads\/2017\/01\/1-KU097288.jpg\" alt=\"1-KU097288\" width=\"2620\" height=\"2002\" srcset=\"https:\/\/marekkuchcinski.pl\/wp-content\/uploads\/2017\/01\/1-KU097288.jpg 2048w, https:\/\/marekkuchcinski.pl\/wp-content\/uploads\/2017\/01\/1-KU097288-300x229.jpg 300w, https:\/\/marekkuchcinski.pl\/wp-content\/uploads\/2017\/01\/1-KU097288-768x587.jpg 768w, https:\/\/marekkuchcinski.pl\/wp-content\/uploads\/2017\/01\/1-KU097288-1024x782.jpg 1024w\" sizes=\"(max-width: 2620px) 100vw, 2620px\" \/><\/a><a href=\"https:\/\/marekkuchcinski.pl\/wp-content\/uploads\/2017\/01\/1-DSCF0904.jpg\"><img decoding=\"async\" class=\"alignnone size-full wp-image-5192\" src=\"https:\/\/marekkuchcinski.pl\/wp-content\/uploads\/2017\/01\/1-DSCF0904.jpg\" alt=\"1-DSCF0904\" width=\"3718\" height=\"2479\" srcset=\"https:\/\/marekkuchcinski.pl\/wp-content\/uploads\/2017\/01\/1-DSCF0904.jpg 2048w, https:\/\/marekkuchcinski.pl\/wp-content\/uploads\/2017\/01\/1-DSCF0904-300x200.jpg 300w, https:\/\/marekkuchcinski.pl\/wp-content\/uploads\/2017\/01\/1-DSCF0904-768x512.jpg 768w, https:\/\/marekkuchcinski.pl\/wp-content\/uploads\/2017\/01\/1-DSCF0904-1024x683.jpg 1024w\" sizes=\"(max-width: 3718px) 100vw, 3718px\" \/><\/a><\/p>\n<p>Jan Jarosz, a Przemysli F\u00f6ldm\u00fazeum igazgat\u00f3ja \u00e9s Szymon Ziobrowski, a T\u00e1trai Nemzeti Park igazgat\u00f3ja.<\/p>\n<p><a href=\"https:\/\/marekkuchcinski.pl\/wp-content\/uploads\/2017\/01\/1-DSCF0953.jpg\"><img decoding=\"async\" class=\"alignnone size-full wp-image-5194\" src=\"https:\/\/marekkuchcinski.pl\/wp-content\/uploads\/2017\/01\/1-DSCF0953.jpg\" alt=\"1-DSCF0953\" width=\"2997\" height=\"2001\" srcset=\"https:\/\/marekkuchcinski.pl\/wp-content\/uploads\/2017\/01\/1-DSCF0953.jpg 2048w, https:\/\/marekkuchcinski.pl\/wp-content\/uploads\/2017\/01\/1-DSCF0953-300x200.jpg 300w, https:\/\/marekkuchcinski.pl\/wp-content\/uploads\/2017\/01\/1-DSCF0953-768x513.jpg 768w, https:\/\/marekkuchcinski.pl\/wp-content\/uploads\/2017\/01\/1-DSCF0953-1024x684.jpg 1024w\" sizes=\"(max-width: 2997px) 100vw, 2997px\" \/><\/a><\/p>\n<p>Marek Kuchci\u0144ski, a Szejm eln\u00f6ke<\/p>\n<p><a href=\"https:\/\/marekkuchcinski.pl\/wp-content\/uploads\/2017\/01\/1-KU096725.jpg\"><img loading=\"lazy\" decoding=\"async\" class=\"alignnone size-full wp-image-5195\" src=\"https:\/\/marekkuchcinski.pl\/wp-content\/uploads\/2017\/01\/1-KU096725.jpg\" alt=\"1-KU096725\" width=\"3648\" height=\"2432\" srcset=\"https:\/\/marekkuchcinski.pl\/wp-content\/uploads\/2017\/01\/1-KU096725.jpg 2048w, https:\/\/marekkuchcinski.pl\/wp-content\/uploads\/2017\/01\/1-KU096725-300x200.jpg 300w, https:\/\/marekkuchcinski.pl\/wp-content\/uploads\/2017\/01\/1-KU096725-768x512.jpg 768w, https:\/\/marekkuchcinski.pl\/wp-content\/uploads\/2017\/01\/1-KU096725-1024x683.jpg 1024w\" sizes=\"(max-width: 3648px) 100vw, 3648px\" \/><\/a><\/p>\n<p>Beata Szyd\u0142o minisztereln\u00f6k \u00e9s Stanis\u0142aw Karczewski szen\u00e1tusi eln\u00f6k<\/p>\n<p><a href=\"https:\/\/marekkuchcinski.pl\/wp-content\/uploads\/2017\/01\/1-KU096793.jpg\"><img loading=\"lazy\" decoding=\"async\" class=\"alignnone size-full wp-image-5196\" src=\"https:\/\/marekkuchcinski.pl\/wp-content\/uploads\/2017\/01\/1-KU096793.jpg\" alt=\"1-KU096793\" width=\"3648\" height=\"2432\" srcset=\"https:\/\/marekkuchcinski.pl\/wp-content\/uploads\/2017\/01\/1-KU096793.jpg 2048w, https:\/\/marekkuchcinski.pl\/wp-content\/uploads\/2017\/01\/1-KU096793-300x200.jpg 300w, https:\/\/marekkuchcinski.pl\/wp-content\/uploads\/2017\/01\/1-KU096793-768x512.jpg 768w, https:\/\/marekkuchcinski.pl\/wp-content\/uploads\/2017\/01\/1-KU096793-1024x683.jpg 1024w\" sizes=\"(max-width: 3648px) 100vw, 3648px\" \/><\/a><\/p>","protected":false},"excerpt":{"rendered":"<p>Marsza\u0142ek Sejmu Marek Kuchci\u0144ski otworzy\u0142 wystaw\u0119 o historii i tradycjach narciarstwa w Polsce. Powsta\u0142a ona we wsp\u00f3\u0142pracy Muzeum Ziemi Przemyskiej i Muzeum Tatrza\u0144skiego w Zakopanem. Fotografie i eksponaty pokazuj\u0105 rozw\u00f3j narciarstwa w Tatrach, Karpatach, \u00a0na Kresach Wschodnich. Przedmioty, takie jak wyposa\u017cenie alpinistyczne czy \u00a0sanki pochodz\u0105 z okresu mi\u0119dzywojennego. \u2013 Jest to dar, kt\u00f3ry otrzymali\u015bmy na [&hellip;]<\/p>\n","protected":false},"author":6,"featured_media":5197,"comment_status":"open","ping_status":"open","sticky":false,"template":"","format":"standard","meta":{"ngg_post_thumbnail":0,"footnotes":""},"categories":[78,49,77,3],"tags":[],"class_list":["post-5188","post","type-post","status-publish","format-standard","has-post-thumbnail","hentry","category-europa-karpat","category-podkarpacie","category-wazne-daty","category-wydarzenia"],"_links":{"self":[{"href":"https:\/\/marekkuchcinski.pl\/hu\/wp-json\/wp\/v2\/posts\/5188","targetHints":{"allow":["GET"]}}],"collection":[{"href":"https:\/\/marekkuchcinski.pl\/hu\/wp-json\/wp\/v2\/posts"}],"about":[{"href":"https:\/\/marekkuchcinski.pl\/hu\/wp-json\/wp\/v2\/types\/post"}],"author":[{"embeddable":true,"href":"https:\/\/marekkuchcinski.pl\/hu\/wp-json\/wp\/v2\/users\/6"}],"replies":[{"embeddable":true,"href":"https:\/\/marekkuchcinski.pl\/hu\/wp-json\/wp\/v2\/comments?post=5188"}],"version-history":[{"count":6,"href":"https:\/\/marekkuchcinski.pl\/hu\/wp-json\/wp\/v2\/posts\/5188\/revisions"}],"predecessor-version":[{"id":5205,"href":"https:\/\/marekkuchcinski.pl\/hu\/wp-json\/wp\/v2\/posts\/5188\/revisions\/5205"}],"wp:featuredmedia":[{"embeddable":true,"href":"https:\/\/marekkuchcinski.pl\/hu\/wp-json\/wp\/v2\/media\/5197"}],"wp:attachment":[{"href":"https:\/\/marekkuchcinski.pl\/hu\/wp-json\/wp\/v2\/media?parent=5188"}],"wp:term":[{"taxonomy":"category","embeddable":true,"href":"https:\/\/marekkuchcinski.pl\/hu\/wp-json\/wp\/v2\/categories?post=5188"},{"taxonomy":"post_tag","embeddable":true,"href":"https:\/\/marekkuchcinski.pl\/hu\/wp-json\/wp\/v2\/tags?post=5188"}],"curies":[{"name":"wp","href":"https:\/\/api.w.org\/{rel}","templated":true}]}}