{"id":5153,"date":"2017-01-28T23:25:53","date_gmt":"2017-01-28T22:25:53","guid":{"rendered":"https:\/\/marekkuchcinski.pl\/?p=5153"},"modified":"2017-01-29T13:41:58","modified_gmt":"2017-01-29T12:41:58","slug":"przedstawiciele-lokalnych-struktur-pis-rozmawiali-o-koniecznych-reformach-poziomie-ogolnopolskim-samorzadowym","status":"publish","type":"post","link":"https:\/\/marekkuchcinski.pl\/hu\/wydarzenia\/przedstawiciele-lokalnych-struktur-pis-rozmawiali-o-koniecznych-reformach-poziomie-ogolnopolskim-samorzadowym\/","title":{"rendered":"A helyi jog- \u00e9s igazs\u00e1g\u00fcgyi strukt\u00far\u00e1k k\u00e9pvisel\u0151i megvitatt\u00e1k a sz\u00fcks\u00e9ges reformokat nemzeti \u00e9s helyi korm\u00e1nyzati szinten."},"content":{"rendered":"<p><strong>- A v\u00e1ltoz\u00e1sok bevezet\u00e9se nem lesz k\u00f6nny\u0171, de v\u00e1llalnunk kell \u0151ket, hogy Lengyelorsz\u00e1g jobb\u00e1 v\u00e1ljon\" - \u00e9rvelt Jaros\u0142aw Kaczy\u0144ski, a Jog \u00e9s Igazs\u00e1goss\u00e1g p\u00e1rt eln\u00f6ke.<\/strong><\/p>\n<p>Ma Rzesz\u00f3wban tartott\u00e1k a Jog \u00e9s Igazs\u00e1goss\u00e1g helyi strukt\u00far\u00e1inak tal\u00e1lkoz\u00f3j\u00e1t. Az \u00fcl\u00e9sen sz\u00f3 esett az \u00f6nkorm\u00e1nyzati v\u00e1laszt\u00e1sokr\u00f3l, a v\u00e1laszt\u00e1si t\u00f6rv\u00e9ny m\u00f3dos\u00edt\u00e1s\u00e1r\u00f3l, helyi \u00e9s orsz\u00e1gos probl\u00e9m\u00e1kr\u00f3l. A Jog \u00e9s Igazs\u00e1goss\u00e1g p\u00e1rt vezet\u0151je a sz\u00fcks\u00e9ges v\u00e1ltoz\u00e1sokr\u00f3l \u00e9s reformokr\u00f3l besz\u00e9lt, amelyeknek meg kell t\u00f6rt\u00e9nni\u00fck. - Megt\u00e1madnak majd minket, de ha kem\u00e9ny munk\u00e1ra mozg\u00f3s\u00edtunk, akkor j\u00f3 es\u00e9ly\u00fcnk van a gy\u0151zelemre. Jobb\u00e1 tehetj\u00fck Lengyelorsz\u00e1got, \u00e9s a fejl\u0151d\u00e9s ir\u00e1ny\u00e1ba mozd\u00edthatjuk el - biztos\u00edtotta. A volt minisztereln\u00f6k azt is mondta, hogy a p\u00e1rt t\u00f6rt\u00e9nelmi k\u00f6teless\u00e9ge Lengyelorsz\u00e1ggal szemben a posztkommunista rendszer megv\u00e1ltoztat\u00e1sa.<\/p>\n<p>Jaros\u0142aw Kaczy\u0144ski szerint egyes reformok, p\u00e9ld\u00e1ul az eg\u00e9szs\u00e9g\u00fcgyi reformok, k\u00fcl\u00f6nb\u00f6z\u0151 csoportok \u00e9rdekeit fogj\u00e1k \u00e9rinteni, ami ellen\u00e1ll\u00e1sba \u00e9s t\u00e1mad\u00e1sokba fog \u00fctk\u00f6zni. Biztos\u00edtott ugyanakkor arr\u00f3l, hogy a m\u00e1r bevezetett reformok, p\u00e9ld\u00e1ul az oktat\u00e1sban, j\u00f3l el\u0151k\u00e9sz\u00edtettek.<\/p>\n<p>Az \u00fcl\u00e9st Marek Kuchci\u0144ski, a Szejm eln\u00f6ke vezette. A jelenl\u00e9v\u0151k k\u00f6z\u00f6tt volt Stanis\u0142aw Karczewski szen\u00e1tusi marsall, Joachim Brudzi\u0144ski szejmhelyettes \u00e9s Beata Mazurek, a Jog \u00e9s Igazs\u00e1goss\u00e1g p\u00e1rt sz\u00f3viv\u0151je. A PiS eln\u00f6k\u00e9nek podkarpatszki l\u00e1togat\u00e1sa a region\u00e1lis p\u00e1rtstrukt\u00far\u00e1k k\u00e9pvisel\u0151ivel folytatott tal\u00e1lkoz\u00f3sorozat r\u00e9sze.<\/p>\n<p><a href=\"https:\/\/marekkuchcinski.pl\/wp-content\/uploads\/2017\/01\/DSCF0770-001.jpg\"><img fetchpriority=\"high\" decoding=\"async\" class=\"alignnone size-full wp-image-5155\" src=\"https:\/\/marekkuchcinski.pl\/wp-content\/uploads\/2017\/01\/DSCF0770-001.jpg\" alt=\"DSCF0770-001\" width=\"3815\" height=\"2541\" srcset=\"https:\/\/marekkuchcinski.pl\/wp-content\/uploads\/2017\/01\/DSCF0770-001.jpg 2048w, https:\/\/marekkuchcinski.pl\/wp-content\/uploads\/2017\/01\/DSCF0770-001-300x200.jpg 300w, https:\/\/marekkuchcinski.pl\/wp-content\/uploads\/2017\/01\/DSCF0770-001-768x512.jpg 768w, https:\/\/marekkuchcinski.pl\/wp-content\/uploads\/2017\/01\/DSCF0770-001-1024x682.jpg 1024w\" sizes=\"(max-width: 3815px) 100vw, 3815px\" \/><\/a> <a href=\"https:\/\/marekkuchcinski.pl\/wp-content\/uploads\/2017\/01\/DSCF0808.jpg\"><img decoding=\"async\" class=\"alignnone size-full wp-image-5156\" src=\"https:\/\/marekkuchcinski.pl\/wp-content\/uploads\/2017\/01\/DSCF0808.jpg\" alt=\"DSCF0808\" width=\"2216\" height=\"1484\" srcset=\"https:\/\/marekkuchcinski.pl\/wp-content\/uploads\/2017\/01\/DSCF0808.jpg 2048w, https:\/\/marekkuchcinski.pl\/wp-content\/uploads\/2017\/01\/DSCF0808-300x201.jpg 300w, https:\/\/marekkuchcinski.pl\/wp-content\/uploads\/2017\/01\/DSCF0808-768x514.jpg 768w, https:\/\/marekkuchcinski.pl\/wp-content\/uploads\/2017\/01\/DSCF0808-1024x686.jpg 1024w\" sizes=\"(max-width: 2216px) 100vw, 2216px\" \/><\/a> <a href=\"https:\/\/marekkuchcinski.pl\/wp-content\/uploads\/2017\/01\/DSCF0826.jpg\"><img decoding=\"async\" class=\"alignnone size-full wp-image-5157\" src=\"https:\/\/marekkuchcinski.pl\/wp-content\/uploads\/2017\/01\/DSCF0826.jpg\" alt=\"DSCF0826\" width=\"2053\" height=\"1368\" srcset=\"https:\/\/marekkuchcinski.pl\/wp-content\/uploads\/2017\/01\/DSCF0826.jpg 2048w, https:\/\/marekkuchcinski.pl\/wp-content\/uploads\/2017\/01\/DSCF0826-300x200.jpg 300w, https:\/\/marekkuchcinski.pl\/wp-content\/uploads\/2017\/01\/DSCF0826-768x512.jpg 768w, https:\/\/marekkuchcinski.pl\/wp-content\/uploads\/2017\/01\/DSCF0826-1024x682.jpg 1024w\" sizes=\"(max-width: 2053px) 100vw, 2053px\" \/><\/a> <a href=\"https:\/\/marekkuchcinski.pl\/wp-content\/uploads\/2017\/01\/DSCF0785.jpg\"><img loading=\"lazy\" decoding=\"async\" class=\"alignnone size-full wp-image-5158\" src=\"https:\/\/marekkuchcinski.pl\/wp-content\/uploads\/2017\/01\/DSCF0785.jpg\" alt=\"DSCF0785\" width=\"4896\" height=\"2760\" srcset=\"https:\/\/marekkuchcinski.pl\/wp-content\/uploads\/2017\/01\/DSCF0785.jpg 2048w, https:\/\/marekkuchcinski.pl\/wp-content\/uploads\/2017\/01\/DSCF0785-300x169.jpg 300w, https:\/\/marekkuchcinski.pl\/wp-content\/uploads\/2017\/01\/DSCF0785-768x433.jpg 768w, https:\/\/marekkuchcinski.pl\/wp-content\/uploads\/2017\/01\/DSCF0785-1024x577.jpg 1024w\" sizes=\"(max-width: 4896px) 100vw, 4896px\" \/><\/a><a href=\"https:\/\/marekkuchcinski.pl\/wp-content\/uploads\/2017\/01\/DSCF0859.jpg\"><img loading=\"lazy\" decoding=\"async\" class=\"alignnone size-full wp-image-5159\" src=\"https:\/\/marekkuchcinski.pl\/wp-content\/uploads\/2017\/01\/DSCF0859.jpg\" alt=\"DSCF0859\" width=\"2647\" height=\"1768\" srcset=\"https:\/\/marekkuchcinski.pl\/wp-content\/uploads\/2017\/01\/DSCF0859.jpg 2048w, https:\/\/marekkuchcinski.pl\/wp-content\/uploads\/2017\/01\/DSCF0859-300x200.jpg 300w, https:\/\/marekkuchcinski.pl\/wp-content\/uploads\/2017\/01\/DSCF0859-768x513.jpg 768w, https:\/\/marekkuchcinski.pl\/wp-content\/uploads\/2017\/01\/DSCF0859-1024x684.jpg 1024w\" sizes=\"(max-width: 2647px) 100vw, 2647px\" \/><\/a><\/p>\n<p>&nbsp;<\/p>","protected":false},"excerpt":{"rendered":"<p>\u2013 Wprowadzenie zmian nie b\u0119dzie \u0142atwe, ale musimy si\u0119 ich podj\u0105\u0107, aby\u00a0Polska by\u0142a lepsza \u2013 przekonywa\u0142 \u00a0prezes PiS Jaros\u0142aw Kaczy\u0144ski. Dzi\u015b w Rzeszowie odby\u0142o si\u0119 spotkanie lokalnych struktur Prawa i Sprawiedliwo\u015bci. Poruszano na nim temat wybor\u00f3w samorz\u0105dowych, zmiany ordynacji wyborczej, problemy lokalne i og\u00f3lnopolskie. Prezes PiS m\u00f3wi\u0142 o koniecznych zmianach oraz reformach, kt\u00f3re powinny nast\u0105pi\u0107. [&hellip;]<\/p>\n","protected":false},"author":6,"featured_media":5162,"comment_status":"open","ping_status":"open","sticky":false,"template":"","format":"standard","meta":{"ngg_post_thumbnail":0,"footnotes":""},"categories":[49,82,3],"tags":[],"class_list":["post-5153","post","type-post","status-publish","format-standard","has-post-thumbnail","hentry","category-podkarpacie","category-prawo-i-sprawiedliwosc","category-wydarzenia"],"_links":{"self":[{"href":"https:\/\/marekkuchcinski.pl\/hu\/wp-json\/wp\/v2\/posts\/5153","targetHints":{"allow":["GET"]}}],"collection":[{"href":"https:\/\/marekkuchcinski.pl\/hu\/wp-json\/wp\/v2\/posts"}],"about":[{"href":"https:\/\/marekkuchcinski.pl\/hu\/wp-json\/wp\/v2\/types\/post"}],"author":[{"embeddable":true,"href":"https:\/\/marekkuchcinski.pl\/hu\/wp-json\/wp\/v2\/users\/6"}],"replies":[{"embeddable":true,"href":"https:\/\/marekkuchcinski.pl\/hu\/wp-json\/wp\/v2\/comments?post=5153"}],"version-history":[{"count":3,"href":"https:\/\/marekkuchcinski.pl\/hu\/wp-json\/wp\/v2\/posts\/5153\/revisions"}],"predecessor-version":[{"id":5164,"href":"https:\/\/marekkuchcinski.pl\/hu\/wp-json\/wp\/v2\/posts\/5153\/revisions\/5164"}],"wp:featuredmedia":[{"embeddable":true,"href":"https:\/\/marekkuchcinski.pl\/hu\/wp-json\/wp\/v2\/media\/5162"}],"wp:attachment":[{"href":"https:\/\/marekkuchcinski.pl\/hu\/wp-json\/wp\/v2\/media?parent=5153"}],"wp:term":[{"taxonomy":"category","embeddable":true,"href":"https:\/\/marekkuchcinski.pl\/hu\/wp-json\/wp\/v2\/categories?post=5153"},{"taxonomy":"post_tag","embeddable":true,"href":"https:\/\/marekkuchcinski.pl\/hu\/wp-json\/wp\/v2\/tags?post=5153"}],"curies":[{"name":"wp","href":"https:\/\/api.w.org\/{rel}","templated":true}]}}