{"id":5102,"date":"2017-01-24T10:19:01","date_gmt":"2017-01-24T09:19:01","guid":{"rendered":"https:\/\/marekkuchcinski.pl\/?p=5102"},"modified":"2017-01-24T10:21:26","modified_gmt":"2017-01-24T09:21:26","slug":"marszalek-sejmu-procedura-dotyczaca-kar-dla-poslow-okupujacych-mownice-musi-nastapic","status":"publish","type":"post","link":"https:\/\/marekkuchcinski.pl\/hu\/wydarzenia\/marszalek-sejmu-procedura-dotyczaca-kar-dla-poslow-okupujacych-mownice-musi-nastapic\/","title":{"rendered":"A Szejm eln\u00f6ke: Elj\u00e1r\u00e1st kell lefolytatni az emelv\u00e9nyt elfoglal\u00f3 k\u00e9pvisel\u0151k megb\u00fcntet\u00e9se \u00e9rdek\u00e9ben"},"content":{"rendered":"<p><strong>- Az ellenz\u00e9k v\u00e1djai vagy \u00e1ll\u00edt\u00e1sai alaptalanok\" - mondta Marek Kuchci\u0144ski, a szejm eln\u00f6ke a Lengyel R\u00e1di\u00f3 24-nek a PO felment\u00e9s\u00e9re ir\u00e1nyul\u00f3 ind\u00edtv\u00e1ny\u00e1ra utalva. Azt is mondta, hogy az emelv\u00e9nyt elfoglal\u00f3 k\u00e9pvisel\u0151k megs\u00e9rtett\u00e9k a szejm h\u00e1zszab\u00e1ly\u00e1t, ez\u00e9rt b\u00fcntet\u0151elj\u00e1r\u00e1st kell ind\u00edtani ellen\u00fck.<\/strong><\/p>\n<p>Arra a k\u00e9rd\u00e9sre, hogy a PiS t\u00e1mogatta-e a PO ind\u00edtv\u00e1ny\u00e1r\u00f3l sz\u00f3l\u00f3 szavaz\u00e1son, hogy menessz\u00e9k \u0151t a h\u00e1zeln\u00f6ki tiszts\u00e9g\u00e9b\u0151l, Kuchcinski azt mondta, nem hallotta, hogy b\u00e1rmi is v\u00e1ltozott volna.<\/p>\n<p>- Vit\u00e1t fogunk folytatni a Szejm eln\u00f6k\u00e9nek visszah\u00edv\u00e1s\u00e1r\u00f3l. Az ind\u00edtv\u00e1ny indokolts\u00e1ga vitathat\u00f3. Az \u00e9n szemsz\u00f6gemb\u0151l ez nagyon k\u00e9ts\u00e9ges - mondta a h\u00e1zeln\u00f6k. - Az ellenz\u00e9ki v\u00e1dak vagy \u00e1ll\u00edt\u00e1sok alaptalanok - tette hozz\u00e1.<\/p>\n<p>Marek Kuchci\u0144ski annak a v\u00e9lem\u00e9ny\u00e9nek is hangot adott, hogy tavaly december 16-\u00e1n, a Szejm \u00fcl\u00e9s\u00e9n a j\u00f3zan \u00e9sz cserbenhagyta a k\u00e9pvisel\u0151k egy csoportj\u00e1t, akik 2015-ig a korm\u00e1ny t\u00e1bor\u00e1t alkott\u00e1k.<\/p>\n<p>Mint \u00e9rt\u00e9kelte, nem tudtak megb\u00e9k\u00e9lni azzal, hogy a v\u00e1laszt\u00e1sok ut\u00e1n, a Szejmben tartott szavaz\u00e1sok sor\u00e1n demokratikus m\u00f3don vesz\u00edtenek. - Nekem \u00fagy t\u0171nik, hogy k\u00fcl\u00f6nb\u00f6z\u0151 nemzetk\u00f6zi er\u0151k is felhaszn\u00e1lt\u00e1k \u0151ket, hogy destabiliz\u00e1ci\u00f3t vezessenek be Lengyelorsz\u00e1gban - mondta.<\/p>\n<p>- V\u00e9lem\u00e9nyem szerint \u00e9s mindezen szab\u00e1lyzatok, jegyz\u0151k\u00f6nyvek \u00e9s feljegyz\u00e9sek szerint az ellenz\u00e9k, amely elfoglalta a sz\u00f3sz\u00e9ket, amely elfoglalta a h\u00e1zeln\u00f6ki sz\u00e9ket, \u00e9s \u00edgy lehetetlenn\u00e9 tette az \u00fcl\u00e9s lefolytat\u00e1s\u00e1t, megs\u00e9rtette a Szejm szab\u00e1lyzat\u00e1t. Nem csak ebben az esetben\" - hangs\u00falyozta Kuchci\u0144ski.<\/p>\n<p>Arra a k\u00e9rd\u00e9sre, hogy az ellenz\u00e9ki k\u00e9pvisel\u0151ket megb\u00fcntetik-e, azt v\u00e1laszolta, hogy az ellenz\u00e9k megs\u00e9rtette a szejm szab\u00e1lyzat\u00e1t azzal, hogy elfoglalta az \u00fcl\u00e9stermet. - V\u00e9lem\u00e9nyem szerint egy ilyen folyamatnak, egy ilyen elj\u00e1r\u00e1snak meg kell t\u00f6rt\u00e9nnie, mert a Szejm szab\u00e1lyzata erre k\u00f6telez. A Szejm eln\u00f6ks\u00e9g\u00e9nek feladata eld\u00f6nteni, hogy a k\u00e9pvisel\u0151ket p\u00e9nzb\u00edrs\u00e1ggal vagy a Szejm szab\u00e1lyzat\u00e1b\u00f3l ered\u0151 egy\u00e9b szankci\u00f3kkal b\u00fcntetik-e\" - mondta. - K\u00f6teless\u00e9gem, hogy a Szejm Eln\u00f6ks\u00e9g\u00e9nek teljes \u00e9s kimer\u00edt\u0151 t\u00e1j\u00e9koztat\u00e1st adjak ezeknek a k\u00e9pvisel\u0151knek a magatart\u00e1s\u00e1r\u00f3l \u00e9s viselked\u00e9s\u00e9r\u0151l - tette hozz\u00e1 Kuchci\u0144ski marsall.<\/p>\n<p>A Szejm eln\u00f6ke magyar\u00e1zatot k\u00e9rt att\u00f3l a 45 k\u00e9pvisel\u0151t\u0151l, akik december 16-\u00e1n a Szejm term\u00e9ben tiltakoztak; a v\u00e1laszt a febru\u00e1r 8-ra tervezett \u00fcl\u00e9sszak kezdet\u00e9ig v\u00e1rja. Arra a k\u00e9rd\u00e9sre, hogy Szczerba \u00far kijelentette, hogy a strasbourgi Emberi Jogok Eur\u00f3pai B\u00edr\u00f3s\u00e1g\u00e1hoz fog fordulni az \u0151t a Szejmb\u0151l kiz\u00e1r\u00f3 hat\u00e1rozat ellen, azt mondta, hogy minden k\u00e9pvisel\u0151nek, csak\u00fagy, mint egy szabad \u00e1llam, mint a Lengyel K\u00f6zt\u00e1rsas\u00e1g minden polg\u00e1r\u00e1nak joga van fellebbezni az \u00e1llami hat\u00f3s\u00e1gok d\u00f6nt\u00e9sei ellen, \u00e9s az ilyen d\u00f6nt\u00e9seket a Szejm hozza meg.<\/p>\n<p>- Ezekb\u0151l a d\u00f6nt\u00e9sekb\u0151l, k\u00fcl\u00f6n\u00f6sen, ha egy adott k\u00e9pvisel\u0151t \u00e9rintenek, \u00e9s ha a k\u00e9pvisel\u0151 \u00fagy v\u00e9li, hogy azok igazs\u00e1gtalanok, teljes joggal (fellebbezhet), itt senki sem tilthatja meg neki, hogy ezt megtegye\" - mondta a szejm eln\u00f6ke.<\/p>\n<p>Mint hozz\u00e1tette, ilyen d\u00f6nt\u00e9seket azonban a k\u00e9pvisel\u0151k a bels\u0151 elj\u00e1r\u00e1s kimer\u00edt\u00e9se ut\u00e1n hozhatnak. - A szejm szab\u00e1lyzata szempontj\u00e1b\u00f3l a Szczerba \u00far kiz\u00e1r\u00e1s\u00e1nak j\u00f3v\u00e1hagy\u00e1s\u00e1r\u00f3l sz\u00f3l\u00f3 d\u00f6nt\u00e9st a szejm eln\u00f6ks\u00e9ge hozta meg, \u00e9s ennek k\u00f6vetkezt\u00e9ben meglehet\u0151sen nagy p\u00e9nzb\u00fcntet\u00e9s fenyegeti, mivel hat h\u00f3napra megvonj\u00e1k t\u0151le fizet\u00e9s\u00e9nek 50 sz\u00e1zal\u00e9k\u00e1t\" - jegyezte meg a h\u00e1zeln\u00f6k.<\/p>\n<p>A \"DoRzeczy\" port\u00e1l azon \u00e9rtes\u00fcl\u00e9seivel kapcsolatban, miszerint december 16-\u00e1n, amikor a szejmben megkezd\u0151d\u00f6tt a tiltakoz\u00e1s, a Polg\u00e1ri Platform \u00e9s a Modern P\u00e1rt k\u00e9pvisel\u0151i \"az ellenz\u00e9k k\u00f6z\u00f6s felh\u00edv\u00e1s\u00e1t\" k\u00e9sz\u00edtett\u00e9k el\u0151, amelyben felsz\u00f3l\u00edtott\u00e1k az Eur\u00f3pa Tan\u00e1csot \u00e9s az Eur\u00f3pai Parlamentet, hogy s\u00fcrg\u0151sen l\u00e9pjenek k\u00f6zbe a lengyelorsz\u00e1gi helyzettel kapcsolatban, a marsall azt mondta, hogy felmer\u00fcl a k\u00e9rd\u00e9s, hogy a k\u00e9pvisel\u0151k csoportja nem val\u00f3ban a saj\u00e1t orsz\u00e1guk ellen cselekedett-e, a modernkori alkudoz\u00e1s p\u00e9ld\u00e1j\u00e1t k\u00f6vetve.<\/p>\n<p><a href=\"https:\/\/marekkuchcinski.pl\/wp-content\/uploads\/2017\/01\/KU091489.jpg\"><img fetchpriority=\"high\" decoding=\"async\" class=\"alignnone size-full wp-image-5103\" src=\"https:\/\/marekkuchcinski.pl\/wp-content\/uploads\/2017\/01\/KU091489.jpg\" alt=\"KU091489\" width=\"1800\" height=\"1200\" srcset=\"https:\/\/marekkuchcinski.pl\/wp-content\/uploads\/2017\/01\/KU091489.jpg 1800w, https:\/\/marekkuchcinski.pl\/wp-content\/uploads\/2017\/01\/KU091489-300x200.jpg 300w, https:\/\/marekkuchcinski.pl\/wp-content\/uploads\/2017\/01\/KU091489-768x512.jpg 768w, https:\/\/marekkuchcinski.pl\/wp-content\/uploads\/2017\/01\/KU091489-1024x683.jpg 1024w\" sizes=\"(max-width: 1800px) 100vw, 1800px\" \/><\/a><a href=\"https:\/\/marekkuchcinski.pl\/wp-content\/uploads\/2017\/01\/KU091720.jpg\"><img decoding=\"async\" class=\"alignnone size-full wp-image-5104\" src=\"https:\/\/marekkuchcinski.pl\/wp-content\/uploads\/2017\/01\/KU091720.jpg\" alt=\"KU091720\" width=\"1800\" height=\"1200\" srcset=\"https:\/\/marekkuchcinski.pl\/wp-content\/uploads\/2017\/01\/KU091720.jpg 1800w, https:\/\/marekkuchcinski.pl\/wp-content\/uploads\/2017\/01\/KU091720-300x200.jpg 300w, https:\/\/marekkuchcinski.pl\/wp-content\/uploads\/2017\/01\/KU091720-768x512.jpg 768w, https:\/\/marekkuchcinski.pl\/wp-content\/uploads\/2017\/01\/KU091720-1024x683.jpg 1024w\" sizes=\"(max-width: 1800px) 100vw, 1800px\" \/><\/a> <a href=\"https:\/\/marekkuchcinski.pl\/wp-content\/uploads\/2017\/01\/KU091592.jpg\"><img decoding=\"async\" class=\"alignnone size-full wp-image-5105\" src=\"https:\/\/marekkuchcinski.pl\/wp-content\/uploads\/2017\/01\/KU091592.jpg\" alt=\"KU091592\" width=\"1800\" height=\"1200\" srcset=\"https:\/\/marekkuchcinski.pl\/wp-content\/uploads\/2017\/01\/KU091592.jpg 1800w, https:\/\/marekkuchcinski.pl\/wp-content\/uploads\/2017\/01\/KU091592-300x200.jpg 300w, https:\/\/marekkuchcinski.pl\/wp-content\/uploads\/2017\/01\/KU091592-768x512.jpg 768w, https:\/\/marekkuchcinski.pl\/wp-content\/uploads\/2017\/01\/KU091592-1024x683.jpg 1024w\" sizes=\"(max-width: 1800px) 100vw, 1800px\" \/><\/a> <a href=\"https:\/\/marekkuchcinski.pl\/wp-content\/uploads\/2017\/01\/KU091517.jpg\"><img loading=\"lazy\" decoding=\"async\" class=\"alignnone size-full wp-image-5106\" src=\"https:\/\/marekkuchcinski.pl\/wp-content\/uploads\/2017\/01\/KU091517.jpg\" alt=\"KU091517\" width=\"1800\" height=\"1200\" srcset=\"https:\/\/marekkuchcinski.pl\/wp-content\/uploads\/2017\/01\/KU091517.jpg 1800w, https:\/\/marekkuchcinski.pl\/wp-content\/uploads\/2017\/01\/KU091517-300x200.jpg 300w, https:\/\/marekkuchcinski.pl\/wp-content\/uploads\/2017\/01\/KU091517-768x512.jpg 768w, https:\/\/marekkuchcinski.pl\/wp-content\/uploads\/2017\/01\/KU091517-1024x683.jpg 1024w\" sizes=\"(max-width: 1800px) 100vw, 1800px\" \/><\/a><\/p>\n<p><em>Fot\u00f3: Pawe\u0142 Kula<\/em><\/p>\n<p>&nbsp;<\/p>\n<p>&nbsp;<\/p>\n<p>&nbsp;<\/p>\n<p>&nbsp;<\/p>\n<p>&nbsp;<\/p>\n<p>&nbsp;<\/p>","protected":false},"excerpt":{"rendered":"<p>\u2013 Zarzuty czy pretensje ze strony opozycji s\u0105 bezpodstawne \u2013 powiedzia\u0142 marsza\u0142ek Sejmu Marek Kuchci\u0144ski w Polskim Radiu 24, odnosz\u0105c si\u0119 do wniosku PO o jego odwo\u0142anie. Stwierdzi\u0142 te\u017c, \u017ce pos\u0142owie okupuj\u0105cy m\u00f3wnic\u0119 z\u0142amali Regulamin Sejmu, musi wi\u0119c nast\u0105pi\u0107 procedura ich ukarania. Pytany, czy ma poparcie PiS w g\u0142osowaniu nad wnioskiem PO o odwo\u0142anie go [&hellip;]<\/p>\n","protected":false},"author":6,"featured_media":5103,"comment_status":"open","ping_status":"open","sticky":false,"template":"","format":"standard","meta":{"ngg_post_thumbnail":0,"footnotes":""},"categories":[81,3],"tags":[],"class_list":["post-5102","post","type-post","status-publish","format-standard","has-post-thumbnail","hentry","category-wiesci-z-sejmu","category-wydarzenia"],"_links":{"self":[{"href":"https:\/\/marekkuchcinski.pl\/hu\/wp-json\/wp\/v2\/posts\/5102","targetHints":{"allow":["GET"]}}],"collection":[{"href":"https:\/\/marekkuchcinski.pl\/hu\/wp-json\/wp\/v2\/posts"}],"about":[{"href":"https:\/\/marekkuchcinski.pl\/hu\/wp-json\/wp\/v2\/types\/post"}],"author":[{"embeddable":true,"href":"https:\/\/marekkuchcinski.pl\/hu\/wp-json\/wp\/v2\/users\/6"}],"replies":[{"embeddable":true,"href":"https:\/\/marekkuchcinski.pl\/hu\/wp-json\/wp\/v2\/comments?post=5102"}],"version-history":[{"count":2,"href":"https:\/\/marekkuchcinski.pl\/hu\/wp-json\/wp\/v2\/posts\/5102\/revisions"}],"predecessor-version":[{"id":5108,"href":"https:\/\/marekkuchcinski.pl\/hu\/wp-json\/wp\/v2\/posts\/5102\/revisions\/5108"}],"wp:featuredmedia":[{"embeddable":true,"href":"https:\/\/marekkuchcinski.pl\/hu\/wp-json\/wp\/v2\/media\/5103"}],"wp:attachment":[{"href":"https:\/\/marekkuchcinski.pl\/hu\/wp-json\/wp\/v2\/media?parent=5102"}],"wp:term":[{"taxonomy":"category","embeddable":true,"href":"https:\/\/marekkuchcinski.pl\/hu\/wp-json\/wp\/v2\/categories?post=5102"},{"taxonomy":"post_tag","embeddable":true,"href":"https:\/\/marekkuchcinski.pl\/hu\/wp-json\/wp\/v2\/tags?post=5102"}],"curies":[{"name":"wp","href":"https:\/\/api.w.org\/{rel}","templated":true}]}}