{"id":5095,"date":"2018-01-22T09:55:01","date_gmt":"2018-01-22T08:55:01","guid":{"rendered":"https:\/\/marekkuchcinski.pl\/?p=5095"},"modified":"2018-01-22T10:45:43","modified_gmt":"2018-01-22T09:45:43","slug":"rocznica-powstania-styczniowego","status":"publish","type":"post","link":"https:\/\/marekkuchcinski.pl\/hu\/wydarzenia\/rocznica-powstania-styczniowego\/","title":{"rendered":"A szejm eln\u00f6ke tisztelgett a janu\u00e1ri felkel\u00e9s el\u0151tt"},"content":{"rendered":"<p>Ma van a janu\u00e1ri felkel\u00e9s 155. \u00e9vfordul\u00f3ja. Ez a c\u00e1ri rendszer elleni fegyveres ellen\u00e1ll\u00e1s volt, amelyben az orosz elit Lengyelorsz\u00e1got jogos tulajdon\u00e1nak, Lengyelorsz\u00e1g feloszt\u00e1s\u00e1t pedig a t\u00f6rt\u00e9nelmi igazs\u00e1gszolg\u00e1ltat\u00e1s aktus\u00e1nak tekintette.<\/p>\n<p>Dr\u00e1mai lefoly\u00e1sa \u00e9s k\u00f6vetkezm\u00e9nyei ellen\u00e9re (a Lengyel Kir\u00e1lys\u00e1g teljesen elvesztette auton\u00f3mi\u00e1j\u00e1t, b\u00f6rt\u00f6n\u00f6kbe \u00e9s Szib\u00e9ri\u00e1ba ker\u00fclt) a lengyel hazafis\u00e1g, a m\u00e9lt\u00f3s\u00e1g\u00e9rt \u00e9s szabads\u00e1g\u00e9rt folytatott k\u00fczdelem nagy \u00f6r\u00f6ks\u00e9ge lett.<\/p>\n<p>Marek Kuchci\u0144ski, a szejm eln\u00f6ke a janu\u00e1ri felkel\u00e9s rzesz\u00f3wi eml\u00e9km\u0171v\u00e9n\u00e9l elhelyezett vir\u00e1gokkal tisztelgett a h\u0151s\u00f6k el\u0151tt.<\/p>\n<p><em>Fot\u00f3: J\u00f3zef Ambrozowicz<\/em><\/p>\n<p><a href=\"https:\/\/marekkuchcinski.pl\/wp-content\/uploads\/2018\/01\/ps.jpg\"><img fetchpriority=\"high\" decoding=\"async\" class=\"alignnone size-full wp-image-8356\" src=\"https:\/\/marekkuchcinski.pl\/wp-content\/uploads\/2018\/01\/ps.jpg\" alt=\"ps\" width=\"2912\" height=\"4368\" srcset=\"https:\/\/marekkuchcinski.pl\/wp-content\/uploads\/2018\/01\/ps.jpg 1365w, https:\/\/marekkuchcinski.pl\/wp-content\/uploads\/2018\/01\/ps-200x300.jpg 200w, https:\/\/marekkuchcinski.pl\/wp-content\/uploads\/2018\/01\/ps-768x1152.jpg 768w, https:\/\/marekkuchcinski.pl\/wp-content\/uploads\/2018\/01\/ps-683x1024.jpg 683w\" sizes=\"(max-width: 2912px) 100vw, 2912px\" \/><\/a><a href=\"https:\/\/marekkuchcinski.pl\/wp-content\/uploads\/2018\/01\/ps2.jpg\"><img decoding=\"async\" class=\"alignnone size-full wp-image-8357\" src=\"https:\/\/marekkuchcinski.pl\/wp-content\/uploads\/2018\/01\/ps2.jpg\" alt=\"ps2\" width=\"4368\" height=\"2912\" srcset=\"https:\/\/marekkuchcinski.pl\/wp-content\/uploads\/2018\/01\/ps2.jpg 2048w, https:\/\/marekkuchcinski.pl\/wp-content\/uploads\/2018\/01\/ps2-300x200.jpg 300w, https:\/\/marekkuchcinski.pl\/wp-content\/uploads\/2018\/01\/ps2-768x512.jpg 768w, https:\/\/marekkuchcinski.pl\/wp-content\/uploads\/2018\/01\/ps2-1024x683.jpg 1024w\" sizes=\"(max-width: 4368px) 100vw, 4368px\" \/><\/a> <a href=\"https:\/\/marekkuchcinski.pl\/wp-content\/uploads\/2018\/01\/ps-okl.jpg\"><img decoding=\"async\" class=\"alignnone size-full wp-image-8358\" src=\"https:\/\/marekkuchcinski.pl\/wp-content\/uploads\/2018\/01\/ps-okl.jpg\" alt=\"ps okl\" width=\"4368\" height=\"2912\" srcset=\"https:\/\/marekkuchcinski.pl\/wp-content\/uploads\/2018\/01\/ps-okl.jpg 2048w, https:\/\/marekkuchcinski.pl\/wp-content\/uploads\/2018\/01\/ps-okl-300x200.jpg 300w, https:\/\/marekkuchcinski.pl\/wp-content\/uploads\/2018\/01\/ps-okl-768x512.jpg 768w, https:\/\/marekkuchcinski.pl\/wp-content\/uploads\/2018\/01\/ps-okl-1024x683.jpg 1024w\" sizes=\"(max-width: 4368px) 100vw, 4368px\" \/><\/a><\/p>","protected":false},"excerpt":{"rendered":"<p>Dzi\u015b przypada 155. rocznica Powstania Styczniowego. By\u0142o ono zbrojnym sprzeciwem\u00a0wobec carskiemu re\u017cimowi, w kt\u00f3rym elity rosyjskie uznawa\u0142y Polsk\u0119 za prawowit\u0105 w\u0142asno\u015b\u0107, a rozbi\u00f3r Polski za\u00a0akt historycznej \u00a0sprawiedliwo\u015bci. Mimo dramatycznego przebiegu i\u00a0konsekwencji (Kr\u00f3lestwo Polskie ca\u0142kowicie utraci\u0142o autonomi\u0119, zsy\u0142ki do wi\u0119zie\u0144 i na Sybir) zapisa\u0142o si\u0119 jako wielkie dziedzictwo polskiego patriotyzmu, walki o godno\u015b\u0107 i wolno\u015b\u0107. Marsza\u0142ek [&hellip;]<\/p>\n","protected":false},"author":6,"featured_media":8361,"comment_status":"open","ping_status":"open","sticky":false,"template":"","format":"standard","meta":{"ngg_post_thumbnail":0,"footnotes":""},"categories":[77,3],"tags":[],"class_list":["post-5095","post","type-post","status-publish","format-standard","has-post-thumbnail","hentry","category-wazne-daty","category-wydarzenia"],"_links":{"self":[{"href":"https:\/\/marekkuchcinski.pl\/hu\/wp-json\/wp\/v2\/posts\/5095","targetHints":{"allow":["GET"]}}],"collection":[{"href":"https:\/\/marekkuchcinski.pl\/hu\/wp-json\/wp\/v2\/posts"}],"about":[{"href":"https:\/\/marekkuchcinski.pl\/hu\/wp-json\/wp\/v2\/types\/post"}],"author":[{"embeddable":true,"href":"https:\/\/marekkuchcinski.pl\/hu\/wp-json\/wp\/v2\/users\/6"}],"replies":[{"embeddable":true,"href":"https:\/\/marekkuchcinski.pl\/hu\/wp-json\/wp\/v2\/comments?post=5095"}],"version-history":[{"count":5,"href":"https:\/\/marekkuchcinski.pl\/hu\/wp-json\/wp\/v2\/posts\/5095\/revisions"}],"predecessor-version":[{"id":8355,"href":"https:\/\/marekkuchcinski.pl\/hu\/wp-json\/wp\/v2\/posts\/5095\/revisions\/8355"}],"wp:featuredmedia":[{"embeddable":true,"href":"https:\/\/marekkuchcinski.pl\/hu\/wp-json\/wp\/v2\/media\/8361"}],"wp:attachment":[{"href":"https:\/\/marekkuchcinski.pl\/hu\/wp-json\/wp\/v2\/media?parent=5095"}],"wp:term":[{"taxonomy":"category","embeddable":true,"href":"https:\/\/marekkuchcinski.pl\/hu\/wp-json\/wp\/v2\/categories?post=5095"},{"taxonomy":"post_tag","embeddable":true,"href":"https:\/\/marekkuchcinski.pl\/hu\/wp-json\/wp\/v2\/tags?post=5095"}],"curies":[{"name":"wp","href":"https:\/\/api.w.org\/{rel}","templated":true}]}}