{"id":5065,"date":"2017-01-23T10:46:00","date_gmt":"2017-01-23T09:46:00","guid":{"rendered":"https:\/\/marekkuchcinski.pl\/?p=5065"},"modified":"2017-01-23T12:48:24","modified_gmt":"2017-01-23T11:48:24","slug":"marszalek-kuchcinski-rzeszowie-poparcie-dla-pis-u-podkarpaciu-przekroczylo-70-proc","status":"publish","type":"post","link":"https:\/\/marekkuchcinski.pl\/hu\/wydarzenia\/marszalek-kuchcinski-rzeszowie-poparcie-dla-pis-u-podkarpaciu-przekroczylo-70-proc\/","title":{"rendered":"Kuchci\u0144ski h\u00e1zeln\u00f6k Rzesz\u00f3wban: A PiS t\u00e1mogatotts\u00e1ga Podkarpacieban meghaladta a 70 sz\u00e1zal\u00e9kot."},"content":{"rendered":"<p>A Rzesz\u00f3wban tartott \u00faj\u00e9vi \u00e9s d\u00e9lel\u0151tti k\u00f6sz\u00f6nt\u0151k sor\u00e1n Marek Kuchci\u0144ski, a szejm marsallja \u00f6sszegezte az elm\u00falt \u00e9vet. Hangs\u00falyozta, hogy a v\u00e1laszt\u00e1si kamp\u00e1ny 20 legfontosabb posztul\u00e1tum\u00e1nak nagy r\u00e9sze megval\u00f3sult. A legfontosabbak k\u00f6z\u00f6tt eml\u00edtette az 500 plusz programot, az id\u0151sek ingyenes gy\u00f3gyszerez\u00e9s\u00e9t, a nyugd\u00edjkorhat\u00e1r cs\u00f6kkent\u00e9s\u00e9t, az ad\u00f3mentes \u00f6sszeg bevezet\u00e9s\u00e9t, a 12 zloty-s minim\u00e1lis \u00f3rab\u00e9rt \u00e9s az \u00e1fa megsz\u00fcntet\u00e9s\u00e9t.<\/p>\n<p>A szejm eln\u00f6ke r\u00e1mutatott, hogy Podkarpacie p\u00e9ldak\u00e9pp\u00e9 v\u00e1lt m\u00e1sok sz\u00e1m\u00e1ra, 2005 \u00f3ta a legjobb eredm\u00e9nyeket kapta a Jog \u00e9s Igazs\u00e1goss\u00e1g, a p\u00e1rt jelenlegi t\u00e1mogatotts\u00e1ga meghaladja a 71 sz\u00e1zal\u00e9kot, illetve a 75 sz\u00e1zal\u00e9kot, ami azt jelenti, hogy ha ma tartan\u00e1k a v\u00e1laszt\u00e1sokat, a Jog \u00e9s Igazs\u00e1goss\u00e1g az \u00f6sszes parlamenti \u00e9s szen\u00e1tori helyet elnyern\u00e9. - Fontos, hogy egy\u00fcttm\u0171k\u00f6dj\u00fcnk olyan k\u00f6z\u00f6ss\u00e9gekkel, amelyek hasonl\u00f3an gondolkodnak \u00e9s besz\u00e9lnek Lengyelorsz\u00e1gr\u00f3l, mint mi, p\u00e9ld\u00e1ul a gazd\u00e1kkal, a katolikusokkal, a veter\u00e1nokkal vagy a fiatalok nagy t\u00f6meg\u00e9vel\" - \u00e9rvelt.<\/p>\n<p>- A tavalyi \u00e9v nagyon intenz\u00edv munka \u00e9ve volt\" - mondta a h\u00e1zeln\u00f6k. - A Parlament t\u00f6bb mint 300 jogszab\u00e1lyt \u00e9s 220 t\u00f6rv\u00e9nyt fogadott el, ami \u00f6sszhangban van a Lengyelorsz\u00e1g talpra \u00e1ll\u00edt\u00e1s\u00e1ra ir\u00e1nyul\u00f3 program megfelel\u0151 v\u00e9grehajt\u00e1s\u00e1val.<\/p>\n<p>A szejmben a k\u00f6zelm\u00faltban t\u00f6rt\u00e9nt esem\u00e9nyekre utalva biztos\u00edtotta, hogy elj\u00f6n az id\u0151, amikor le kell vonni a konzekvenci\u00e1kat, \u00e9s igazs\u00e1gosan kell \u00edt\u00e9lkezni a szab\u00e1lyok megszeg\u00e9se miatt. Hangs\u00falyozta azonban, hogy ezt \u00f3vatosan \u00e9s hat\u00e1rozottan kell tenni.<\/p>\n<p><a href=\"https:\/\/marekkuchcinski.pl\/wp-content\/uploads\/2017\/01\/DSCF0257.jpg\"><img fetchpriority=\"high\" decoding=\"async\" class=\"alignnone size-full wp-image-5073\" src=\"https:\/\/marekkuchcinski.pl\/wp-content\/uploads\/2017\/01\/DSCF0257.jpg\" alt=\"DSCF0257\" width=\"3485\" height=\"2327\" srcset=\"https:\/\/marekkuchcinski.pl\/wp-content\/uploads\/2017\/01\/DSCF0257.jpg 2048w, https:\/\/marekkuchcinski.pl\/wp-content\/uploads\/2017\/01\/DSCF0257-300x200.jpg 300w, https:\/\/marekkuchcinski.pl\/wp-content\/uploads\/2017\/01\/DSCF0257-768x513.jpg 768w, https:\/\/marekkuchcinski.pl\/wp-content\/uploads\/2017\/01\/DSCF0257-1024x684.jpg 1024w\" sizes=\"(max-width: 3485px) 100vw, 3485px\" \/><\/a> <a href=\"https:\/\/marekkuchcinski.pl\/wp-content\/uploads\/2017\/01\/DSCF0258.jpg\"><img decoding=\"async\" class=\"alignnone size-full wp-image-5074\" src=\"https:\/\/marekkuchcinski.pl\/wp-content\/uploads\/2017\/01\/DSCF0258.jpg\" alt=\"DSCF0258\" width=\"3648\" height=\"2433\" srcset=\"https:\/\/marekkuchcinski.pl\/wp-content\/uploads\/2017\/01\/DSCF0258.jpg 2048w, https:\/\/marekkuchcinski.pl\/wp-content\/uploads\/2017\/01\/DSCF0258-300x200.jpg 300w, https:\/\/marekkuchcinski.pl\/wp-content\/uploads\/2017\/01\/DSCF0258-768x512.jpg 768w, https:\/\/marekkuchcinski.pl\/wp-content\/uploads\/2017\/01\/DSCF0258-1024x683.jpg 1024w\" sizes=\"(max-width: 3648px) 100vw, 3648px\" \/><\/a> <a href=\"https:\/\/marekkuchcinski.pl\/wp-content\/uploads\/2017\/01\/DSCF0261.jpg\"><img decoding=\"async\" class=\"alignnone size-full wp-image-5076\" src=\"https:\/\/marekkuchcinski.pl\/wp-content\/uploads\/2017\/01\/DSCF0261.jpg\" alt=\"DSCF0261\" width=\"3974\" height=\"2653\" srcset=\"https:\/\/marekkuchcinski.pl\/wp-content\/uploads\/2017\/01\/DSCF0261.jpg 2048w, https:\/\/marekkuchcinski.pl\/wp-content\/uploads\/2017\/01\/DSCF0261-300x200.jpg 300w, https:\/\/marekkuchcinski.pl\/wp-content\/uploads\/2017\/01\/DSCF0261-768x513.jpg 768w, https:\/\/marekkuchcinski.pl\/wp-content\/uploads\/2017\/01\/DSCF0261-1024x684.jpg 1024w\" sizes=\"(max-width: 3974px) 100vw, 3974px\" \/><\/a><\/p>\n<p><a href=\"https:\/\/marekkuchcinski.pl\/wp-content\/uploads\/2017\/01\/DSCF0335.jpg\"><img loading=\"lazy\" decoding=\"async\" class=\"alignnone size-full wp-image-5078\" src=\"https:\/\/marekkuchcinski.pl\/wp-content\/uploads\/2017\/01\/DSCF0335.jpg\" alt=\"DSCF0335\" width=\"2858\" height=\"1908\" srcset=\"https:\/\/marekkuchcinski.pl\/wp-content\/uploads\/2017\/01\/DSCF0335.jpg 2048w, https:\/\/marekkuchcinski.pl\/wp-content\/uploads\/2017\/01\/DSCF0335-300x200.jpg 300w, https:\/\/marekkuchcinski.pl\/wp-content\/uploads\/2017\/01\/DSCF0335-768x513.jpg 768w, https:\/\/marekkuchcinski.pl\/wp-content\/uploads\/2017\/01\/DSCF0335-1024x684.jpg 1024w\" sizes=\"(max-width: 2858px) 100vw, 2858px\" \/><\/a> <a href=\"https:\/\/marekkuchcinski.pl\/wp-content\/uploads\/2017\/01\/DSCF0358.jpg\"><img loading=\"lazy\" decoding=\"async\" class=\"alignnone size-full wp-image-5079\" src=\"https:\/\/marekkuchcinski.pl\/wp-content\/uploads\/2017\/01\/DSCF0358.jpg\" alt=\"DSCF0358\" width=\"2180\" height=\"1449\" srcset=\"https:\/\/marekkuchcinski.pl\/wp-content\/uploads\/2017\/01\/DSCF0358.jpg 2048w, https:\/\/marekkuchcinski.pl\/wp-content\/uploads\/2017\/01\/DSCF0358-300x199.jpg 300w, https:\/\/marekkuchcinski.pl\/wp-content\/uploads\/2017\/01\/DSCF0358-768x510.jpg 768w, https:\/\/marekkuchcinski.pl\/wp-content\/uploads\/2017\/01\/DSCF0358-1024x681.jpg 1024w\" sizes=\"(max-width: 2180px) 100vw, 2180px\" \/><\/a> <a href=\"https:\/\/marekkuchcinski.pl\/wp-content\/uploads\/2017\/01\/DSCF0450.jpg\"><img loading=\"lazy\" decoding=\"async\" class=\"alignnone size-full wp-image-5080\" src=\"https:\/\/marekkuchcinski.pl\/wp-content\/uploads\/2017\/01\/DSCF0450.jpg\" alt=\"DSCF0450\" width=\"2079\" height=\"1388\" srcset=\"https:\/\/marekkuchcinski.pl\/wp-content\/uploads\/2017\/01\/DSCF0450.jpg 2048w, https:\/\/marekkuchcinski.pl\/wp-content\/uploads\/2017\/01\/DSCF0450-300x200.jpg 300w, https:\/\/marekkuchcinski.pl\/wp-content\/uploads\/2017\/01\/DSCF0450-768x513.jpg 768w, https:\/\/marekkuchcinski.pl\/wp-content\/uploads\/2017\/01\/DSCF0450-1024x684.jpg 1024w\" sizes=\"(max-width: 2079px) 100vw, 2079px\" \/><\/a> <a href=\"https:\/\/marekkuchcinski.pl\/wp-content\/uploads\/2017\/01\/DSCF0467.jpg\"><img loading=\"lazy\" decoding=\"async\" class=\"alignnone size-full wp-image-5081\" src=\"https:\/\/marekkuchcinski.pl\/wp-content\/uploads\/2017\/01\/DSCF0467.jpg\" alt=\"DSCF0467\" width=\"2889\" height=\"1929\" srcset=\"https:\/\/marekkuchcinski.pl\/wp-content\/uploads\/2017\/01\/DSCF0467.jpg 2048w, https:\/\/marekkuchcinski.pl\/wp-content\/uploads\/2017\/01\/DSCF0467-300x200.jpg 300w, https:\/\/marekkuchcinski.pl\/wp-content\/uploads\/2017\/01\/DSCF0467-768x513.jpg 768w, https:\/\/marekkuchcinski.pl\/wp-content\/uploads\/2017\/01\/DSCF0467-1024x684.jpg 1024w\" sizes=\"(max-width: 2889px) 100vw, 2889px\" \/><\/a>\u00a0Janina Sagatowska, szen\u00e1tor<\/p>\n<p><a href=\"https:\/\/marekkuchcinski.pl\/wp-content\/uploads\/2017\/01\/DSCF0474.jpg\"><img loading=\"lazy\" decoding=\"async\" class=\"alignnone size-full wp-image-5082\" src=\"https:\/\/marekkuchcinski.pl\/wp-content\/uploads\/2017\/01\/DSCF0474.jpg\" alt=\"DSCF0474\" width=\"3031\" height=\"2025\" srcset=\"https:\/\/marekkuchcinski.pl\/wp-content\/uploads\/2017\/01\/DSCF0474.jpg 2048w, https:\/\/marekkuchcinski.pl\/wp-content\/uploads\/2017\/01\/DSCF0474-300x200.jpg 300w, https:\/\/marekkuchcinski.pl\/wp-content\/uploads\/2017\/01\/DSCF0474-768x513.jpg 768w, https:\/\/marekkuchcinski.pl\/wp-content\/uploads\/2017\/01\/DSCF0474-1024x684.jpg 1024w\" sizes=\"(max-width: 3031px) 100vw, 3031px\" \/><\/a><\/p>\n<p>Tomasz Por\u0119ba, az Eur\u00f3pai Parlament k\u00e9pvisel\u0151je<\/p>\n<p><a href=\"https:\/\/marekkuchcinski.pl\/wp-content\/uploads\/2017\/01\/DSCF0476.jpg\"><img loading=\"lazy\" decoding=\"async\" class=\"alignnone size-full wp-image-5083\" src=\"https:\/\/marekkuchcinski.pl\/wp-content\/uploads\/2017\/01\/DSCF0476.jpg\" alt=\"DSCF0476\" width=\"3317\" height=\"2214\" srcset=\"https:\/\/marekkuchcinski.pl\/wp-content\/uploads\/2017\/01\/DSCF0476.jpg 2048w, https:\/\/marekkuchcinski.pl\/wp-content\/uploads\/2017\/01\/DSCF0476-300x200.jpg 300w, https:\/\/marekkuchcinski.pl\/wp-content\/uploads\/2017\/01\/DSCF0476-768x513.jpg 768w, https:\/\/marekkuchcinski.pl\/wp-content\/uploads\/2017\/01\/DSCF0476-1024x683.jpg 1024w\" sizes=\"(max-width: 3317px) 100vw, 3317px\" \/><\/a><\/p>\n<p>Ewa Leniart, a Podkarpatszkaja r\u00e9gi\u00f3 korm\u00e1nyz\u00f3ja<\/p>\n<p><a href=\"https:\/\/marekkuchcinski.pl\/wp-content\/uploads\/2017\/01\/DSCF0480.jpg\"><img loading=\"lazy\" decoding=\"async\" class=\"alignnone size-full wp-image-5084\" src=\"https:\/\/marekkuchcinski.pl\/wp-content\/uploads\/2017\/01\/DSCF0480.jpg\" alt=\"DSCF0480\" width=\"3959\" height=\"2643\" srcset=\"https:\/\/marekkuchcinski.pl\/wp-content\/uploads\/2017\/01\/DSCF0480.jpg 2048w, https:\/\/marekkuchcinski.pl\/wp-content\/uploads\/2017\/01\/DSCF0480-300x200.jpg 300w, https:\/\/marekkuchcinski.pl\/wp-content\/uploads\/2017\/01\/DSCF0480-768x513.jpg 768w, https:\/\/marekkuchcinski.pl\/wp-content\/uploads\/2017\/01\/DSCF0480-1024x684.jpg 1024w\" sizes=\"(max-width: 3959px) 100vw, 3959px\" \/><\/a> <a href=\"https:\/\/marekkuchcinski.pl\/wp-content\/uploads\/2017\/01\/DSCF0509.jpg\"><img loading=\"lazy\" decoding=\"async\" class=\"alignnone size-full wp-image-5085\" src=\"https:\/\/marekkuchcinski.pl\/wp-content\/uploads\/2017\/01\/DSCF0509.jpg\" alt=\"DSCF0509\" width=\"2588\" height=\"1729\" srcset=\"https:\/\/marekkuchcinski.pl\/wp-content\/uploads\/2017\/01\/DSCF0509.jpg 2048w, https:\/\/marekkuchcinski.pl\/wp-content\/uploads\/2017\/01\/DSCF0509-300x200.jpg 300w, https:\/\/marekkuchcinski.pl\/wp-content\/uploads\/2017\/01\/DSCF0509-768x513.jpg 768w, https:\/\/marekkuchcinski.pl\/wp-content\/uploads\/2017\/01\/DSCF0509-1024x684.jpg 1024w\" sizes=\"(max-width: 2588px) 100vw, 2588px\" \/><\/a> <a href=\"https:\/\/marekkuchcinski.pl\/wp-content\/uploads\/2017\/01\/DSCF0528.jpg\"><img loading=\"lazy\" decoding=\"async\" class=\"alignnone size-full wp-image-5086\" src=\"https:\/\/marekkuchcinski.pl\/wp-content\/uploads\/2017\/01\/DSCF0528.jpg\" alt=\"DSCF0528\" width=\"2262\" height=\"1510\" srcset=\"https:\/\/marekkuchcinski.pl\/wp-content\/uploads\/2017\/01\/DSCF0528.jpg 2048w, https:\/\/marekkuchcinski.pl\/wp-content\/uploads\/2017\/01\/DSCF0528-300x200.jpg 300w, https:\/\/marekkuchcinski.pl\/wp-content\/uploads\/2017\/01\/DSCF0528-768x513.jpg 768w, https:\/\/marekkuchcinski.pl\/wp-content\/uploads\/2017\/01\/DSCF0528-1024x684.jpg 1024w\" sizes=\"(max-width: 2262px) 100vw, 2262px\" \/><\/a> <a href=\"https:\/\/marekkuchcinski.pl\/wp-content\/uploads\/2017\/01\/DSCF0535.jpg\"><img loading=\"lazy\" decoding=\"async\" class=\"alignnone size-full wp-image-5087\" src=\"https:\/\/marekkuchcinski.pl\/wp-content\/uploads\/2017\/01\/DSCF0535.jpg\" alt=\"DSCF0535\" width=\"4896\" height=\"2760\" srcset=\"https:\/\/marekkuchcinski.pl\/wp-content\/uploads\/2017\/01\/DSCF0535.jpg 2048w, https:\/\/marekkuchcinski.pl\/wp-content\/uploads\/2017\/01\/DSCF0535-300x169.jpg 300w, https:\/\/marekkuchcinski.pl\/wp-content\/uploads\/2017\/01\/DSCF0535-768x433.jpg 768w, https:\/\/marekkuchcinski.pl\/wp-content\/uploads\/2017\/01\/DSCF0535-1024x577.jpg 1024w\" sizes=\"(max-width: 4896px) 100vw, 4896px\" \/><\/a> <a href=\"https:\/\/marekkuchcinski.pl\/wp-content\/uploads\/2017\/01\/DSCF0557.jpg\"><img loading=\"lazy\" decoding=\"async\" class=\"alignnone size-full wp-image-5088\" src=\"https:\/\/marekkuchcinski.pl\/wp-content\/uploads\/2017\/01\/DSCF0557.jpg\" alt=\"DSCF0557\" width=\"4896\" height=\"2760\" srcset=\"https:\/\/marekkuchcinski.pl\/wp-content\/uploads\/2017\/01\/DSCF0557.jpg 2048w, https:\/\/marekkuchcinski.pl\/wp-content\/uploads\/2017\/01\/DSCF0557-300x169.jpg 300w, https:\/\/marekkuchcinski.pl\/wp-content\/uploads\/2017\/01\/DSCF0557-768x433.jpg 768w, https:\/\/marekkuchcinski.pl\/wp-content\/uploads\/2017\/01\/DSCF0557-1024x577.jpg 1024w\" sizes=\"(max-width: 4896px) 100vw, 4896px\" \/><\/a> <a href=\"https:\/\/marekkuchcinski.pl\/wp-content\/uploads\/2017\/01\/DSCF0563.jpg\"><img loading=\"lazy\" decoding=\"async\" class=\"alignnone size-full wp-image-5089\" src=\"https:\/\/marekkuchcinski.pl\/wp-content\/uploads\/2017\/01\/DSCF0563.jpg\" alt=\"DSCF0563\" width=\"4896\" height=\"2760\" srcset=\"https:\/\/marekkuchcinski.pl\/wp-content\/uploads\/2017\/01\/DSCF0563.jpg 2048w, https:\/\/marekkuchcinski.pl\/wp-content\/uploads\/2017\/01\/DSCF0563-300x169.jpg 300w, https:\/\/marekkuchcinski.pl\/wp-content\/uploads\/2017\/01\/DSCF0563-768x433.jpg 768w, https:\/\/marekkuchcinski.pl\/wp-content\/uploads\/2017\/01\/DSCF0563-1024x577.jpg 1024w\" sizes=\"(max-width: 4896px) 100vw, 4896px\" \/><\/a><\/p>","protected":false},"excerpt":{"rendered":"<p>Podczas spotkania noworoczno-op\u0142atkowego w Rzeszowie marsza\u0142ek Sejmu Marek Kuchci\u0144ski podsumowa\u0142 ostatni rok. Podkre\u015bli\u0142, \u017ce z 20 najwa\u017cniejszych postulat\u00f3w z kampanii wyborczej wi\u0119kszo\u015b\u0107 zosta\u0142a zrealizowana. Jako najwa\u017cniejsze wymieni\u0142 program 500 plus, bezp\u0142atne leki dla senior\u00f3w,\u00a0obni\u017cenie wieku emerytalnego, wprowadzenie\u00a0kwoty wolnej od podatku, minimaln\u0105 stawk\u0119 godzinow\u0105 12 z\u0142, a tak\u017ce uszczelnienie podatku VAT. Marsza\u0142ek Sejmu zaznaczy\u0142, \u017ce Podkarpacie [&hellip;]<\/p>\n","protected":false},"author":6,"featured_media":5093,"comment_status":"open","ping_status":"open","sticky":false,"template":"","format":"standard","meta":{"ngg_post_thumbnail":0,"footnotes":""},"categories":[49,82,3],"tags":[],"class_list":["post-5065","post","type-post","status-publish","format-standard","has-post-thumbnail","hentry","category-podkarpacie","category-prawo-i-sprawiedliwosc","category-wydarzenia"],"_links":{"self":[{"href":"https:\/\/marekkuchcinski.pl\/hu\/wp-json\/wp\/v2\/posts\/5065","targetHints":{"allow":["GET"]}}],"collection":[{"href":"https:\/\/marekkuchcinski.pl\/hu\/wp-json\/wp\/v2\/posts"}],"about":[{"href":"https:\/\/marekkuchcinski.pl\/hu\/wp-json\/wp\/v2\/types\/post"}],"author":[{"embeddable":true,"href":"https:\/\/marekkuchcinski.pl\/hu\/wp-json\/wp\/v2\/users\/6"}],"replies":[{"embeddable":true,"href":"https:\/\/marekkuchcinski.pl\/hu\/wp-json\/wp\/v2\/comments?post=5065"}],"version-history":[{"count":4,"href":"https:\/\/marekkuchcinski.pl\/hu\/wp-json\/wp\/v2\/posts\/5065\/revisions"}],"predecessor-version":[{"id":5094,"href":"https:\/\/marekkuchcinski.pl\/hu\/wp-json\/wp\/v2\/posts\/5065\/revisions\/5094"}],"wp:featuredmedia":[{"embeddable":true,"href":"https:\/\/marekkuchcinski.pl\/hu\/wp-json\/wp\/v2\/media\/5093"}],"wp:attachment":[{"href":"https:\/\/marekkuchcinski.pl\/hu\/wp-json\/wp\/v2\/media?parent=5065"}],"wp:term":[{"taxonomy":"category","embeddable":true,"href":"https:\/\/marekkuchcinski.pl\/hu\/wp-json\/wp\/v2\/categories?post=5065"},{"taxonomy":"post_tag","embeddable":true,"href":"https:\/\/marekkuchcinski.pl\/hu\/wp-json\/wp\/v2\/tags?post=5065"}],"curies":[{"name":"wp","href":"https:\/\/api.w.org\/{rel}","templated":true}]}}