{"id":5059,"date":"2017-01-20T11:47:17","date_gmt":"2017-01-20T10:47:17","guid":{"rendered":"https:\/\/marekkuchcinski.pl\/?p=5059"},"modified":"2017-01-20T11:55:14","modified_gmt":"2017-01-20T10:55:14","slug":"1969-czeski-robotnik-josef-hlavaty-dokonal-pilznie-aktu-samospalenia-protescie-przeciwko-interwencji-wojsk-ukladu-warszawskiego-czechoslowacji","status":"publish","type":"post","link":"https:\/\/marekkuchcinski.pl\/hu\/wazne-daty\/1969-czeski-robotnik-josef-hlavaty-dokonal-pilznie-aktu-samospalenia-protescie-przeciwko-interwencji-wojsk-ukladu-warszawskiego-czechoslowacji\/","title":{"rendered":"1969: Josef Hlavat\u00fd cseh munk\u00e1s felgy\u00fajtotta mag\u00e1t Plze\u0148ben, hogy tiltakozzon a Vars\u00f3i Szerz\u0151d\u00e9s csapatainak csehszlov\u00e1kiai beavatkoz\u00e1sa ellen."},"content":{"rendered":"<p>N\u00e9h\u00e1ny h\u00f3nappal a lengyel Ryszard Siwiecnek a Vars\u00f3i Szerz\u0151d\u00e9s csapatainak csehszlov\u00e1kiai beavatkoz\u00e1sa elleni dr\u00e1mai tiltakoz\u00e1sa ut\u00e1n Josef Hlavat\u00fd cseh munk\u00e1s felgy\u00fajtotta mag\u00e1t Plze\u0148ben. A tehetetlens\u00e9g legrosszabb ki\u00e1lt\u00e1sa n\u00e9h\u00e1ny nappal azut\u00e1n hangzott el, hogy egy m\u00e1sik cseh, Jan Palach felgy\u00fajtotta mag\u00e1t.<\/p>\n<p><a href=\"https:\/\/marekkuchcinski.pl\/wp-content\/uploads\/2017\/01\/20.-leden-1969-pietni-manifestace-na-strankach-tisku-4974285658e58.jpg\"><img fetchpriority=\"high\" decoding=\"async\" class=\"alignnone size-full wp-image-5060\" src=\"https:\/\/marekkuchcinski.pl\/wp-content\/uploads\/2017\/01\/20.-leden-1969-pietni-manifestace-na-strankach-tisku-4974285658e58.jpg\" alt=\"20.-leden-1969,---pietni-manifestace-na---strankach-tisku-4974285658e58\" width=\"600\" height=\"373\" srcset=\"https:\/\/marekkuchcinski.pl\/wp-content\/uploads\/2017\/01\/20.-leden-1969-pietni-manifestace-na-strankach-tisku-4974285658e58.jpg 600w, https:\/\/marekkuchcinski.pl\/wp-content\/uploads\/2017\/01\/20.-leden-1969-pietni-manifestace-na-strankach-tisku-4974285658e58-300x187.jpg 300w\" sizes=\"(max-width: 600px) 100vw, 600px\" \/><\/a><\/p>","protected":false},"excerpt":{"rendered":"<p>N\u00e9h\u00e1ny h\u00f3nappal a lengyel Ryszard Siwiecnek a Vars\u00f3i Szerz\u0151d\u00e9s csapatainak csehszlov\u00e1kiai beavatkoz\u00e1sa elleni dr\u00e1mai tiltakoz\u00e1sa ut\u00e1n Josef Hlavat\u00fd cseh munk\u00e1s felgy\u00fajtotta mag\u00e1t Plze\u0148ben. A tehetetlens\u00e9g legrosszabb ki\u00e1lt\u00e1sa n\u00e9h\u00e1ny nappal azut\u00e1n hangzott el, hogy egy m\u00e1sik cseh, Jan Palach felgy\u00fajtotta mag\u00e1t.<\/p>","protected":false},"author":6,"featured_media":5060,"comment_status":"open","ping_status":"open","sticky":false,"template":"","format":"standard","meta":{"ngg_post_thumbnail":0,"footnotes":""},"categories":[77],"tags":[],"class_list":["post-5059","post","type-post","status-publish","format-standard","has-post-thumbnail","hentry","category-wazne-daty"],"_links":{"self":[{"href":"https:\/\/marekkuchcinski.pl\/hu\/wp-json\/wp\/v2\/posts\/5059","targetHints":{"allow":["GET"]}}],"collection":[{"href":"https:\/\/marekkuchcinski.pl\/hu\/wp-json\/wp\/v2\/posts"}],"about":[{"href":"https:\/\/marekkuchcinski.pl\/hu\/wp-json\/wp\/v2\/types\/post"}],"author":[{"embeddable":true,"href":"https:\/\/marekkuchcinski.pl\/hu\/wp-json\/wp\/v2\/users\/6"}],"replies":[{"embeddable":true,"href":"https:\/\/marekkuchcinski.pl\/hu\/wp-json\/wp\/v2\/comments?post=5059"}],"version-history":[{"count":3,"href":"https:\/\/marekkuchcinski.pl\/hu\/wp-json\/wp\/v2\/posts\/5059\/revisions"}],"predecessor-version":[{"id":5063,"href":"https:\/\/marekkuchcinski.pl\/hu\/wp-json\/wp\/v2\/posts\/5059\/revisions\/5063"}],"wp:featuredmedia":[{"embeddable":true,"href":"https:\/\/marekkuchcinski.pl\/hu\/wp-json\/wp\/v2\/media\/5060"}],"wp:attachment":[{"href":"https:\/\/marekkuchcinski.pl\/hu\/wp-json\/wp\/v2\/media?parent=5059"}],"wp:term":[{"taxonomy":"category","embeddable":true,"href":"https:\/\/marekkuchcinski.pl\/hu\/wp-json\/wp\/v2\/categories?post=5059"},{"taxonomy":"post_tag","embeddable":true,"href":"https:\/\/marekkuchcinski.pl\/hu\/wp-json\/wp\/v2\/tags?post=5059"}],"curies":[{"name":"wp","href":"https:\/\/api.w.org\/{rel}","templated":true}]}}