{"id":5049,"date":"2017-01-20T11:12:45","date_gmt":"2017-01-20T10:12:45","guid":{"rendered":"https:\/\/marekkuchcinski.pl\/?p=5049"},"modified":"2017-01-20T11:21:59","modified_gmt":"2017-01-20T10:21:59","slug":"miedzynarodowy-puchar-karpat-narciarstwie-alpejskim-patronatem-marszalka-sejmu","status":"publish","type":"post","link":"https:\/\/marekkuchcinski.pl\/hu\/wydarzenia\/miedzynarodowy-puchar-karpat-narciarstwie-alpejskim-patronatem-marszalka-sejmu\/","title":{"rendered":"Nemzetk\u00f6zi K\u00e1rp\u00e1t Kupa alpesi s\u00edel\u00e9sben a szejm eln\u00f6k\u00e9nek v\u00e9dn\u00f6ks\u00e9ge alatt"},"content":{"rendered":"<p>2017. janu\u00e1r 29-\u00e9n 10 \u00f3r\u00e1t\u00f3l 14 \u00f3r\u00e1ig Przemy\u015blben a Lengyel S\u00edsz\u00f6vets\u00e9g enged\u00e9ly\u00e9vel nem rendelkez\u0151k sz\u00e1m\u00e1ra rendeznek s\u00edversenyt. <em>Nemzetk\u00f6zi K\u00e1rp\u00e1t Kupa alpesi s\u00edel\u00e9sben<\/em> A v\u00e9dn\u00f6ks\u00e9get Marek Kuchci\u0144ski, a Szejm eln\u00f6ke \u00e9s a visegr\u00e1di orsz\u00e1gok parlamenti eln\u00f6kei v\u00e1llalt\u00e1k. A versenyt Przemy\u015bl v\u00e1ros eln\u00f6ke szervezi a lengyel Szejm, a Sport- \u00e9s Idegenforgalmi Miniszt\u00e9rium, a Podkarpatszkaja Vajdas\u00e1g marsallja \u00e9s a Keleti Int\u00e9zet egy\u00fcttm\u0171k\u00f6d\u00e9s\u00e9vel.<\/p>\n<p>A K\u00e1rp\u00e1t-medencei orsz\u00e1gok versenyz\u0151i az \u00f3ri\u00e1s szlalom versenyen indulnak. Az egyes koroszt\u00e1lyok gy\u0151zteseinek kup\u00e1kat \u00e9s t\u00e1rgyi d\u00edjakat sz\u00e1nnak. A szejm eln\u00f6k\u00e9nek kezdem\u00e9nyez\u00e9s\u00e9re a verseny ut\u00e1n a Przemysl r\u00e9gi\u00f3 Nemzeti M\u00fazeum\u00e1ban a \"K\u00e1rp\u00e1tok Eur\u00f3p\u00e1ja\" ciklus keret\u00e9ben - a region\u00e1lis egy\u00fcttm\u0171k\u00f6d\u00e9s aktu\u00e1lis probl\u00e9m\u00e1inak szentelve - vitaf\u00f3rumot tartanak.<\/p>\n<p>A przemysli s\u00edverseny nemzetk\u00f6zi versenyciklust ind\u00edt majd el<br \/>\nlesikl\u00e1sban a k\u00fcl\u00f6nb\u00f6z\u0151 orsz\u00e1gokban megrendezett K\u00e1rp\u00e1t-kup\u00e1n. A Szejm eln\u00f6ke \u00e9s a Szen\u00e1tus eln\u00f6ke - a Sport- \u00e9s Idegenforgalmi Miniszt\u00e9rium szervez\u00e9si t\u00e1mogat\u00e1s\u00e1val - azt tervezi, hogy id\u00e9n febru\u00e1rban \u00e9s m\u00e1rciusban tov\u00e1bbi versenyeket szervez ebb\u0151l a ciklusb\u00f3l. A verseny a visegr\u00e1di csoport \u00e9s a K\u00e1rp\u00e1ti Eur\u00f3pa keret\u00e9ben megval\u00f3sul\u00f3 parlamenti egy\u00fcttm\u0171k\u00f6d\u00e9s \u00fajabb eleme lesz.<\/p>\n<p><a href=\"https:\/\/marekkuchcinski.pl\/wp-content\/uploads\/2017\/01\/2017-01-20.jpg\"><img fetchpriority=\"high\" decoding=\"async\" class=\"alignnone wp-image-5050\" src=\"https:\/\/marekkuchcinski.pl\/wp-content\/uploads\/2017\/01\/2017-01-20.jpg\" alt=\"2017-01-20\" width=\"632\" height=\"457\" srcset=\"https:\/\/marekkuchcinski.pl\/wp-content\/uploads\/2017\/01\/2017-01-20.jpg 416w, https:\/\/marekkuchcinski.pl\/wp-content\/uploads\/2017\/01\/2017-01-20-300x217.jpg 300w\" sizes=\"(max-width: 632px) 100vw, 632px\" \/><\/a><\/p>","protected":false},"excerpt":{"rendered":"<p>29 stycznia 2017 r. w godz. 10-14\u00a0 w Przemy\u015blu odb\u0119d\u0105 si\u0119 zawody narciarskie dla os\u00f3b nieposiadaj\u0105cych licencji Polskiego Zwi\u0105zku Narciarskiego. Mi\u0119dzynarodowy Puchar Karpat w Narciarstwie Alpejskim patronatem obj\u0119li Marsza\u0142ek Sejmu Marek Kuchci\u0144ski oraz Przewodnicz\u0105cy Parlament\u00f3w pa\u0144stw Grupy Wyszehradzkiej. Zawody organizuje Prezydent Miasta Przemy\u015bla przy wsp\u00f3\u0142udziale Sejmu RP, Ministerstwa Sportu i Turystyki, Marsza\u0142ka Wojew\u00f3dztwa Podkarpackiego oraz [&hellip;]<\/p>\n","protected":false},"author":6,"featured_media":5050,"comment_status":"open","ping_status":"open","sticky":false,"template":"","format":"standard","meta":{"ngg_post_thumbnail":0,"footnotes":""},"categories":[78,49,3],"tags":[],"class_list":["post-5049","post","type-post","status-publish","format-standard","has-post-thumbnail","hentry","category-europa-karpat","category-podkarpacie","category-wydarzenia"],"_links":{"self":[{"href":"https:\/\/marekkuchcinski.pl\/hu\/wp-json\/wp\/v2\/posts\/5049","targetHints":{"allow":["GET"]}}],"collection":[{"href":"https:\/\/marekkuchcinski.pl\/hu\/wp-json\/wp\/v2\/posts"}],"about":[{"href":"https:\/\/marekkuchcinski.pl\/hu\/wp-json\/wp\/v2\/types\/post"}],"author":[{"embeddable":true,"href":"https:\/\/marekkuchcinski.pl\/hu\/wp-json\/wp\/v2\/users\/6"}],"replies":[{"embeddable":true,"href":"https:\/\/marekkuchcinski.pl\/hu\/wp-json\/wp\/v2\/comments?post=5049"}],"version-history":[{"count":6,"href":"https:\/\/marekkuchcinski.pl\/hu\/wp-json\/wp\/v2\/posts\/5049\/revisions"}],"predecessor-version":[{"id":5056,"href":"https:\/\/marekkuchcinski.pl\/hu\/wp-json\/wp\/v2\/posts\/5049\/revisions\/5056"}],"wp:featuredmedia":[{"embeddable":true,"href":"https:\/\/marekkuchcinski.pl\/hu\/wp-json\/wp\/v2\/media\/5050"}],"wp:attachment":[{"href":"https:\/\/marekkuchcinski.pl\/hu\/wp-json\/wp\/v2\/media?parent=5049"}],"wp:term":[{"taxonomy":"category","embeddable":true,"href":"https:\/\/marekkuchcinski.pl\/hu\/wp-json\/wp\/v2\/categories?post=5049"},{"taxonomy":"post_tag","embeddable":true,"href":"https:\/\/marekkuchcinski.pl\/hu\/wp-json\/wp\/v2\/tags?post=5049"}],"curies":[{"name":"wp","href":"https:\/\/api.w.org\/{rel}","templated":true}]}}