{"id":5028,"date":"2017-01-18T15:52:25","date_gmt":"2017-01-18T14:52:25","guid":{"rendered":"https:\/\/marekkuchcinski.pl\/?p=5028"},"modified":"2017-01-19T14:06:39","modified_gmt":"2017-01-19T13:06:39","slug":"marszalek-sejmu-o-integracji-europejskiej-przebudowa-unii-europejskiej-federacje-rozwiaze-najwazniejszych-wspolczesnych-problemow-kontynencie","status":"publish","type":"post","link":"https:\/\/marekkuchcinski.pl\/hu\/wydarzenia\/marszalek-sejmu-o-integracji-europejskiej-przebudowa-unii-europejskiej-federacje-rozwiaze-najwazniejszych-wspolczesnych-problemow-kontynencie\/","title":{"rendered":"A Szejm eur\u00f3pai integr\u00e1ci\u00f3val foglalkoz\u00f3 eln\u00f6ke: Az Eur\u00f3pai Uni\u00f3 f\u00f6der\u00e1ci\u00f3v\u00e1 val\u00f3 \u00e1talak\u00edt\u00e1sa nem fogja megoldani a kontinens legfontosabb jelenlegi probl\u00e9m\u00e1it"},"content":{"rendered":"<p><strong>Marek Kuchci\u0144ski, a szejm eln\u00f6ke v\u00e1llalta a v\u00e9dn\u00f6ks\u00e9get az \"Az eur\u00f3pai integr\u00e1ci\u00f3 j\u00f6v\u0151je\" c\u00edm\u0171 konferenci\u00e1n, amelynek c\u00e9lja, hogy v\u00e1laszt adjon az eur\u00f3pai integr\u00e1ci\u00f3 j\u00f6v\u0151j\u00e9vel kapcsolatos k\u00e9rd\u00e9sekre, valamint arra, hogy milyen eur\u00f3pai politik\u00e1kat kellene folytatni a v\u00e1ls\u00e1gb\u00f3l val\u00f3 kil\u00e1bal\u00e1s \u00e9rdek\u00e9ben.<\/strong><\/p>\n<p>A konferencia megnyit\u00f3j\u00e1n a szejm eln\u00f6ke rem\u00e9ny\u00e9t fejezte ki, hogy a R\u00f3mai Szerz\u0151d\u00e9sek \u00e9vfordul\u00f3j\u00e1nak \u00fcnnepl\u00e9se sor\u00e1n \u00e1tt\u00f6r\u00e9s sz\u00fcletik az uni\u00f3s politik\u00e1ban. - Az els\u0151 d\u00f6nt\u00e9seket R\u00f3m\u00e1ban kell majd meghozni, jelezve az Eur\u00f3pai Uni\u00f3 fejl\u0151d\u00e9s\u00e9nek v\u00edzi\u00f3j\u00e1t - mondta Kuchci\u0144ski.<\/p>\n<p>A h\u00e1zeln\u00f6k elmondta, hogy az Uni\u00f3, amely k\u00e9t pill\u00e9ren - biztons\u00e1g \u00e9s j\u00f3l\u00e9t - nyugszik, \u00e1tmeneti id\u0151szakon megy kereszt\u00fcl, amely egyr\u00e9szt az EU hat\u00e1rai ment\u00e9n zajl\u00f3 h\u00e1bor\u00fakkal - nem csak Ukrajn\u00e1ban - \u00e9s a t\u00f6meges bev\u00e1ndorl\u00e1ssal, m\u00e1sr\u00e9szt a v\u00e1ls\u00e1ggal \u00e9s az eur\u00f3\u00f6vezet sz\u00e1mos orsz\u00e1g\u00e1ban tapasztalhat\u00f3 sok\u00e9ves stagn\u00e1l\u00e1ssal f\u00fcgg \u00f6ssze.<\/p>\n<p>Eml\u00e9keztetett az Egyes\u00fclt Kir\u00e1lys\u00e1gnak, az EU legnagyobb gazdas\u00e1gi \u00e1llam\u00e1nak az Uni\u00f3b\u00f3l val\u00f3 kil\u00e9p\u00e9s\u00e9re, de azt is hangs\u00falyozta, hogy a legt\u00f6bben az eurorealista ir\u00e1nyzatot v\u00e1lasztan\u00e1k, amelyet a kereszt\u00e9nys\u00e9g \u00e9s a hum\u00e1n tudom\u00e1nyok alapvet\u0151 eur\u00f3pai \u00e9rt\u00e9keinek megbecs\u00fcl\u00e9s\u00e9vel p\u00e1rosul\u00f3 k\u00f6lts\u00e9g-haszon elemz\u00e9s t\u00e1maszt al\u00e1.<\/p>\n<p>A h\u00e1zeln\u00f6k szerint nincs demokr\u00e1cia er\u0151sen nemzeti k\u00f6z\u00f6ss\u00e9gen alapul\u00f3 \u00e1llam n\u00e9lk\u00fcl. Hangs\u00falyozta, hogy Eur\u00f3pa eredet\u00e9t tekintve kereszt\u00e9ny, ugyanakkor kultur\u00e1lis \u00e9rtelemben pluralista \u00e9s toler\u00e1ns, ami meghat\u00e1rozza egyedi jelleg\u00e9t \u00e9s vil\u00e1gm\u00e9ret\u0171 vonzerej\u00e9t. Ez a m\u00e1ss\u00e1g a lengyelek, franci\u00e1k, n\u00e9metek k\u00f6z\u00f6tt... tesz minket eur\u00f3paiv\u00e1.<\/p>\n<p>Az EU f\u00f6der\u00e1lis jelleg\u00e9nek megad\u00e1s\u00e1val szemben, ami az EU nemzetek feletti int\u00e9zm\u00e9nyeinek meger\u0151s\u00edt\u00e9s\u00e9t \u00e9s az Eur\u00f3pai Uni\u00f3ban folytatott konkr\u00e9t politik\u00e1k k\u00f6zpontos\u00edt\u00e1s\u00e1t jelenten\u00e9, a Lengyelorsz\u00e1g \u00e1ltal az EU meg\u00faj\u00edt\u00e1s\u00e1ra \u00e9s meger\u0151s\u00edt\u00e9s\u00e9re beny\u00fajtott projekt - a \"szolidarit\u00e1s Eur\u00f3p\u00e1ja\" - alternat\u00edv\u00e1ja, amely a szuver\u00e9n \u00e1llamok k\u00f6z\u00f6ss\u00e9g\u00e9t hirdeti, amelyek az EU-n bel\u00fcli kapcsolataikat a szabad a szabaddal, egyenl\u0151 az egyenl\u0151vel elv alapj\u00e1n rendezik. - Ebben a dokumentumban lesz\u00f6gezt\u00fck, hogy a reform c\u00e9lja nem egy sz\u00f6vets\u00e9gi \u00e1llam l\u00e9trehoz\u00e1sa kell, hogy legyen, hanem az Eur\u00f3pai Uni\u00f3 mint szuver\u00e9n nemzet\u00e1llamokat t\u00f6m\u00f6r\u00edt\u0151 nemzetk\u00f6zi szervezet meg\u00faj\u00edt\u00e1sa - mondta a szejm eln\u00f6ke. - Az Eur\u00f3pai Uni\u00f3 f\u00f6der\u00e1ci\u00f3v\u00e1 alak\u00edt\u00e1sa nem fogja megoldani a kontinens legfontosabb jelenlegi probl\u00e9m\u00e1it. Nem fogja felszabad\u00edtani sem a v\u00e1llalkoz\u00f3i, sem a gazdas\u00e1gi szabads\u00e1got a tag\u00e1llamokban, s\u0151t, \u00e9ppen ellenkez\u0151leg, hozz\u00e1j\u00e1rulhat az Eur\u00f3pa-ellenes radik\u00e1lis \u00e9rzelmek \u00e9s attit\u0171d\u00f6k er\u0151s\u00f6d\u00e9s\u00e9hez\" - \u00e9rvelt.<\/p>\n<p>A konferencia k\u00e9t panelb\u0151l \u00e1llt: \"Eur\u00f3pai politik\u00e1k v\u00e1ls\u00e1g idej\u00e9n\", T.G. Grosse professzor moder\u00e1l\u00e1s\u00e1val, \u00e9s \"Milyen j\u00f6v\u0151je van az eur\u00f3pai integr\u00e1ci\u00f3nak?\", Z. Czachor professzor moder\u00e1l\u00e1s\u00e1val.<\/p>\n<p>A panelbesz\u00e9lget\u00e9sen r\u00e9szt vettek t\u00f6bbek k\u00f6z\u00f6tt az UW, SGH, UAM, CEN, UO professzorai. \u00e9s az Eur\u00f3pai Uni\u00f3s \u00dcgyek Bizotts\u00e1g\u00e1nak eln\u00f6ke, Izabela Kloc parlamenti k\u00e9pvisel\u0151.<\/p>\n<p><a href=\"https:\/\/marekkuchcinski.pl\/wp-content\/uploads\/2017\/01\/KU097489-1.jpg\"><img fetchpriority=\"high\" decoding=\"async\" class=\"alignnone size-full wp-image-5030\" src=\"https:\/\/marekkuchcinski.pl\/wp-content\/uploads\/2017\/01\/KU097489-1.jpg\" alt=\"KU097489\" width=\"1301\" height=\"868\" srcset=\"https:\/\/marekkuchcinski.pl\/wp-content\/uploads\/2017\/01\/KU097489-1.jpg 1301w, https:\/\/marekkuchcinski.pl\/wp-content\/uploads\/2017\/01\/KU097489-1-300x200.jpg 300w, https:\/\/marekkuchcinski.pl\/wp-content\/uploads\/2017\/01\/KU097489-1-768x512.jpg 768w, https:\/\/marekkuchcinski.pl\/wp-content\/uploads\/2017\/01\/KU097489-1-1024x683.jpg 1024w\" sizes=\"(max-width: 1301px) 100vw, 1301px\" \/><\/a><a href=\"https:\/\/marekkuchcinski.pl\/wp-content\/uploads\/2017\/01\/KU097886.jpg\"><img decoding=\"async\" class=\"alignnone size-full wp-image-5032\" src=\"https:\/\/marekkuchcinski.pl\/wp-content\/uploads\/2017\/01\/KU097886.jpg\" alt=\"KU097886\" width=\"1800\" height=\"1200\" srcset=\"https:\/\/marekkuchcinski.pl\/wp-content\/uploads\/2017\/01\/KU097886.jpg 1800w, https:\/\/marekkuchcinski.pl\/wp-content\/uploads\/2017\/01\/KU097886-300x200.jpg 300w, https:\/\/marekkuchcinski.pl\/wp-content\/uploads\/2017\/01\/KU097886-768x512.jpg 768w, https:\/\/marekkuchcinski.pl\/wp-content\/uploads\/2017\/01\/KU097886-1024x683.jpg 1024w\" sizes=\"(max-width: 1800px) 100vw, 1800px\" \/><\/a> <a href=\"https:\/\/marekkuchcinski.pl\/wp-content\/uploads\/2017\/01\/KU097844.jpg\"><img decoding=\"async\" class=\"alignnone size-full wp-image-5033\" src=\"https:\/\/marekkuchcinski.pl\/wp-content\/uploads\/2017\/01\/KU097844.jpg\" alt=\"KU097844\" width=\"1800\" height=\"1200\" srcset=\"https:\/\/marekkuchcinski.pl\/wp-content\/uploads\/2017\/01\/KU097844.jpg 1800w, https:\/\/marekkuchcinski.pl\/wp-content\/uploads\/2017\/01\/KU097844-300x200.jpg 300w, https:\/\/marekkuchcinski.pl\/wp-content\/uploads\/2017\/01\/KU097844-768x512.jpg 768w, https:\/\/marekkuchcinski.pl\/wp-content\/uploads\/2017\/01\/KU097844-1024x683.jpg 1024w\" sizes=\"(max-width: 1800px) 100vw, 1800px\" \/><\/a> <a href=\"https:\/\/marekkuchcinski.pl\/wp-content\/uploads\/2017\/01\/KU097740.jpg\"><img loading=\"lazy\" decoding=\"async\" class=\"alignnone size-full wp-image-5034\" src=\"https:\/\/marekkuchcinski.pl\/wp-content\/uploads\/2017\/01\/KU097740.jpg\" alt=\"KU097740\" width=\"1800\" height=\"1200\" srcset=\"https:\/\/marekkuchcinski.pl\/wp-content\/uploads\/2017\/01\/KU097740.jpg 1800w, https:\/\/marekkuchcinski.pl\/wp-content\/uploads\/2017\/01\/KU097740-300x200.jpg 300w, https:\/\/marekkuchcinski.pl\/wp-content\/uploads\/2017\/01\/KU097740-768x512.jpg 768w, https:\/\/marekkuchcinski.pl\/wp-content\/uploads\/2017\/01\/KU097740-1024x683.jpg 1024w\" sizes=\"(max-width: 1800px) 100vw, 1800px\" \/><\/a><\/p>\n<p>&nbsp;<\/p>\n<p>&nbsp;<\/p>\n<p>&nbsp;<\/p>","protected":false},"excerpt":{"rendered":"<p>Marsza\u0142ek Sejmu Marek Kuchci\u0144ski obj\u0105\u0142 patronatem konferencj\u0119 \u201ePrzysz\u0142o\u015b\u0107 integracji europejskiej\u201d, maj\u0105cej odpowiedzie\u0107 na pytania, \u00a0jaka jest przysz\u0142o\u015b\u0107 integracji europejskiej i jak powinny wygl\u0105da\u0107 polityki europejskie, aby przezwyci\u0119\u017cy\u0107 kryzys. Inauguruj\u0105cy konferencj\u0119 marsza\u0142ek Sejmu wyrazi\u0142 nadziej\u0119 na prze\u0142om, jaki mo\u017ce nast\u0105pi\u0107 w unijnej polityce podczas obchod\u00f3w rocznicy powstania traktat\u00f3w rzymskich. \u2013 Wst\u0119pne decyzje w Rzymie b\u0119d\u0105 musia\u0142y [&hellip;]<\/p>\n","protected":false},"author":6,"featured_media":5036,"comment_status":"open","ping_status":"open","sticky":false,"template":"","format":"standard","meta":{"ngg_post_thumbnail":0,"footnotes":""},"categories":[81,50,3],"tags":[],"class_list":["post-5028","post","type-post","status-publish","format-standard","has-post-thumbnail","hentry","category-wiesci-z-sejmu","category-wspolpraca-miedzynarodowa","category-wydarzenia"],"_links":{"self":[{"href":"https:\/\/marekkuchcinski.pl\/hu\/wp-json\/wp\/v2\/posts\/5028","targetHints":{"allow":["GET"]}}],"collection":[{"href":"https:\/\/marekkuchcinski.pl\/hu\/wp-json\/wp\/v2\/posts"}],"about":[{"href":"https:\/\/marekkuchcinski.pl\/hu\/wp-json\/wp\/v2\/types\/post"}],"author":[{"embeddable":true,"href":"https:\/\/marekkuchcinski.pl\/hu\/wp-json\/wp\/v2\/users\/6"}],"replies":[{"embeddable":true,"href":"https:\/\/marekkuchcinski.pl\/hu\/wp-json\/wp\/v2\/comments?post=5028"}],"version-history":[{"count":5,"href":"https:\/\/marekkuchcinski.pl\/hu\/wp-json\/wp\/v2\/posts\/5028\/revisions"}],"predecessor-version":[{"id":5047,"href":"https:\/\/marekkuchcinski.pl\/hu\/wp-json\/wp\/v2\/posts\/5028\/revisions\/5047"}],"wp:featuredmedia":[{"embeddable":true,"href":"https:\/\/marekkuchcinski.pl\/hu\/wp-json\/wp\/v2\/media\/5036"}],"wp:attachment":[{"href":"https:\/\/marekkuchcinski.pl\/hu\/wp-json\/wp\/v2\/media?parent=5028"}],"wp:term":[{"taxonomy":"category","embeddable":true,"href":"https:\/\/marekkuchcinski.pl\/hu\/wp-json\/wp\/v2\/categories?post=5028"},{"taxonomy":"post_tag","embeddable":true,"href":"https:\/\/marekkuchcinski.pl\/hu\/wp-json\/wp\/v2\/tags?post=5028"}],"curies":[{"name":"wp","href":"https:\/\/api.w.org\/{rel}","templated":true}]}}