{"id":5012,"date":"2017-01-16T12:36:04","date_gmt":"2017-01-16T11:36:04","guid":{"rendered":"https:\/\/marekkuchcinski.pl\/?p=5012"},"modified":"2017-01-16T15:29:16","modified_gmt":"2017-01-16T14:29:16","slug":"spotkanie-oplatkowe-prawa-sprawiedliwosci-przemyslu","status":"publish","type":"post","link":"https:\/\/marekkuchcinski.pl\/hu\/wydarzenia\/spotkanie-oplatkowe-prawa-sprawiedliwosci-przemyslu\/","title":{"rendered":"A Jog \u00e9s Igazs\u00e1goss\u00e1g kar\u00e1csonyi osty\u00e1s tal\u00e1lkoz\u00f3ja Przemy\u015blben"},"content":{"rendered":"<p>janu\u00e1r 8. a przemy\u015bli templomban\u00a0<b>\u00a0<\/b>A Podhale-i Skrzypnianie egy\u00fcttes a n\u00e9hai Wladyslaw Bukowski - a przemysli v\u00e1rosi tan\u00e1cs eln\u00f6ke - eml\u00e9k\u00e9re \u00e9nekelt.<\/p>\n<p>Az esem\u00e9nyt Marek Kuchci\u0144ski, a szejm eln\u00f6ke tiszteletbeli v\u00e9dn\u00f6ks\u00e9ge alatt tartott\u00e1k. A zenekar egy ciupag\u00e1val aj\u00e1nd\u00e9kozta meg a h\u00e1zeln\u00f6k\u00f6t...<\/p>\n<p><a href=\"https:\/\/marekkuchcinski.pl\/wp-content\/uploads\/2017\/01\/20170109_152648-800x445.jpg\"><img fetchpriority=\"high\" decoding=\"async\" class=\"alignnone size-full wp-image-5018\" src=\"https:\/\/marekkuchcinski.pl\/wp-content\/uploads\/2017\/01\/20170109_152648-800x445.jpg\" alt=\"20170109_152648-800x445\" width=\"800\" height=\"445\" srcset=\"https:\/\/marekkuchcinski.pl\/wp-content\/uploads\/2017\/01\/20170109_152648-800x445.jpg 800w, https:\/\/marekkuchcinski.pl\/wp-content\/uploads\/2017\/01\/20170109_152648-800x445-300x167.jpg 300w, https:\/\/marekkuchcinski.pl\/wp-content\/uploads\/2017\/01\/20170109_152648-800x445-768x427.jpg 768w\" sizes=\"(max-width: 800px) 100vw, 800px\" \/><\/a><\/p>\n<p>...amelyet a PiS \u00faj\u00e9vi \u00fcl\u00e9s\u00e9n adtak \u00e1t Przemy\u015blben.<\/p>\n<p><a href=\"https:\/\/marekkuchcinski.pl\/wp-content\/uploads\/2017\/01\/unnamed-003.jpg\"><img decoding=\"async\" class=\"alignnone size-full wp-image-5014\" src=\"https:\/\/marekkuchcinski.pl\/wp-content\/uploads\/2017\/01\/unnamed-003.jpg\" alt=\"unnamed-003\" width=\"989\" height=\"661\" srcset=\"https:\/\/marekkuchcinski.pl\/wp-content\/uploads\/2017\/01\/unnamed-003.jpg 989w, https:\/\/marekkuchcinski.pl\/wp-content\/uploads\/2017\/01\/unnamed-003-300x201.jpg 300w, https:\/\/marekkuchcinski.pl\/wp-content\/uploads\/2017\/01\/unnamed-003-768x513.jpg 768w\" sizes=\"(max-width: 989px) 100vw, 989px\" \/><\/a><\/p>\n<p><a href=\"https:\/\/marekkuchcinski.pl\/wp-content\/uploads\/2017\/01\/IMG_8552.jpg\"><img decoding=\"async\" class=\"alignnone size-full wp-image-5013\" src=\"https:\/\/marekkuchcinski.pl\/wp-content\/uploads\/2017\/01\/IMG_8552.jpg\" alt=\"IMG_8552\" width=\"2170\" height=\"2327\" srcset=\"https:\/\/marekkuchcinski.pl\/wp-content\/uploads\/2017\/01\/IMG_8552.jpg 1910w, https:\/\/marekkuchcinski.pl\/wp-content\/uploads\/2017\/01\/IMG_8552-280x300.jpg 280w, https:\/\/marekkuchcinski.pl\/wp-content\/uploads\/2017\/01\/IMG_8552-768x824.jpg 768w, https:\/\/marekkuchcinski.pl\/wp-content\/uploads\/2017\/01\/IMG_8552-955x1024.jpg 955w\" sizes=\"(max-width: 2170px) 100vw, 2170px\" \/><\/a><\/p>\n<p>&nbsp;<\/p>","protected":false},"excerpt":{"rendered":"<p>8 stycznia w przemyskiej \u015bwi\u0105tyni\u00a0\u00a0zesp\u00f3\u0142 Skrzypnianie z Podhala kol\u0119dowa\u0142\u00a0ku pami\u0119ci zmar\u0142ego W\u0142adys\u0142awa Bukowskiego \u2013 przewodnicz\u0105cego Rady Miejskiej w\u00a0Przemy\u015blu. Patronat honorowy nad\u00a0wydarzeniem obj\u0105\u0142 marsza\u0142ek Sejmu Marek Kuchci\u0144ski. Zesp\u00f3\u0142 podarowa\u0142 Marsza\u0142kowi ciupag\u0119&#8230; &#8230;kt\u00f3r\u0105 przekazano podczas spotkania noworocznego PiS w Przemy\u015blu. &nbsp;<\/p>","protected":false},"author":6,"featured_media":5015,"comment_status":"open","ping_status":"open","sticky":false,"template":"","format":"standard","meta":{"ngg_post_thumbnail":0,"footnotes":""},"categories":[49,82,3],"tags":[],"class_list":["post-5012","post","type-post","status-publish","format-standard","has-post-thumbnail","hentry","category-podkarpacie","category-prawo-i-sprawiedliwosc","category-wydarzenia"],"_links":{"self":[{"href":"https:\/\/marekkuchcinski.pl\/hu\/wp-json\/wp\/v2\/posts\/5012","targetHints":{"allow":["GET"]}}],"collection":[{"href":"https:\/\/marekkuchcinski.pl\/hu\/wp-json\/wp\/v2\/posts"}],"about":[{"href":"https:\/\/marekkuchcinski.pl\/hu\/wp-json\/wp\/v2\/types\/post"}],"author":[{"embeddable":true,"href":"https:\/\/marekkuchcinski.pl\/hu\/wp-json\/wp\/v2\/users\/6"}],"replies":[{"embeddable":true,"href":"https:\/\/marekkuchcinski.pl\/hu\/wp-json\/wp\/v2\/comments?post=5012"}],"version-history":[{"count":3,"href":"https:\/\/marekkuchcinski.pl\/hu\/wp-json\/wp\/v2\/posts\/5012\/revisions"}],"predecessor-version":[{"id":5019,"href":"https:\/\/marekkuchcinski.pl\/hu\/wp-json\/wp\/v2\/posts\/5012\/revisions\/5019"}],"wp:featuredmedia":[{"embeddable":true,"href":"https:\/\/marekkuchcinski.pl\/hu\/wp-json\/wp\/v2\/media\/5015"}],"wp:attachment":[{"href":"https:\/\/marekkuchcinski.pl\/hu\/wp-json\/wp\/v2\/media?parent=5012"}],"wp:term":[{"taxonomy":"category","embeddable":true,"href":"https:\/\/marekkuchcinski.pl\/hu\/wp-json\/wp\/v2\/categories?post=5012"},{"taxonomy":"post_tag","embeddable":true,"href":"https:\/\/marekkuchcinski.pl\/hu\/wp-json\/wp\/v2\/tags?post=5012"}],"curies":[{"name":"wp","href":"https:\/\/api.w.org\/{rel}","templated":true}]}}