{"id":5005,"date":"2017-01-13T11:20:18","date_gmt":"2017-01-13T10:20:18","guid":{"rendered":"https:\/\/marekkuchcinski.pl\/?p=5005"},"modified":"2017-01-13T11:20:18","modified_gmt":"2017-01-13T10:20:18","slug":"34-posiedzenie-sejmu-rp","status":"publish","type":"post","link":"https:\/\/marekkuchcinski.pl\/hu\/wydarzenia\/34-posiedzenie-sejmu-rp\/","title":{"rendered":"A lengyel szejm 34. \u00fcl\u00e9se"},"content":{"rendered":"<p>A Szejm 34. \u00fcl\u00e9s\u00e9nek els\u0151 napja Stanis\u0142aw Hniedziewicz, Longin Komo\u0142owski, Janusz Brochwicz-Lewi\u0144ski, m\u00e1s n\u00e9ven Gryf \u00e9s Maria \u0141opatkowa tisztelet\u00e9re tartott tiszteletad\u00e1ssal kezd\u0151d\u00f6tt.<br \/>\n- Az ellenz\u00e9ki k\u00e9pvisel\u0151k m\u00e1r nem foglalj\u00e1k el a Szejm pulpitus\u00e1t\" - mondta Marek Kuchci\u0144ski h\u00e1zeln\u00f6k a Szejm 34. \u00fcl\u00e9s\u00e9nek m\u00e1sodik napj\u00e1n. - Tekintettel arra, hogy ez a helyzet bizonyos zavarokat okozott, \u00fagy d\u00f6nt\u00f6ttem, hogy m\u00e9lyebb elemz\u00e9st kell k\u00e9sz\u00edtenem a lengyel szejmben az elm\u00falt hetekben t\u00f6rt\u00e9nt esem\u00e9nyekr\u0151l. Hosszabb sz\u00fcnetet kell elrendelni, de miel\u0151tt ezt megtenn\u00e9m, megk\u00e9rek minden k\u00e9pvisel\u0151t, k\u00fcl\u00f6n\u00f6sen a parlamenti bizotts\u00e1gok, test\u00fcletek, k\u00e9toldal\u00fa csoportok \u00e9s a nemzetk\u00f6zi ter\u00fcleten is dolgoz\u00f3 csoportok eln\u00f6keit \u00e9s eln\u00f6ks\u00e9gi tagjait, hogy intenz\u00edven dolgozzanak az elmaradt \u00fcgyek felsz\u00e1mol\u00e1s\u00e1n. Az \u00fcl\u00e9st 2017. janu\u00e1r 25-\u00e9n 9 \u00f3r\u00e1ra berekesztem.<\/p>\n<p><a href=\"https:\/\/marekkuchcinski.pl\/wp-content\/uploads\/2017\/01\/KU095422.jpg\"><img fetchpriority=\"high\" decoding=\"async\" class=\"alignnone size-full wp-image-5006\" src=\"https:\/\/marekkuchcinski.pl\/wp-content\/uploads\/2017\/01\/KU095422.jpg\" alt=\"KU095422\" width=\"1800\" height=\"1200\" srcset=\"https:\/\/marekkuchcinski.pl\/wp-content\/uploads\/2017\/01\/KU095422.jpg 1800w, https:\/\/marekkuchcinski.pl\/wp-content\/uploads\/2017\/01\/KU095422-300x200.jpg 300w, https:\/\/marekkuchcinski.pl\/wp-content\/uploads\/2017\/01\/KU095422-768x512.jpg 768w, https:\/\/marekkuchcinski.pl\/wp-content\/uploads\/2017\/01\/KU095422-1024x683.jpg 1024w\" sizes=\"(max-width: 1800px) 100vw, 1800px\" \/><\/a><a href=\"https:\/\/marekkuchcinski.pl\/wp-content\/uploads\/2017\/01\/KU095057.jpg\"><img decoding=\"async\" class=\"alignnone size-full wp-image-5007\" src=\"https:\/\/marekkuchcinski.pl\/wp-content\/uploads\/2017\/01\/KU095057.jpg\" alt=\"KU095057\" width=\"1800\" height=\"1200\" srcset=\"https:\/\/marekkuchcinski.pl\/wp-content\/uploads\/2017\/01\/KU095057.jpg 1800w, https:\/\/marekkuchcinski.pl\/wp-content\/uploads\/2017\/01\/KU095057-300x200.jpg 300w, https:\/\/marekkuchcinski.pl\/wp-content\/uploads\/2017\/01\/KU095057-768x512.jpg 768w, https:\/\/marekkuchcinski.pl\/wp-content\/uploads\/2017\/01\/KU095057-1024x683.jpg 1024w\" sizes=\"(max-width: 1800px) 100vw, 1800px\" \/><\/a> <a href=\"https:\/\/marekkuchcinski.pl\/wp-content\/uploads\/2017\/01\/KA201844.jpg\"><img decoding=\"async\" class=\"alignnone size-full wp-image-5008\" src=\"https:\/\/marekkuchcinski.pl\/wp-content\/uploads\/2017\/01\/KA201844.jpg\" alt=\"KA201844\" width=\"1800\" height=\"1200\" srcset=\"https:\/\/marekkuchcinski.pl\/wp-content\/uploads\/2017\/01\/KA201844.jpg 1800w, https:\/\/marekkuchcinski.pl\/wp-content\/uploads\/2017\/01\/KA201844-300x200.jpg 300w, https:\/\/marekkuchcinski.pl\/wp-content\/uploads\/2017\/01\/KA201844-768x512.jpg 768w, https:\/\/marekkuchcinski.pl\/wp-content\/uploads\/2017\/01\/KA201844-1024x683.jpg 1024w\" sizes=\"(max-width: 1800px) 100vw, 1800px\" \/><\/a> <a href=\"https:\/\/marekkuchcinski.pl\/wp-content\/uploads\/2017\/01\/KA201840-2.jpg\"><img loading=\"lazy\" decoding=\"async\" class=\"alignnone size-full wp-image-5009\" src=\"https:\/\/marekkuchcinski.pl\/wp-content\/uploads\/2017\/01\/KA201840-2.jpg\" alt=\"KA201840-2\" width=\"1800\" height=\"1200\" srcset=\"https:\/\/marekkuchcinski.pl\/wp-content\/uploads\/2017\/01\/KA201840-2.jpg 1800w, https:\/\/marekkuchcinski.pl\/wp-content\/uploads\/2017\/01\/KA201840-2-300x200.jpg 300w, https:\/\/marekkuchcinski.pl\/wp-content\/uploads\/2017\/01\/KA201840-2-768x512.jpg 768w, https:\/\/marekkuchcinski.pl\/wp-content\/uploads\/2017\/01\/KA201840-2-1024x683.jpg 1024w\" sizes=\"(max-width: 1800px) 100vw, 1800px\" \/><\/a> <a href=\"https:\/\/marekkuchcinski.pl\/wp-content\/uploads\/2017\/01\/KU094064.jpg\"><img loading=\"lazy\" decoding=\"async\" class=\"alignnone size-full wp-image-5010\" src=\"https:\/\/marekkuchcinski.pl\/wp-content\/uploads\/2017\/01\/KU094064.jpg\" alt=\"KU094064\" width=\"1800\" height=\"1200\" srcset=\"https:\/\/marekkuchcinski.pl\/wp-content\/uploads\/2017\/01\/KU094064.jpg 1800w, https:\/\/marekkuchcinski.pl\/wp-content\/uploads\/2017\/01\/KU094064-300x200.jpg 300w, https:\/\/marekkuchcinski.pl\/wp-content\/uploads\/2017\/01\/KU094064-768x512.jpg 768w, https:\/\/marekkuchcinski.pl\/wp-content\/uploads\/2017\/01\/KU094064-1024x683.jpg 1024w\" sizes=\"(max-width: 1800px) 100vw, 1800px\" \/><\/a><\/p>","protected":false},"excerpt":{"rendered":"<p>Pierwszy dzie\u0144 34. posiedzenia Sejmu pos\u0142owie zacz\u0119li od z\u0142o\u017cenia ho\u0142du\u00a0Stanis\u0142awowi Hniedziewiczowi, Longinowi Komo\u0142owskiego, Januszowi Brochwicz-Lewi\u0144skiemu ps. Gryf i Marii \u0141opatkowej. \u2013 Pos\u0142owie opozycji przestaj\u0105 okupowa\u0107 sejmow\u0105 m\u00f3wnic\u0119 \u2013 powiedzia\u0142 podczas drugiego dnia 34. posiedzenia Sejmu marsza\u0142ek Marek Kuchci\u0144ski. \u2013 W zwi\u0105zku z tym, \u017ce ta sytuacja spowodowa\u0142a pewne perturbacje, uzna\u0142em, \u017ce trzeba dokona\u0107 g\u0142\u0119bszej analizy [&hellip;]<\/p>\n","protected":false},"author":6,"featured_media":5006,"comment_status":"open","ping_status":"open","sticky":false,"template":"","format":"standard","meta":{"ngg_post_thumbnail":0,"footnotes":""},"categories":[81,3],"tags":[],"class_list":["post-5005","post","type-post","status-publish","format-standard","has-post-thumbnail","hentry","category-wiesci-z-sejmu","category-wydarzenia"],"_links":{"self":[{"href":"https:\/\/marekkuchcinski.pl\/hu\/wp-json\/wp\/v2\/posts\/5005","targetHints":{"allow":["GET"]}}],"collection":[{"href":"https:\/\/marekkuchcinski.pl\/hu\/wp-json\/wp\/v2\/posts"}],"about":[{"href":"https:\/\/marekkuchcinski.pl\/hu\/wp-json\/wp\/v2\/types\/post"}],"author":[{"embeddable":true,"href":"https:\/\/marekkuchcinski.pl\/hu\/wp-json\/wp\/v2\/users\/6"}],"replies":[{"embeddable":true,"href":"https:\/\/marekkuchcinski.pl\/hu\/wp-json\/wp\/v2\/comments?post=5005"}],"version-history":[{"count":1,"href":"https:\/\/marekkuchcinski.pl\/hu\/wp-json\/wp\/v2\/posts\/5005\/revisions"}],"predecessor-version":[{"id":5011,"href":"https:\/\/marekkuchcinski.pl\/hu\/wp-json\/wp\/v2\/posts\/5005\/revisions\/5011"}],"wp:featuredmedia":[{"embeddable":true,"href":"https:\/\/marekkuchcinski.pl\/hu\/wp-json\/wp\/v2\/media\/5006"}],"wp:attachment":[{"href":"https:\/\/marekkuchcinski.pl\/hu\/wp-json\/wp\/v2\/media?parent=5005"}],"wp:term":[{"taxonomy":"category","embeddable":true,"href":"https:\/\/marekkuchcinski.pl\/hu\/wp-json\/wp\/v2\/categories?post=5005"},{"taxonomy":"post_tag","embeddable":true,"href":"https:\/\/marekkuchcinski.pl\/hu\/wp-json\/wp\/v2\/tags?post=5005"}],"curies":[{"name":"wp","href":"https:\/\/api.w.org\/{rel}","templated":true}]}}